{"id":4572,"date":"2025-02-13T12:22:03","date_gmt":"2025-02-13T15:22:03","guid":{"rendered":"https:\/\/13.com.ar\/index.php\/perdio-el-control-de-su-auto-choco-de-frente-contra-un-poste-y-murio-su-esposa\/"},"modified":"2025-02-13T12:22:03","modified_gmt":"2025-02-13T15:22:03","slug":"perdio-el-control-de-su-auto-choco-de-frente-contra-un-poste-y-murio-su-esposa","status":"publish","type":"post","link":"https:\/\/13.com.ar\/index.php\/perdio-el-control-de-su-auto-choco-de-frente-contra-un-poste-y-murio-su-esposa\/","title":{"rendered":"perdi\u00f3 el control de su auto, choc\u00f3 de frente contra un poste y muri\u00f3 su esposa"},"content":{"rendered":"<p> <br \/>\n<br \/><img decoding=\"async\" src=\"https:\/\/13.com.ar\/wp-content\/uploads\/2025\/02\/perdio-el-control-de-su-auto-choco-de-frente-contra.jpg\" \/><\/p>\n<div>\n<p>Un viaje en la ruta que parec\u00eda tranquilo cambio de repente y<strong> se cobr\u00f3 la vida de una jubilada de 77 a\u00f1os<\/strong>. El auto que manejaba choc\u00f3 contra una columna de alumbrado en la rotonda que conecta las rutas 215 y la 6, en las afueras de<strong> La Plata.<\/strong> En el lugar trabaj\u00f3 la Comisar\u00eda 15\u00b0 de Lisandro Olmos.<\/p>\n<\/div>\n<div>\n<p>El hecho ocurri\u00f3 en la ma\u00f1ana de este mi\u00e9rcoles, cuando un Volkswagen Gol gris mordi\u00f3 el cord\u00f3n de la calzada del camino, lo que desencaden\u00f3 que el conductor perdiera el control del veh\u00edculo, y terminara impactando en un poste de luz ubicado en la zona.<\/p>\n<\/div>\n<div>\n<p>En las im\u00e1genes difundidas se puede ver al veh\u00edculo incrustado contra la columna, y toda la parte delantera de la carrocer\u00eda hundida por el fuerte impacto. El auto qued\u00f3 completamente destrozado y las causas del choque fatal a\u00fan estaban siendo investigadas. <\/p>\n<\/div>\n<div>\n<p>La v\u00edctima, identificada como<strong> Irma Concepci\u00f3n Godoy<\/strong>, con domicilio en la localidad de Pilar, viajaba en el asiento del acompa\u00f1ante. <strong>Sufri\u00f3 fracturas expuestas en las piernas y golpes en el cuerpo.<\/strong><\/p>\n<\/div>\n<div>\n<p>Tras el accidente, la mujer fue trasladada al hospital Alejandro Korn de Melchor Romero, donde ingres\u00f3 a la guardia, pero lamentablemente perdi\u00f3 la vida.<\/p>\n<\/div>\n<div>\n<p><strong>El veh\u00edculo era manejado por su esposo, de 76 a\u00f1os, qui\u00e9n sufri\u00f3 heridas leves<\/strong> y fue trasladado a la Unidad de Pronta Atenci\u00f3n (UPA) de la localidad de Los Hornos.<\/p>\n<\/div>\n<div>\n<p>Por otra parte, la hija del matrimonio, de 51 a\u00f1os y que iba en el asiento trasero, tambi\u00e9n sufri\u00f3 heridas que no fueron de gravedad.<\/p>\n<\/div>\n<div>\n<p>El caso fue tomado por la Unidad Fiscal de Instrucci\u00f3n N\u00b012 de delitos culposos del departamento judicial de La Plata. Tras el fallecimiento de la v\u00edctima, la car\u00e1tula qued\u00f3 titulada como <em>&#8220;homicidio culposo&#8221;.<\/em><\/p>\n<\/div>\n<div>\n<p>A partir de ello, se orden\u00f3 que el lugar sea preservado para poder realizar las pericias correspondientes. Tambi\u00e9n se pidi\u00f3 la autopsia de la v\u00edctima para constatar las causales de su muerte.<\/p>\n<\/div>\n<p><br \/>\n<br \/><a href=\"https:\/\/www.clarin.com\/policiales\/choque-plata-muerte-jubilada-transito_0_JWBZkJmuOt.html\">Fuente Clarin.com <\/a><\/p>\n","protected":false},"excerpt":{"rendered":"<p>Un viaje en la ruta que parec\u00eda tranquilo cambio de repente y se cobr\u00f3 la vida de una jubilada de 77 a\u00f1os. El auto que manejaba choc\u00f3 contra una columna de alumbrado en la rotonda que conecta las rutas 215 y la 6, en las afueras de La Plata. En el lugar trabaj\u00f3 la Comisar\u00eda [&hellip;]<\/p>\n","protected":false},"author":1,"featured_media":4573,"comment_status":"open","ping_status":"open","sticky":false,"template":"","format":"standard","meta":{"footnotes":""},"categories":[2],"tags":[430,900,835,645,1648,802,611,88,6603],"class_list":["post-4572","post","type-post","status-publish","format-standard","has-post-thumbnail","hentry","category-ultimas-noticias","tag-auto","tag-choco","tag-contra","tag-control","tag-esposa","tag-frente","tag-murio","tag-perdio","tag-poste"],"_links":{"self":[{"href":"https:\/\/13.com.ar\/index.php\/wp-json\/wp\/v2\/posts\/4572","targetHints":{"allow":["GET"]}}],"collection":[{"href":"https:\/\/13.com.ar\/index.php\/wp-json\/wp\/v2\/posts"}],"about":[{"href":"https:\/\/13.com.ar\/index.php\/wp-json\/wp\/v2\/types\/post"}],"author":[{"embeddable":true,"href":"https:\/\/13.com.ar\/index.php\/wp-json\/wp\/v2\/users\/1"}],"replies":[{"embeddable":true,"href":"https:\/\/13.com.ar\/index.php\/wp-json\/wp\/v2\/comments?post=4572"}],"version-history":[{"count":0,"href":"https:\/\/13.com.ar\/index.php\/wp-json\/wp\/v2\/posts\/4572\/revisions"}],"wp:featuredmedia":[{"embeddable":true,"href":"https:\/\/13.com.ar\/index.php\/wp-json\/wp\/v2\/media\/4573"}],"wp:attachment":[{"href":"https:\/\/13.com.ar\/index.php\/wp-json\/wp\/v2\/media?parent=4572"}],"wp:term":[{"taxonomy":"category","embeddable":true,"href":"https:\/\/13.com.ar\/index.php\/wp-json\/wp\/v2\/categories?post=4572"},{"taxonomy":"post_tag","embeddable":true,"href":"https:\/\/13.com.ar\/index.php\/wp-json\/wp\/v2\/tags?post=4572"}],"curies":[{"name":"wp","href":"https:\/\/api.w.org\/{rel}","templated":true}]}}