{"id":4551,"date":"2025-02-13T11:32:56","date_gmt":"2025-02-13T14:32:56","guid":{"rendered":"https:\/\/13.com.ar\/index.php\/abandonan-su-plan-de-crear-la-tercera-automotriz-a-nivel-mundial\/"},"modified":"2025-02-13T11:32:56","modified_gmt":"2025-02-13T14:32:56","slug":"abandonan-su-plan-de-crear-la-tercera-automotriz-a-nivel-mundial","status":"publish","type":"post","link":"https:\/\/13.com.ar\/index.php\/abandonan-su-plan-de-crear-la-tercera-automotriz-a-nivel-mundial\/","title":{"rendered":"abandonan su plan de crear la tercera automotriz a nivel mundial"},"content":{"rendered":"<p> <br \/>\n<\/p>\n<div id=\"cuerpo\">\n<div class=\"sc-80531b6b-0 chRIGJ container-text text-embed\">\n<p>Las automotrices japonesas <strong>Honda y Nissan<\/strong> confirmaron este jueves que <strong>abandonaron el proyecto para una fusi\u00f3n<\/strong>, un plan anunciado en diciembre que buscaba crear el <strong>tercer mayor fabricante<\/strong> de veh\u00edculos del mundo.<\/p>\n<\/div>\n<div class=\"sc-80531b6b-0 chRIGJ container-text text-embed\">\n<p>&#13;<br \/>\n Las empresas anunciaron en un comunicado conjunto que &#8220;acordaron&#8221; terminar con el memorando de entendimiento para una integraci\u00f3n, firmado a finales de diciembre de 2024. <\/p>\n<\/div>\n<div class=\"sc-80531b6b-0 chRIGJ container-text text-embed\">\n<p>El proyecto de fusi\u00f3n buscaba crear sinergias para competir con los gigantes del sector de autos el\u00e9ctricos como el estadounidense<strong> Tesla <\/strong>y las <strong>empresas chinas.<\/strong><\/p>\n<\/div>\n<div class=\"sc-80531b6b-0 chRIGJ container-text text-embed\">\n<p>&#13;<br \/>\n &#8220;Es muy lamentable que ambas empresas no hayan logrado llegar a un acuerdo&#8221;, declar\u00f3 a los periodistas el presidente ejecutivo de Honda, Toshihiro Mibe.<\/p>\n<\/div>\n<div class=\"sc-80531b6b-0 chRIGJ container-text text-embed\">\n<p>Mibe insisti\u00f3 en diciembre que el plan <strong>no se trataba de un rescate financiero para Nissan<\/strong>, que el a\u00f1o pasado anunci\u00f3 el <strong>recorte de miles de puestos de trabajo<\/strong> luego de una<strong> ca\u00edda de 93% en sus beneficios netos<\/strong> del primer semestre de 2024.<\/p>\n<\/div>\n<div class=\"sc-80531b6b-0 chRIGJ container-text text-embed\">\n<p>Lo que llev\u00f3 al fracaso del acuerdo es que <strong>Honda pretend\u00eda convertir a Nissan en una filial,<\/strong> en lugar de integrarla bajo un nuevo &#8220;holding&#8221;, como estaba previsto en el plan de diciembre.<\/p>\n<\/div>\n<div class=\"sc-198be8ec-0 cynXbu image-embed  image-embed \"><picture class=\"sc-198be8ec-1 kOjRiQ\"><source media=\"(min-width: 975px)\" width=\"720\" height=\"480\" \/><img alt=\"EL CEO de Nissan Motor, Makoto Uchida, dio una conferencia para anunciar el fin de las conversaciones con Honda.Foto EFE\" loading=\"lazy\" width=\"720\" height=\"480\" decoding=\"async\" data-nimg=\"1\" style=\"color:transparent\" src=\"https:\/\/13.com.ar\/wp-content\/uploads\/2025\/02\/abandonan-su-plan-de-crear-la-tercera-automotriz-a-nivel.jpg\"\/><span class=\"epigraphe\">EL CEO de Nissan Motor, Makoto Uchida, dio una conferencia para anunciar el fin de las conversaciones con Honda.Foto EFE<\/span><span class=\"bkg\"\/><span class=\"picture-open\"><button class=\"open-image\" aria-label=\"Open Image\"\/><\/span><\/picture><\/div>\n<div class=\"sc-80531b6b-0 chRIGJ container-text text-embed\">\n<p>&#13;<br \/>\n En el comunicado conjunto, las empresas confirmaron que Honda &#8220;propuso cambiar la estructura, pasando de establecer una sociedad conjunta de &#8216;holding&#8217; (&#8230;) a una estructura en la que Honda ser\u00eda la empresa matriz y Nissan la filial mediante un intercambio de acciones&#8221;.<\/p>\n<\/div>\n<div class=\"sc-80531b6b-0 chRIGJ container-text text-embed\">\n<p>&#13;<br \/>\n &#8220;Como resultado de estas conversaciones, las dos empresas concluyeron que, para priorizar la rapidez en la toma y ejecuci\u00f3n de decisiones en un mercado cada vez m\u00e1s vol\u00e1til al entrar en la era de los veh\u00edculos el\u00e9ctricos, ser\u00eda m\u00e1s apropiado cesar las discusiones&#8221;, seg\u00fan el comunicado.<\/p>\n<\/div>\n<div class=\"sc-80531b6b-0 chRIGJ container-text text-embed\">\n<p>No obstante, indicaron que<strong> seguir\u00e1n &#8220;colaborando<\/strong> en el marco de una <strong>alianza estrat\u00e9gica<\/strong> dirigida a la <strong>nueva era de los veh\u00edculos inteligentes y el\u00e9ctricos,<\/strong> buscando crear valor y maximizar el valor corporativo de ambas empresas&#8221;.<\/p>\n<\/div>\n<div class=\"sc-80531b6b-0 chRIGJ container-text text-embed\">\n<p>&#13;<br \/>\n La cancelaci\u00f3n de las negociaciones de fusi\u00f3n no tendr\u00e1n un impacto en los ingresos de ambas empresas, afirmaron los fabricantes. <\/p>\n<\/div>\n<div class=\"sc-80531b6b-0 chRIGJ container-text text-embed\">\n<p><strong>Nissan anunci\u00f3 el jueves que espera p\u00e9rdidas netas<\/strong> de 80.000 millones de yenes <strong>(518 millones de d\u00f3lares)<\/strong> en el a\u00f1o fiscal que termina en marzo, un panorama muy distinto a los 426.600 millones de yenes de beneficios que logr\u00f3 en el ejercicio anterior.<\/p>\n<\/div>\n<div class=\"sc-80531b6b-0 chRIGJ container-text text-embed\">\n<p><strong>Honda<\/strong> report\u00f3 una ganancia neta de 805.300 millones de yenes (<strong>5.200 millones de d\u00f3lares)<\/strong> en el periodo de nueve meses terminado en diciembre.<\/p>\n<\/div>\n<div class=\"sc-80531b6b-0 chRIGJ container-text text-embed\">\n<p>Estos resultados representan una baja interanual de 7,4%, atribuida a la ca\u00edda de las ventas en China, pese a que en todo el mundo los despachos subieron un 8,9% a 16,3 billones de yenes.<\/p>\n<\/div>\n<p><h2>Qu\u00e9 pasa con Nissan en la Argentina<\/h2>\n<\/p>\n<div class=\"sc-80531b6b-0 chRIGJ container-text text-embed\">\n<p>En el marco de la crisis financiera y el fin de una posible fusi\u00f3n con Honda,<strong> en la Argentina los planes de Nissan tambi\u00e9n est\u00e1n tambaleando<\/strong>. La empresa recort\u00f3 a un solo turno su producci\u00f3n durante este a\u00f1o de <strong>la pickup Frontier<\/strong> que fabrica en la planta cordobesa de Renault en Santa Isabel.<\/p>\n<\/div>\n<div class=\"sc-80531b6b-0 chRIGJ container-text text-embed\">\n<p>Adem\u00e1s, est\u00e1 en duda el proyecto que la empresa ten\u00eda que producir en el pa\u00eds la nueva generaci\u00f3n de la Frontier a partir de 2026, el denominado <strong>proyecto H60E.<\/strong><\/p>\n<\/div>\n<div class=\"sc-80531b6b-0 chRIGJ container-text text-embed\">\n<p>La l\u00ednea de Nissan en C\u00f3rdoba comenz\u00f3 el a\u00f1o con la suspensi\u00f3n de alrededor de 250 trabajadores y con una semana de paro de actividades por el atraso de un buque que tra\u00eda un insumo de M\u00e9xico, lo cual gener\u00f3 muchas dudas en el sector. <\/p>\n<\/div>\n<\/div>\n<p><br \/>\n<br \/><a href=\"https:\/\/www.clarin.com\/economia\/fracasa-fusion-honda-nissan-abandonan-plan-crear-tercera-automotriz-nivel-mundial_0_20tsNLjgr5.html\">Fuente Clarin.com <\/a><\/p>\n","protected":false},"excerpt":{"rendered":"<p>Las automotrices japonesas Honda y Nissan confirmaron este jueves que abandonaron el proyecto para una fusi\u00f3n, un plan anunciado en diciembre que buscaba crear el tercer mayor fabricante de veh\u00edculos del mundo. &#13; Las empresas anunciaron en un comunicado conjunto que &#8220;acordaron&#8221; terminar con el memorando de entendimiento para una integraci\u00f3n, firmado a finales de [&hellip;]<\/p>\n","protected":false},"author":1,"featured_media":4552,"comment_status":"open","ping_status":"open","sticky":false,"template":"","format":"standard","meta":{"footnotes":""},"categories":[2],"tags":[6582,5561,6583,1612,991,33,1059],"class_list":["post-4551","post","type-post","status-publish","format-standard","has-post-thumbnail","hentry","category-ultimas-noticias","tag-abandonan","tag-automotriz","tag-crear","tag-mundial","tag-nivel","tag-plan","tag-tercera"],"_links":{"self":[{"href":"https:\/\/13.com.ar\/index.php\/wp-json\/wp\/v2\/posts\/4551","targetHints":{"allow":["GET"]}}],"collection":[{"href":"https:\/\/13.com.ar\/index.php\/wp-json\/wp\/v2\/posts"}],"about":[{"href":"https:\/\/13.com.ar\/index.php\/wp-json\/wp\/v2\/types\/post"}],"author":[{"embeddable":true,"href":"https:\/\/13.com.ar\/index.php\/wp-json\/wp\/v2\/users\/1"}],"replies":[{"embeddable":true,"href":"https:\/\/13.com.ar\/index.php\/wp-json\/wp\/v2\/comments?post=4551"}],"version-history":[{"count":0,"href":"https:\/\/13.com.ar\/index.php\/wp-json\/wp\/v2\/posts\/4551\/revisions"}],"wp:featuredmedia":[{"embeddable":true,"href":"https:\/\/13.com.ar\/index.php\/wp-json\/wp\/v2\/media\/4552"}],"wp:attachment":[{"href":"https:\/\/13.com.ar\/index.php\/wp-json\/wp\/v2\/media?parent=4551"}],"wp:term":[{"taxonomy":"category","embeddable":true,"href":"https:\/\/13.com.ar\/index.php\/wp-json\/wp\/v2\/categories?post=4551"},{"taxonomy":"post_tag","embeddable":true,"href":"https:\/\/13.com.ar\/index.php\/wp-json\/wp\/v2\/tags?post=4551"}],"curies":[{"name":"wp","href":"https:\/\/api.w.org\/{rel}","templated":true}]}}