{"id":4549,"date":"2025-02-13T11:30:08","date_gmt":"2025-02-13T14:30:08","guid":{"rendered":"https:\/\/13.com.ar\/index.php\/antecedentes-por-droga-y-un-pedido-de-asilo-rechazado\/"},"modified":"2025-02-13T11:30:08","modified_gmt":"2025-02-13T14:30:08","slug":"antecedentes-por-droga-y-un-pedido-de-asilo-rechazado","status":"publish","type":"post","link":"https:\/\/13.com.ar\/index.php\/antecedentes-por-droga-y-un-pedido-de-asilo-rechazado\/","title":{"rendered":"antecedentes por droga y un pedido de asilo rechazado"},"content":{"rendered":"<p> <br \/>\n<\/p>\n<div id=\"cuerpo\">\n<div class=\"sc-80531b6b-0 chRIGJ container-text text-embed\">\n<p><strong>Un atropello masivo en la ciudad alemana de Munich<\/strong> dej\u00f3 en la ma\u00f1ana de este jueves un saldo de al menos 28 heridos, dos de ellos de gravedad, en un incidente que las autoridades -cautelosas en una primera instancia- no dudaron en tildar como un &#8220;ataque premeditado&#8221;. <strong>El autor fue detenido.<\/strong><\/p>\n<\/div>\n<div class=\"sc-80531b6b-0 chRIGJ container-text text-embed\">\n<p>El incidente ocurri\u00f3 cerca de las 10:30 (6:30 de Argentina) en las cercan\u00edas de la estaci\u00f3n central de tren, cuando<strong> el conductor de un Mini Cooper blanco se meti\u00f3 de lleno en una protesta <\/strong>organizada por el sindicato Ver.di, que nuclea a distintos empleados estatales. <\/p>\n<\/div>\n<div class=\"sc-80531b6b-0 chRIGJ container-text text-embed\">\n<p>Cerca de unas 1.000 personas se encontraban reclamando por mejoras salariales cuando el veh\u00edculo aceler\u00f3, pas\u00f3 un control policial y embisti\u00f3 desde atr\u00e1s a la manifestaci\u00f3n. All\u00ed se concret\u00f3 un atropello masivo que dej\u00f3 a al menos 28 heridos, incluyendo algunos ni\u00f1os.<\/p>\n<\/div>\n<div class=\"sc-80531b6b-0 chRIGJ container-text text-embed\">\n<p>La Polic\u00eda comenz\u00f3 a disparar contra el coche e instantes despu\u00e9s lograron reducir al conductor, que qued\u00f3 detenido. De acuerdo a la informaci\u00f3n brindada por fuentes policiales, el autor es <strong>un hombre de nacionalidad afgana, de 24 a\u00f1os<\/strong>, <strong>que ya estaba en el radar<\/strong> de las autoridades por un historial de antecedentes, que inclu\u00edan c<strong>ausas por robo e incluso por tr\u00e1fico de drogas.<\/strong><\/p>\n<\/div>\n<div class=\"sc-198be8ec-0 cynXbu image-embed  image-embed \"><picture class=\"sc-198be8ec-1 kOjRiQ\"><source media=\"(min-width: 975px)\" width=\"720\" height=\"480\" \/><img alt=\"Desde el gobierno hablan de un ataque &quot;premeditado&quot;. Foto: EFE\" loading=\"lazy\" width=\"720\" height=\"480\" decoding=\"async\" data-nimg=\"1\" style=\"color:transparent\" src=\"https:\/\/13.com.ar\/wp-content\/uploads\/2025\/02\/antecedentes-por-droga-y-un-pedido-de-asilo-rechazado.jpg\"\/><span class=\"epigraphe\">Desde el gobierno hablan de un ataque &#8220;premeditado&#8221;. Foto: EFE<\/span><span class=\"bkg\"\/><span class=\"picture-open\"><button class=\"open-image\" aria-label=\"Open Image\"\/><\/span><\/picture><\/div>\n<div class=\"sc-80531b6b-0 chRIGJ container-text text-embed\">\n<p>Seg\u00fan el sitio alem\u00e1n <em>Spiegel<\/em>, el conductor fue identificado como <strong>Farhad N.<\/strong>, quien naci\u00f3 en Kabul en 2001 y lleg\u00f3 a Alemania a finales de 2016. All\u00ed <strong>present\u00f3 una solicitud de asilo<\/strong> ante la Oficina Federal de Migraci\u00f3n y Refugiados, <strong>que fue denegada.<\/strong><\/p>\n<\/div>\n<div class=\"sc-80531b6b-0 chRIGJ container-text text-embed\">\n<p>El afgano recibi\u00f3 posteriormente un llamado permiso de tolerancia, que suspende la deportaci\u00f3n. El mismo medio indica que el hombre <strong>habr\u00eda publicado mensajes supuestamente islamistas antes del ataque.<\/strong><\/p>\n<\/div>\n<p><h2>El impacto en las elecciones<\/h2>\n<\/p>\n<div class=\"sc-80531b6b-0 chRIGJ container-text text-embed\">\n<p>Este asunto puede impactar de manera sensible en medio de una campa\u00f1a electoral, donde <strong>la inmigraci\u00f3n es uno de los ejes en disputa<\/strong> para la votaci\u00f3n que se realizar\u00e1 en 10 d\u00edas y definir\u00e1 al nuevo parlamento, tras la crisis pol\u00edtica que se llev\u00f3 puesto al canciller Olaf Scholz el pasado diciembre<\/p>\n<\/div>\n<div class=\"sc-80531b6b-0 chRIGJ container-text text-embed\">\n<p>Las elecciones anticipadas, promovidas por una moci\u00f3n de censura contra Scholz, redefinir\u00e1n el mapa pol\u00edtico del pa\u00eds y est\u00e1n atravesadas por una fuerte campa\u00f1a de la ultraderecha de AfD, <strong>que promueven extremar los controles e incluso deportaciones masivas.<\/strong><\/p>\n<\/div>\n<div class=\"sc-80531b6b-0 chRIGJ container-text text-embed\">\n<p>La l\u00edder de la AfD, Alice Weidel, hizo un llamado a realizar un &#8220;cambio de rumbo en la migraci\u00f3n&#8221; en el pa\u00eds a trav\u00e9s de una publicaci\u00f3n en X, horas despu\u00e9s del atentado.<\/p>\n<\/div>\n<div class=\"sc-80531b6b-0 chRIGJ container-text text-embed\">\n<p>El ataque ocurri\u00f3 adem\u00e1s en v\u00edsperas de una Conferencia de Seguridad que se realizar\u00e1 este fin de semana en la ciudad y tendr\u00e1 como sede el Bayerischer Hof, a unos 1,3 kil\u00f3metros de la escena del crimen. Entre los principales oradores se encuentra el vicepresidente de Estados Unidos y delf\u00edn de Donald Trump, J.D. Vance, quien lleg\u00f3 esta ma\u00f1ana a la ciudad. <\/p>\n<\/div>\n<div class=\"sc-80531b6b-0 chRIGJ container-text text-embed\">\n<p>Las elecciones se realizar\u00e1n el pr\u00f3ximo 23 de febrero.<\/p>\n<\/div>\n<p><h2>C\u00f3mo fue el ataque<\/h2>\n<\/p>\n<div class=\"sc-198be8ec-0 cynXbu image-embed  image-embed \"><picture class=\"sc-198be8ec-1 kOjRiQ\"><source media=\"(min-width: 975px)\" width=\"720\" height=\"480\" \/><img alt=\"El autor ten\u00eda causas por tr\u00e1fico y robo. Foto: EFE\" loading=\"lazy\" width=\"720\" height=\"480\" decoding=\"async\" data-nimg=\"1\" style=\"color:transparent\" src=\"https:\/\/13.com.ar\/wp-content\/uploads\/2025\/02\/1739457008_417_antecedentes-por-droga-y-un-pedido-de-asilo-rechazado.jpg\"\/><span class=\"epigraphe\">El autor ten\u00eda causas por tr\u00e1fico y robo. Foto: EFE<\/span><span class=\"bkg\"\/><span class=\"picture-open\"><button class=\"open-image\" aria-label=\"Open Image\"\/><\/span><\/picture><\/div>\n<div class=\"sc-80531b6b-0 chRIGJ container-text text-embed\">\n<p>La Oficina Central de Extremismo y Terrorismo de la Fiscal\u00eda General de Baviera se hizo cargo de la investigaci\u00f3n del presunto atentado, seg\u00fan anunci\u00f3 el ministro de Justicia de Baviera, Georg Eisenreich en el lugar del crimen.<\/p>\n<\/div>\n<div class=\"sc-80531b6b-0 chRIGJ container-text text-embed\">\n<p>El ministro del Interior, Joachim Herrmann, tambi\u00e9n confirm\u00f3 el antecedente delictual del conductor. &#8220;Seg\u00fan la informaci\u00f3n actual, el autor ten\u00eda antecedentes por casos de drogas y robo aunque se est\u00e1n realizando m\u00e1s investigaciones&#8221;, agreg\u00f3.<\/p>\n<\/div>\n<div class=\"sc-80531b6b-0 chRIGJ container-text text-embed\">\n<p>Un testigo ocular afirm\u00f3 al medio local BR24 que el coche se dirigi\u00f3 &#8220;deliberadamente&#8221; hacia la multitud. Adem\u00e1s, testigos presenciales hablaron de dos hombres, uno de los cuales fue baleado por la polic\u00eda y se lo llevaron.<\/p>\n<\/div>\n<div class=\"sc-80531b6b-0 chRIGJ container-text text-embed\">\n<p>&#8220;Fui parte de la manifestaci\u00f3n&#8221;, dijo otro testigo a BR. Cuando el coche se abalanz\u00f3 sobre la multitud, \u00e9l corri\u00f3 y &#8220;vi que hab\u00eda un hombre debajo del coche. Entonces intent\u00e9 abrir la puerta, pero estaba cerrada&#8221;. <strong>Finalmente lleg\u00f3 la polic\u00eda y dispar\u00f3 a la ventanilla del coche,<\/strong> por lo que se retir\u00f3 y se hizo cargo de los heridos.<\/p>\n<\/div>\n<div class=\"sc-80531b6b-0 chRIGJ container-text text-embed\">\n<p>&#8220;Se sospecha que se trata de un atentado&#8221;, dijo el primer ministro Markus S\u00f6der en el lugar del accidente. \u201cLa determinaci\u00f3n va creciendo, no es el primer caso\u201d, remarc\u00f3, antes de agradecer a la polic\u00eda por su trabajo.<\/p>\n<\/div>\n<\/div>\n<p><br \/>\n<br \/><a href=\"https:\/\/www.clarin.com\/mundo\/autor-atropello-masivo-munich-antecedentes-droga-pedido-asilo-rechazado_0_WF3XYmqdbv.html\">Fuente Clarin.com <\/a><\/p>\n","protected":false},"excerpt":{"rendered":"<p>Un atropello masivo en la ciudad alemana de Munich dej\u00f3 en la ma\u00f1ana de este jueves un saldo de al menos 28 heridos, dos de ellos de gravedad, en un incidente que las autoridades -cautelosas en una primera instancia- no dudaron en tildar como un &#8220;ataque premeditado&#8221;. El autor fue detenido. El incidente ocurri\u00f3 cerca [&hellip;]<\/p>\n","protected":false},"author":1,"featured_media":4550,"comment_status":"open","ping_status":"open","sticky":false,"template":"","format":"standard","meta":{"footnotes":""},"categories":[2],"tags":[6580,6581,3250,2803,142,6216],"class_list":["post-4549","post","type-post","status-publish","format-standard","has-post-thumbnail","hentry","category-ultimas-noticias","tag-antecedentes","tag-asilo","tag-droga","tag-pedido","tag-por","tag-rechazado"],"_links":{"self":[{"href":"https:\/\/13.com.ar\/index.php\/wp-json\/wp\/v2\/posts\/4549","targetHints":{"allow":["GET"]}}],"collection":[{"href":"https:\/\/13.com.ar\/index.php\/wp-json\/wp\/v2\/posts"}],"about":[{"href":"https:\/\/13.com.ar\/index.php\/wp-json\/wp\/v2\/types\/post"}],"author":[{"embeddable":true,"href":"https:\/\/13.com.ar\/index.php\/wp-json\/wp\/v2\/users\/1"}],"replies":[{"embeddable":true,"href":"https:\/\/13.com.ar\/index.php\/wp-json\/wp\/v2\/comments?post=4549"}],"version-history":[{"count":0,"href":"https:\/\/13.com.ar\/index.php\/wp-json\/wp\/v2\/posts\/4549\/revisions"}],"wp:featuredmedia":[{"embeddable":true,"href":"https:\/\/13.com.ar\/index.php\/wp-json\/wp\/v2\/media\/4550"}],"wp:attachment":[{"href":"https:\/\/13.com.ar\/index.php\/wp-json\/wp\/v2\/media?parent=4549"}],"wp:term":[{"taxonomy":"category","embeddable":true,"href":"https:\/\/13.com.ar\/index.php\/wp-json\/wp\/v2\/categories?post=4549"},{"taxonomy":"post_tag","embeddable":true,"href":"https:\/\/13.com.ar\/index.php\/wp-json\/wp\/v2\/tags?post=4549"}],"curies":[{"name":"wp","href":"https:\/\/api.w.org\/{rel}","templated":true}]}}