{"id":45479,"date":"2025-07-26T12:32:58","date_gmt":"2025-07-26T15:32:58","guid":{"rendered":"https:\/\/13.com.ar\/index.php\/de-cuanto-es-el-salario-minimo-en-jujuy-en-julio-2025\/"},"modified":"2025-07-26T12:32:58","modified_gmt":"2025-07-26T15:32:58","slug":"de-cuanto-es-el-salario-minimo-en-jujuy-en-julio-2025","status":"publish","type":"post","link":"https:\/\/13.com.ar\/index.php\/de-cuanto-es-el-salario-minimo-en-jujuy-en-julio-2025\/","title":{"rendered":"\u00bfDe cu\u00e1nto es el salario m\u00ednimo en Jujuy en julio 2025?"},"content":{"rendered":"<p> <br \/>\n<br \/><img decoding=\"async\" src=\"https:\/\/13.com.ar\/wp-content\/uploads\/2025\/07\/\u00bfDe-cuanto-es-el-salario-minimo-en-Jujuy-en-julio.jpg\" \/><\/p>\n<div id=\"element-body-0\">\n<p><strong>Jujuy<\/strong> lleg\u00f3 a julio de 2025 con la expectativa puesta en los nuevos valores del ingreso b\u00e1sico que marcan el pulso del mercado laboral local. <strong>\u00bfCu\u00e1l es el  Salario M\u00ednimo Vital y M\u00f3vil (SMVM) de Jujuy en julio?<\/strong><\/p>\n<\/div>\n<div id=\"element-body-2\">\n<p>El <strong>SMVM <\/strong>emerge como una herramienta fundamental para marcar un piso de ingresos que busque garantizar condiciones de vida dignas para los trabajadores con menor poder de negociaci\u00f3n.<\/p>\n<\/div>\n<div id=\"element-body-4\">\n<p>Se trata de un monto que se actualiza peri\u00f3dicamente y sirve como una referencia crucial, no solo para el empleo formal, sino tambi\u00e9n para diversas pol\u00edticas sociales y econ\u00f3micas que dependen de su valor.<\/p>\n<\/div>\n<div id=\"element-body-6\">\n<p>Ante la falta de acuerdos entre el sector sindical y los empresarios en el<strong> Consejo del Salario<\/strong>, en mayo el gobierno nacional fij\u00f3 el <strong>SMVM <\/strong>en $308.200 y $1.541 por hora, para trabajadores mensualizados que cumplen la jornada legal completa de trabajo y los jornalizados, respectivamente.<\/p>\n<\/div>\n<div id=\"element-body-7\">\n<p>En junio trep\u00f3 a $313.400 y $1.567; ahora en julio es de $317.800 y $1.589; mientras que desde el 1\u00b0 de agosto los valores se actualizar\u00e1n a $322.000 y $1.610. Este mes, el monto m\u00ednimo de prestaci\u00f3n por Desempleo es de $158.900.<\/p>\n<\/div>\n<p><h2>Qu\u00e9 es el Consejo del Salario M\u00ednimo, Vital y M\u00f3vil, sus funciones, miembros y facultades<\/h2>\n<\/p>\n<div id=\"element-body-9\">\n<p>El SMVM no es una cifra que surja de forma arbitraria, sino que es el resultado de un consenso alcanzado en el \u00e1mbito del Consejo Nacional del Empleo, la Productividad y el Salario M\u00ednimo, Vital y M\u00f3vil, \u00f3rgano que <strong>re\u00fane a representantes del Gobierno nacional, las centrales sindicales que agrupan a los trabajadores, y las c\u00e1maras empresarias <\/strong>que representan a los empleadores.<\/p>\n<\/div>\n<div id=\"element-body-11\">\n<p>Entre sus funciones principales, el <strong>Consejo <\/strong>tiene la responsabilidad de establecer peri\u00f3dicamente el monto del <strong>SMVM<\/strong>, as\u00ed como las prestaciones por desempleo. Para ello, se realizan negociaciones que buscan equilibrar las necesidades de los trabajadores con la capacidad productiva y la sustentabilidad de las empresas, siempre en un contexto de evoluci\u00f3n econ\u00f3mica y social del pa\u00eds.<\/p>\n<\/div>\n<div id=\"element-body-12\">\n<p>Sus facultades no se limitan solo a la fijaci\u00f3n del salario m\u00ednimo. El <strong>Consejo <\/strong>tambi\u00e9n puede proponer pol\u00edticas de empleo y formaci\u00f3n profesional, discutir estrategias para mejorar la productividad y analizar las condiciones generales del mercado laboral.<\/p>\n<\/div>\n<div id=\"element-body-13\">\n<p>Es un espacio de di\u00e1logo social donde se abordan temas cruciales para el futuro del trabajo en Argentina, buscando acuerdos que beneficien tanto a trabajadores como a empleadores y, en \u00faltima instancia, al desarrollo econ\u00f3mico del pa\u00eds.<\/p>\n<\/div>\n<p><br \/>\n<br \/><a href=\"https:\/\/www.clarin.com\/informacion-general\/salario-minimo-jujuy-julio-2025_0_8nGlMDhRpC.html\">Fuente Clarin.com <\/a><\/p>\n","protected":false},"excerpt":{"rendered":"<p>Jujuy lleg\u00f3 a julio de 2025 con la expectativa puesta en los nuevos valores del ingreso b\u00e1sico que marcan el pulso del mercado laboral local. \u00bfCu\u00e1l es el Salario M\u00ednimo Vital y M\u00f3vil (SMVM) de Jujuy en julio? El SMVM emerge como una herramienta fundamental para marcar un piso de ingresos que busque garantizar condiciones [&hellip;]<\/p>\n","protected":false},"author":1,"featured_media":45480,"comment_status":"open","ping_status":"open","sticky":false,"template":"","format":"standard","meta":{"footnotes":""},"categories":[2],"tags":[448,11805,2704,5951,10410],"class_list":["post-45479","post","type-post","status-publish","format-standard","has-post-thumbnail","hentry","category-ultimas-noticias","tag-cuanto","tag-jujuy","tag-julio","tag-minimo","tag-salario"],"_links":{"self":[{"href":"https:\/\/13.com.ar\/index.php\/wp-json\/wp\/v2\/posts\/45479","targetHints":{"allow":["GET"]}}],"collection":[{"href":"https:\/\/13.com.ar\/index.php\/wp-json\/wp\/v2\/posts"}],"about":[{"href":"https:\/\/13.com.ar\/index.php\/wp-json\/wp\/v2\/types\/post"}],"author":[{"embeddable":true,"href":"https:\/\/13.com.ar\/index.php\/wp-json\/wp\/v2\/users\/1"}],"replies":[{"embeddable":true,"href":"https:\/\/13.com.ar\/index.php\/wp-json\/wp\/v2\/comments?post=45479"}],"version-history":[{"count":0,"href":"https:\/\/13.com.ar\/index.php\/wp-json\/wp\/v2\/posts\/45479\/revisions"}],"wp:featuredmedia":[{"embeddable":true,"href":"https:\/\/13.com.ar\/index.php\/wp-json\/wp\/v2\/media\/45480"}],"wp:attachment":[{"href":"https:\/\/13.com.ar\/index.php\/wp-json\/wp\/v2\/media?parent=45479"}],"wp:term":[{"taxonomy":"category","embeddable":true,"href":"https:\/\/13.com.ar\/index.php\/wp-json\/wp\/v2\/categories?post=45479"},{"taxonomy":"post_tag","embeddable":true,"href":"https:\/\/13.com.ar\/index.php\/wp-json\/wp\/v2\/tags?post=45479"}],"curies":[{"name":"wp","href":"https:\/\/api.w.org\/{rel}","templated":true}]}}