{"id":45478,"date":"2025-07-26T12:29:57","date_gmt":"2025-07-26T15:29:57","guid":{"rendered":"https:\/\/13.com.ar\/index.php\/la-exboxeadora-abrio-los-ojos-y-empiezan-a-sacarle-el-respirador\/"},"modified":"2025-07-26T12:29:57","modified_gmt":"2025-07-26T15:29:57","slug":"la-exboxeadora-abrio-los-ojos-y-empiezan-a-sacarle-el-respirador","status":"publish","type":"post","link":"https:\/\/13.com.ar\/index.php\/la-exboxeadora-abrio-los-ojos-y-empiezan-a-sacarle-el-respirador\/","title":{"rendered":"la exboxeadora abri\u00f3 los ojos y empiezan a sacarle el respirador"},"content":{"rendered":"<p> <br \/>\n<br \/><img decoding=\"async\" src=\"https:\/\/13.com.ar\/wp-content\/uploads\/2025\/07\/Es-una-guerrera-y-va-a-salir-adelante.jpg\" \/><\/p>\n<div id=\"element-body-0\">\n<p><strong>Alejandro &#8220;Locomotora&#8221; Oliveras <\/strong>abri\u00f3 los ojos por primera vez en 12 d\u00edas, despu\u00e9s de sufrir un accidente cerebro vascular isqu\u00e9mico. La exboxeadora sigue internada en terapia intensiva en el Hospital Jos\u00e9 Mar\u00eda Cullen de Santa Fe, donde permanece desde el 14 de julio.<\/p>\n<\/div>\n<div id=\"element-body-1\">\n<p>Adem\u00e1s, los m\u00e9dicos comenzaron a sacarle a Locomotora Oliveras (47 a\u00f1os) el respirador, de manera paulatina.<\/p>\n<\/div>\n<div id=\"element-body-2\">\n<p>&#8220;Desde el punto de vista cl\u00ednico, evoluciona hemodin\u00e1micamente estable. Respecto a la evoluci\u00f3n neurol\u00f3gica, mantiene per\u00edodos de <strong>respuesta motora y apertura ocular<\/strong>, tanto espont\u00e1nea como a la orden&#8221;, se\u00f1ala el parte oficial del hospital. <\/p>\n<\/div>\n<div id=\"element-body-3\">\n<p>Ante la estabilidad cl\u00ednica y neurol\u00f3gica, comenz\u00f3 &#8220;el proceso de desvinculaci\u00f3n de la asistencia respiratoria mec\u00e1nica&#8221;, con per\u00edodos de respiraci\u00f3n espont\u00e1nea. <\/p>\n<\/div>\n<div id=\"element-body-4\">\n<p>&#8220;Contin\u00faa bajo seguimiento permanente por parte del equipo de la Unidad de Terapia Intensiva. Su <strong>pron\u00f3stico contin\u00faa siendo reservado<\/strong>&#8220;, detallaron desde ese centro m\u00e9dico.<\/p>\n<\/div>\n<p><br \/>\n<br \/><a href=\"https:\/\/www.clarin.com\/deportes\/salud-locomotora-oliveras-exboxeadora-abrio-ojos-empiezan-sacarle-respirador_0_DeOLRvUDZ9.html\">Fuente Clarin.com <\/a><\/p>\n","protected":false},"excerpt":{"rendered":"<p>Alejandro &#8220;Locomotora&#8221; Oliveras abri\u00f3 los ojos por primera vez en 12 d\u00edas, despu\u00e9s de sufrir un accidente cerebro vascular isqu\u00e9mico. La exboxeadora sigue internada en terapia intensiva en el Hospital Jos\u00e9 Mar\u00eda Cullen de Santa Fe, donde permanece desde el 14 de julio. Adem\u00e1s, los m\u00e9dicos comenzaron a sacarle a Locomotora Oliveras (47 a\u00f1os) el [&hellip;]<\/p>\n","protected":false},"author":1,"featured_media":43033,"comment_status":"open","ping_status":"open","sticky":false,"template":"","format":"standard","meta":{"footnotes":""},"categories":[2],"tags":[4240,1210,23977,28,12507,12805,319],"class_list":["post-45478","post","type-post","status-publish","format-standard","has-post-thumbnail","hentry","category-ultimas-noticias","tag-abrio","tag-empiezan","tag-exboxeadora","tag-los","tag-ojos","tag-respirador","tag-sacarle"],"_links":{"self":[{"href":"https:\/\/13.com.ar\/index.php\/wp-json\/wp\/v2\/posts\/45478","targetHints":{"allow":["GET"]}}],"collection":[{"href":"https:\/\/13.com.ar\/index.php\/wp-json\/wp\/v2\/posts"}],"about":[{"href":"https:\/\/13.com.ar\/index.php\/wp-json\/wp\/v2\/types\/post"}],"author":[{"embeddable":true,"href":"https:\/\/13.com.ar\/index.php\/wp-json\/wp\/v2\/users\/1"}],"replies":[{"embeddable":true,"href":"https:\/\/13.com.ar\/index.php\/wp-json\/wp\/v2\/comments?post=45478"}],"version-history":[{"count":0,"href":"https:\/\/13.com.ar\/index.php\/wp-json\/wp\/v2\/posts\/45478\/revisions"}],"wp:featuredmedia":[{"embeddable":true,"href":"https:\/\/13.com.ar\/index.php\/wp-json\/wp\/v2\/media\/43033"}],"wp:attachment":[{"href":"https:\/\/13.com.ar\/index.php\/wp-json\/wp\/v2\/media?parent=45478"}],"wp:term":[{"taxonomy":"category","embeddable":true,"href":"https:\/\/13.com.ar\/index.php\/wp-json\/wp\/v2\/categories?post=45478"},{"taxonomy":"post_tag","embeddable":true,"href":"https:\/\/13.com.ar\/index.php\/wp-json\/wp\/v2\/tags?post=45478"}],"curies":[{"name":"wp","href":"https:\/\/api.w.org\/{rel}","templated":true}]}}