{"id":45474,"date":"2025-07-26T11:59:58","date_gmt":"2025-07-26T14:59:58","guid":{"rendered":"https:\/\/13.com.ar\/index.php\/lionel-scaloni-se-mostro-junto-a-su-hijo-en-el-paddock-y-dialogo-con-max-verstappen\/"},"modified":"2025-07-26T11:59:58","modified_gmt":"2025-07-26T14:59:58","slug":"lionel-scaloni-se-mostro-junto-a-su-hijo-en-el-paddock-y-dialogo-con-max-verstappen","status":"publish","type":"post","link":"https:\/\/13.com.ar\/index.php\/lionel-scaloni-se-mostro-junto-a-su-hijo-en-el-paddock-y-dialogo-con-max-verstappen\/","title":{"rendered":"Lionel Scaloni se mostr\u00f3 junto a su hijo en el paddock y dialog\u00f3 con Max Verstappen"},"content":{"rendered":"<p> <br \/>\n<br \/><img decoding=\"async\" src=\"https:\/\/13.com.ar\/wp-content\/uploads\/2025\/07\/Lionel-Scaloni-se-mostro-junto-a-su-hijo-en-el.jpg\" \/><\/p>\n<div id=\"element-body-0\">\n<p>El entrenador del seleccionado argentino de f\u00fatbol, <strong>Lionel Scaloni<\/strong>, visit\u00f3 este s\u00e1bado el Circuito de Spa-Francorchamps, donde este fin de semana se est\u00e1 desarrollando el <strong>Gran Premio de B\u00e9lgica<\/strong>, la 13\u00aa fecha de la temporada 2025 de la F\u00f3rmula 1.<\/p>\n<\/div>\n<div id=\"element-body-1\">\n<p>En un video difundido a trav\u00e9s de las redes sociales pudo verse al director t\u00e9cnico, quien est\u00e1 radicado en El Toro (Mallorca), caminando por el paddock del aut\u00f3dromo emplazado en la provincia de Lieja, en el este de B\u00e9lgica.<\/p>\n<\/div>\n<div id=\"element-body-2\">\n<p>Tambi\u00e9n en una imagen compartida por un usuario de Twitter <strong>se ve a Scaloni y a su hijo mayor, Ian, dialogando en la zona de los boxes con el neerland\u00e9s Max Verstappen<\/strong>, piloto de la escuder\u00eda Red Bull y tetracampe\u00f3n de la F\u00f3rmula 1.<\/p>\n<\/div>\n<div id=\"element-body-3\">\n<p>El entrenador del seleccionado hab\u00eda participado el viernes en Dub\u00e1i (Emiratos \u00c1rabes Unidos) de un evento en el que se hab\u00eda anunciado la firma de un acuerdo estrat\u00e9gico entre la Asociaci\u00f3n del F\u00fatbol Argentino (AFA) y la empresa emirat\u00ed LuLu Financial Holdings. De ese encuentro tambi\u00e9n particip\u00f3 Leandro Petersen, gerente comercial y de marketing de la AFA.<\/p>\n<\/div>\n<div id=\"element-body-4\">\n<blockquote class=\"twitter-tweet\">\n<p lang=\"es\" dir=\"ltr\">\u00a1Lionel Scaloni presente en el Paddock en Spa! \ud83e\udd7a\ud83c\udde6\ud83c\uddf7<a rel=\"nofollow\" target=\"_blank\" href=\"https:\/\/t.co\/LxZL9oVbHR\">pic.twitter.com\/LxZL9oVbHR<\/a><\/p>\n<p>\u2014 Alpine ARG \ud83c\udde6\ud83c\uddf7 (@AlpineArg_) <a rel=\"nofollow\" target=\"_blank\" href=\"https:\/\/twitter.com\/AlpineArg_\/status\/1949102281426608402?ref_src=twsrc%5Etfw\">July 26, 2025<\/a><\/p><\/blockquote>\n<\/div>\n<div id=\"element-body-5\">\n<p>Estas apariciones p\u00fablicas se producen durante un per\u00edodo en el que el seleccionado argentino no tiene actividad, puesto que reci\u00e9n dentro de 40 d\u00edas volver\u00e1 a disputar partidos correspondientes a la clasificaci\u00f3n de la Confederaci\u00f3n Sudamericana de F\u00fatbol (Conmebol) para el Mundial de 2026.<\/p>\n<\/div>\n<div id=\"element-body-6\">\n<p>Con su lugar asegurado en el torneo ecum\u00e9nico que se llevar\u00e1 a cabo el a\u00f1o pr\u00f3ximo en Canad\u00e1, M\u00e9xico y Estados Unidos, el combinado nacional enfrentar\u00e1 el 4 de septiembre a Venezuela en Buenos Aires y visitar\u00e1 a Ecuador cinco d\u00edas despu\u00e9s en Guayaquil.<\/p>\n<\/div>\n<p><script async src=\"\/\/platform.twitter.com\/widgets.js\" charset=\"utf-8\"><\/script><br \/>\n<br \/><br \/>\n<br \/><a href=\"https:\/\/www.clarin.com\/deportes\/gp-belgica-lionel-scaloni-mostro-junto-hijo-paddock-dialogo-max-verstappen_0_HQPVjLdBUL.html\">Fuente Clarin.com <\/a><\/p>\n","protected":false},"excerpt":{"rendered":"<p>El entrenador del seleccionado argentino de f\u00fatbol, Lionel Scaloni, visit\u00f3 este s\u00e1bado el Circuito de Spa-Francorchamps, donde este fin de semana se est\u00e1 desarrollando el Gran Premio de B\u00e9lgica, la 13\u00aa fecha de la temporada 2025 de la F\u00f3rmula 1. En un video difundido a trav\u00e9s de las redes sociales pudo verse al director t\u00e9cnico, [&hellip;]<\/p>\n","protected":false},"author":1,"featured_media":45475,"comment_status":"open","ping_status":"open","sticky":false,"template":"","format":"standard","meta":{"footnotes":""},"categories":[2],"tags":[18,2468,918,776,3921,2677,4249,24651,8438,3962],"class_list":["post-45474","post","type-post","status-publish","format-standard","has-post-thumbnail","hentry","category-ultimas-noticias","tag-con","tag-dialogo","tag-hijo","tag-junto","tag-lionel","tag-max","tag-mostro","tag-paddock","tag-scaloni","tag-verstappen"],"_links":{"self":[{"href":"https:\/\/13.com.ar\/index.php\/wp-json\/wp\/v2\/posts\/45474","targetHints":{"allow":["GET"]}}],"collection":[{"href":"https:\/\/13.com.ar\/index.php\/wp-json\/wp\/v2\/posts"}],"about":[{"href":"https:\/\/13.com.ar\/index.php\/wp-json\/wp\/v2\/types\/post"}],"author":[{"embeddable":true,"href":"https:\/\/13.com.ar\/index.php\/wp-json\/wp\/v2\/users\/1"}],"replies":[{"embeddable":true,"href":"https:\/\/13.com.ar\/index.php\/wp-json\/wp\/v2\/comments?post=45474"}],"version-history":[{"count":0,"href":"https:\/\/13.com.ar\/index.php\/wp-json\/wp\/v2\/posts\/45474\/revisions"}],"wp:featuredmedia":[{"embeddable":true,"href":"https:\/\/13.com.ar\/index.php\/wp-json\/wp\/v2\/media\/45475"}],"wp:attachment":[{"href":"https:\/\/13.com.ar\/index.php\/wp-json\/wp\/v2\/media?parent=45474"}],"wp:term":[{"taxonomy":"category","embeddable":true,"href":"https:\/\/13.com.ar\/index.php\/wp-json\/wp\/v2\/categories?post=45474"},{"taxonomy":"post_tag","embeddable":true,"href":"https:\/\/13.com.ar\/index.php\/wp-json\/wp\/v2\/tags?post=45474"}],"curies":[{"name":"wp","href":"https:\/\/api.w.org\/{rel}","templated":true}]}}