{"id":45473,"date":"2025-07-26T11:57:00","date_gmt":"2025-07-26T14:57:00","guid":{"rendered":"https:\/\/13.com.ar\/index.php\/de-cuanto-es-el-salario-minimo-en-corrientes-en-julio-2025\/"},"modified":"2025-07-26T11:57:00","modified_gmt":"2025-07-26T14:57:00","slug":"de-cuanto-es-el-salario-minimo-en-corrientes-en-julio-2025","status":"publish","type":"post","link":"https:\/\/13.com.ar\/index.php\/de-cuanto-es-el-salario-minimo-en-corrientes-en-julio-2025\/","title":{"rendered":"\u00bfDe cu\u00e1nto es el salario m\u00ednimo en Corrientes en julio 2025?"},"content":{"rendered":"<p> <br \/>\n<br \/><img decoding=\"async\" src=\"https:\/\/13.com.ar\/wp-content\/uploads\/2025\/01\/cuanto-rinde-congelar-dinero-a-30-dias-y-que-banco.jpg\" \/><\/p>\n<div id=\"element-body-0\">\n<p>En <strong>julio de 2025<\/strong>, el <strong>Salario M\u00ednimo, Vital y M\u00f3vil (SMVM)<\/strong> contin\u00faa siendo un punto de referencia clave para los trabajadores en relaci\u00f3n de dependencia en todo el pa\u00eds. Aunque se trata de un valor unificado, algunas provincias pueden tomarlo como base para definir escalas salariales locales. \u00bfDe cu\u00e1nto es el SMVM de <strong>Corrientes <\/strong>en el s\u00e9ptimo mes del a\u00f1o?<\/p>\n<\/div>\n<div id=\"element-body-1\">\n<p>Seg\u00fan lo establecido por el Consejo Nacional del Empleo, en este s\u00e9ptimo mes del a\u00f1o el salario m\u00ednimo vigente se ubica en $317.800 mensuales para quienes cumplen jornada completa, y en $1.589 por hora para quienes trabajan bajo modalidad jornalizada. En agosto, esos valores pasar\u00e1n a $322.000 y $1.610 respectivamente.<\/p>\n<\/div>\n<div id=\"element-body-2\">\n<p>El SMVM no solo impacta en los sueldos m\u00e1s bajos del sector privado y p\u00fablico, sino que tambi\u00e9n actualiza los montos de programas sociales como el Potenciar Trabajo, as\u00ed como de asignaciones familiares y otros beneficios que dependen del ingreso m\u00ednimo formal.<\/p>\n<\/div>\n<div id=\"element-body-4\">\n<p>Este esquema de aumentos comenz\u00f3 a aplicarse en abril, cuando el salario m\u00ednimo era de $302.600. Desde entonces, se acord\u00f3 una suba escalonada mes a mes que busca acompa\u00f1ar el ritmo de la inflaci\u00f3n y evitar que el poder adquisitivo contin\u00fae deterior\u00e1ndose.<\/p>\n<\/div>\n<p><h2>De qu\u00e9 se encarga el Consejo Nacional del Empleo, la Productividad y el Salario M\u00ednimo, Vital y M\u00f3vil<\/h2>\n<\/p>\n<div id=\"element-body-6\">\n<p>El Consejo Nacional del Empleo, la Productividad y el Salario M\u00ednimo, Vital y M\u00f3vil es un \u00e1mbito institucional permanente de di\u00e1logo entre representantes de los trabajadores, empleadores, el Estado Nacional y el Consejo Federal del Trabajo (gobiernos provinciales). Sus principales funciones son:<\/p>\n<\/div>\n<div id=\"element-body-9\">\n<p>En julio de 2025, el Gobierno de <strong>Corrientes <\/strong>otorg\u00f3 una suba en el \u00edtem &#8220;plus&#8221; que eleva ese adicional a $110.000. Sin embargo, desde ATE consideraron que el i<strong>ncremento result\u00f3 insuficiente<\/strong> para recomponer el poder adquisitivo perdido en los \u00faltimos 18 meses.<\/p>\n<\/div>\n<div id=\"element-body-10\">\n<p>El gremio denunci\u00f3 que se trata de una decisi\u00f3n unilateral que no fue debatida con los trabajadores y que deja afuera a buena parte del personal estatal. El aumento solo impacta en quienes tienen recibo de sueldo, es decir, contratados con planta permanente.<\/p>\n<\/div>\n<div id=\"element-body-12\">\n<p>Desde ATE tambi\u00e9n remarcaron que m\u00e1s de 20.000 estatales siguen en condici\u00f3n de precarizaci\u00f3n, pese a contar con a\u00f1os de servicio. A esto se suma la modalidad de pago en cuotas, que el sindicato reclama como una irregularidad sostenida por el Ejecutivo provincial.<\/p>\n<\/div>\n<div id=\"element-body-13\">\n<p>Tras el receso invernal, el gremio exigir\u00e1 una convocatoria formal a mesa salarial para discutir aumentos aplicados directamente sobre el salario b\u00e1sico y no sobre adicionales. El objetivo es que los incrementos lleguen a todos los sectores del empleo p\u00fablico.<\/p>\n<\/div>\n<p><br \/>\n<br \/><a href=\"https:\/\/www.clarin.com\/informacion-general\/salario-minimo-corrientes-julio-2025_0_yagoGn2uTb.html\">Fuente Clarin.com <\/a><\/p>\n","protected":false},"excerpt":{"rendered":"<p>En julio de 2025, el Salario M\u00ednimo, Vital y M\u00f3vil (SMVM) contin\u00faa siendo un punto de referencia clave para los trabajadores en relaci\u00f3n de dependencia en todo el pa\u00eds. Aunque se trata de un valor unificado, algunas provincias pueden tomarlo como base para definir escalas salariales locales. \u00bfDe cu\u00e1nto es el SMVM de Corrientes en [&hellip;]<\/p>\n","protected":false},"author":1,"featured_media":983,"comment_status":"open","ping_status":"open","sticky":false,"template":"","format":"standard","meta":{"footnotes":""},"categories":[2],"tags":[1322,448,2704,5951,10410],"class_list":["post-45473","post","type-post","status-publish","format-standard","has-post-thumbnail","hentry","category-ultimas-noticias","tag-corrientes","tag-cuanto","tag-julio","tag-minimo","tag-salario"],"_links":{"self":[{"href":"https:\/\/13.com.ar\/index.php\/wp-json\/wp\/v2\/posts\/45473","targetHints":{"allow":["GET"]}}],"collection":[{"href":"https:\/\/13.com.ar\/index.php\/wp-json\/wp\/v2\/posts"}],"about":[{"href":"https:\/\/13.com.ar\/index.php\/wp-json\/wp\/v2\/types\/post"}],"author":[{"embeddable":true,"href":"https:\/\/13.com.ar\/index.php\/wp-json\/wp\/v2\/users\/1"}],"replies":[{"embeddable":true,"href":"https:\/\/13.com.ar\/index.php\/wp-json\/wp\/v2\/comments?post=45473"}],"version-history":[{"count":0,"href":"https:\/\/13.com.ar\/index.php\/wp-json\/wp\/v2\/posts\/45473\/revisions"}],"wp:featuredmedia":[{"embeddable":true,"href":"https:\/\/13.com.ar\/index.php\/wp-json\/wp\/v2\/media\/983"}],"wp:attachment":[{"href":"https:\/\/13.com.ar\/index.php\/wp-json\/wp\/v2\/media?parent=45473"}],"wp:term":[{"taxonomy":"category","embeddable":true,"href":"https:\/\/13.com.ar\/index.php\/wp-json\/wp\/v2\/categories?post=45473"},{"taxonomy":"post_tag","embeddable":true,"href":"https:\/\/13.com.ar\/index.php\/wp-json\/wp\/v2\/tags?post=45473"}],"curies":[{"name":"wp","href":"https:\/\/api.w.org\/{rel}","templated":true}]}}