{"id":4545,"date":"2025-02-13T11:21:37","date_gmt":"2025-02-13T14:21:37","guid":{"rendered":"https:\/\/13.com.ar\/index.php\/en-el-centro-comercial-de-bella-vista-se-puede-dejar-el-auto-solo-por-dos-horas\/"},"modified":"2025-02-13T11:21:37","modified_gmt":"2025-02-13T14:21:37","slug":"en-el-centro-comercial-de-bella-vista-se-puede-dejar-el-auto-solo-por-dos-horas","status":"publish","type":"post","link":"https:\/\/13.com.ar\/index.php\/en-el-centro-comercial-de-bella-vista-se-puede-dejar-el-auto-solo-por-dos-horas\/","title":{"rendered":"En el centro comercial de Bella Vista se puede dejar el auto s\u00f3lo por dos horas"},"content":{"rendered":"<p> <br \/>\n<br \/><img decoding=\"async\" src=\"https:\/\/13.com.ar\/wp-content\/uploads\/2025\/02\/En-el-centro-comercial-de-Bella-Vista-se-puede-dejar.jpg\" \/><\/p>\n<div>\n<p>Con los objetivos de <strong>mejorar la circulaci\u00f3n vehicular<\/strong> y <strong>optimizar los lugares para estacionar<\/strong>, favoreciendo as\u00ed la actividad comercial y permitiendo una mayor disponibilidad de espacios para los clientes de los negocios, en el <strong>centro de Bella Vista<\/strong> entr\u00f3 en vigencia el denominado <strong>&#8216;Sistema de Estacionamiento Gratuito y de Alta Rotaci\u00f3n&#8217;<\/strong>.<\/p>\n<\/div>\n<div>\n<p>Se trata de una iniciativa que consiste en poner a disposici\u00f3n de los vecinos y vecinas de esa <strong>localidad del Partido de San Miguel<\/strong> sitios destinados al estacionamiento de sus rodados <strong>durante un tiempo espec\u00edfico<\/strong> sin costo alguno en una zona que cotidianamente comprende un alto grado de circulaci\u00f3n: <strong>el centro comercial<\/strong>. <\/p>\n<\/div>\n<div>\n<p>En efecto, todas aquellas personas que se acerquen en veh\u00edculos al punto habitualmente m\u00e1s transitado de la ciudad disponen de <strong>dos horas de permanencia gratuita<\/strong> en el \u00e1rea delimitada por las <strong>avenidas Senador Mor\u00f3n y Teniente General Ricchieri<\/strong>, y las <strong>calles Pi\u00f1ero y Moine<\/strong>. Si se exceden los 120 minutos, los veh\u00edculos ser\u00e1n multados.<\/p>\n<\/div>\n<div>\n<p>En ese punto, que se encuentra <strong>a muy pocos metros de la estaci\u00f3n de trenes<\/strong> de Bella Vista del ferrocarril de la l\u00ednea San Mart\u00edn (est\u00e1 frente a la entrada lateral del and\u00e9n que tiene sentido hacia Retiro), se nuclean <strong>diferentes comercios de distintos rubros<\/strong>, como por ejemplo cafeter\u00edas, tiendas de ropa, gimnasio, carnicer\u00edas, supermercados, kioscos, casas de servicio t\u00e9cnico para tel\u00e9fonos celulares, farmacias, fiambrer\u00edas, agencias de quinielas, librer\u00edas, despensas, inmobiliarias y verduler\u00edas, entre varios otros.<\/p>\n<\/div>\n<div>\n<p>La regulaci\u00f3n de la utilizaci\u00f3n del espacio p\u00fablico tambi\u00e9n comprende d\u00edas y horarios. Por caso, desde la Comuna informaron que la flamante normativa se aplica <strong>de lunes a viernes de 9 a 20<\/strong>, y los <strong>s\u00e1bados de 9 a 13<\/strong>. Tambi\u00e9n dieron cuenta de los beneficios que la propuesta ofrece ya que brinda &#8220;acceso a los espacios de estacionamiento con mayor facilidad en esta <strong>zona de alta demanda<\/strong>&#8220;, &#8220;mejora el ordenamiento urbano, optimizando los espacios&#8221; y otroga &#8220;mayor seguridad vial&#8221;. <\/p>\n<\/div>\n<div>\n<p>De esta manera, tratando de agilizar la disponibilidad de lugares para estacionar, apuntan a propiciar y favorecer un flujo constante de veh\u00edculos y, as\u00ed, <strong>reducir las demoras que suelen reiterarse<\/strong> en la b\u00fasqueda de alg\u00fan sitio para aparcar. <\/p>\n<\/div>\n<div>\n<p>As\u00ed, desde hace unos d\u00edas, solo est\u00e1 permitido estacionar durante dos horas -en los sitios debidamente permitidos e identificados- a lo largo de los 190 metros que tiene <strong>Ricchieri entre Moine y Senador Mor\u00f3n<\/strong> (de la mano izquierda, frente a la estaci\u00f3n de trenes y de las paradas de los colectivos); de los 180 de <strong>Senador Mor\u00f3n<\/strong> (en ambos sentidos) <strong>entre Ricchieri y Pi\u00f1ero<\/strong>; de los 170 de <strong>Pi\u00f1ero<\/strong> (a la derecha) <strong>entre Senador Mor\u00f3n y Moine<\/strong>; y de los otros 170 metros que tiene <strong>Moine entre Pi\u00f1ero y Ricchieri<\/strong> (de la mano izquierda). Adem\u00e1s, los 140 que tiene la calle <strong>Maip\u00fa<\/strong> (est\u00e1 <strong>entre Moine y Pi\u00f1ero<\/strong>) tambi\u00e9n entran en la normativa.<\/p>\n<\/div>\n<div>\n<p>El control de la flamante iniciativa y la fiscalizaci\u00f3n del tiempo autorizado est\u00e1 a cargo del personal comunal. Y seg\u00fan indicaron desde el Municipio, habr\u00e1 <strong>multas para los veh\u00edculos que no cumplan<\/strong> con la normativa.<\/p>\n<\/div>\n<div>\n<p>Vale remarcar que los otros dos centros comerciales del distrito (los principales, el de San Miguel centro y el de Mu\u00f1iz) s\u00ed cuentan con estacionamiento medido y se debe abonar el tiempo que se desea estacionar. Seg\u00fan confiaron desde la Municipalidad, la situaci\u00f3n all\u00ed se torna diferente porque &#8220;el parque automotor es enorme&#8221; ya que muchas personas llegan desde otros distritos para recorrer los comercios que se emplazan en los poco m\u00e1s de un kil\u00f3metro y medio que la avenida Presidente Per\u00f3n tiene entre esas dos localidades (adem\u00e1s de la calle Sarmiento, que funciona como par vial y todas las que corren de manera perpendicular a ellas, incluida la avenida Balb\u00edn). &#8220;En Bella Vista son m\u00e1s vecinos de ah\u00ed, de la zona&#8221;, concluyeron.<\/p>\n<\/div>\n<p><br \/>\n<br \/><a href=\"https:\/\/www.clarin.com\/zonales\/centro-comercial-bella-vista-puede-dejar-auto-solo-horas_0_tm4sao0qgH.html\">Fuente Clarin.com <\/a><\/p>\n","protected":false},"excerpt":{"rendered":"<p>Con los objetivos de mejorar la circulaci\u00f3n vehicular y optimizar los lugares para estacionar, favoreciendo as\u00ed la actividad comercial y permitiendo una mayor disponibilidad de espacios para los clientes de los negocios, en el centro de Bella Vista entr\u00f3 en vigencia el denominado &#8216;Sistema de Estacionamiento Gratuito y de Alta Rotaci\u00f3n&#8217;. Se trata de una [&hellip;]<\/p>\n","protected":false},"author":1,"featured_media":4546,"comment_status":"open","ping_status":"open","sticky":false,"template":"","format":"standard","meta":{"footnotes":""},"categories":[2],"tags":[430,5376,1601,1419,6577,59,997,142,136,166,1736],"class_list":["post-4545","post","type-post","status-publish","format-standard","has-post-thumbnail","hentry","category-ultimas-noticias","tag-auto","tag-bella","tag-centro","tag-comercial","tag-dejar","tag-dos","tag-horas","tag-por","tag-puede","tag-solo","tag-vista"],"_links":{"self":[{"href":"https:\/\/13.com.ar\/index.php\/wp-json\/wp\/v2\/posts\/4545","targetHints":{"allow":["GET"]}}],"collection":[{"href":"https:\/\/13.com.ar\/index.php\/wp-json\/wp\/v2\/posts"}],"about":[{"href":"https:\/\/13.com.ar\/index.php\/wp-json\/wp\/v2\/types\/post"}],"author":[{"embeddable":true,"href":"https:\/\/13.com.ar\/index.php\/wp-json\/wp\/v2\/users\/1"}],"replies":[{"embeddable":true,"href":"https:\/\/13.com.ar\/index.php\/wp-json\/wp\/v2\/comments?post=4545"}],"version-history":[{"count":0,"href":"https:\/\/13.com.ar\/index.php\/wp-json\/wp\/v2\/posts\/4545\/revisions"}],"wp:featuredmedia":[{"embeddable":true,"href":"https:\/\/13.com.ar\/index.php\/wp-json\/wp\/v2\/media\/4546"}],"wp:attachment":[{"href":"https:\/\/13.com.ar\/index.php\/wp-json\/wp\/v2\/media?parent=4545"}],"wp:term":[{"taxonomy":"category","embeddable":true,"href":"https:\/\/13.com.ar\/index.php\/wp-json\/wp\/v2\/categories?post=4545"},{"taxonomy":"post_tag","embeddable":true,"href":"https:\/\/13.com.ar\/index.php\/wp-json\/wp\/v2\/tags?post=4545"}],"curies":[{"name":"wp","href":"https:\/\/api.w.org\/{rel}","templated":true}]}}