{"id":4538,"date":"2025-02-13T11:05:16","date_gmt":"2025-02-13T14:05:16","guid":{"rendered":"https:\/\/13.com.ar\/index.php\/el-relato-del-joven-que-fue-engullido-por-una-ballena-y-se-salvo\/"},"modified":"2025-02-13T11:05:16","modified_gmt":"2025-02-13T14:05:16","slug":"el-relato-del-joven-que-fue-engullido-por-una-ballena-y-se-salvo","status":"publish","type":"post","link":"https:\/\/13.com.ar\/index.php\/el-relato-del-joven-que-fue-engullido-por-una-ballena-y-se-salvo\/","title":{"rendered":"el relato del joven que fue engullido por una ballena y se salv\u00f3"},"content":{"rendered":"<p> <br \/>\n<\/p>\n<div id=\"cuerpo\">\n<div class=\"sc-80531b6b-0 chRIGJ container-text text-embed\">\n<p><strong>&#8220;Tranquilo, tranquilo, vamos para la orilla&#8221;<\/strong>, se escucha en el audio del <strong>impactante video<\/strong> que se viraliz\u00f3 en las \u00faltimas horas. La secuencia ocurri\u00f3 en <strong>Chile<\/strong>, en la Bah\u00eda El \u00c1guila, cuando un <strong>joven <\/strong>que realizaba una traves\u00eda en <strong><em>packraft<\/em><\/strong>,<strong> desaparece por varios segundos<\/strong> luego de que<strong> una ballena emergiera <\/strong>de manera inesperada<strong>.<\/strong><\/p>\n<\/div>\n<div class=\"sc-80531b6b-0 chRIGJ container-text text-embed\">\n<p>En el clip, que dura un minuto y medio, se puede ver c\u00f3mo el muchacho navegaba muy tranquilo mientras apreciaba el paisaje, y de pronto se vislumbra la <strong>boca abierta <\/strong>de una <strong>ballena jorobada <\/strong>que parece <strong>tragarlo<\/strong> por completo. Luego reaparece su bote flotando, y su padre le grita que se aferre a la embarcaci\u00f3n y se acerque.<\/p>\n<\/div>\n<div class=\"sc-80531b6b-0 chRIGJ container-text text-embed\">\n<p>En los momentos finales de la grabaci\u00f3n se lo ve sonriente en primer plano, <strong>ileso <\/strong>luego del <strong>encuentro extremadamente cercano <\/strong>con el mam\u00edfero cet\u00e1ceo.<\/p>\n<\/div>\n<div class=\"sc-198be8ec-0 cynXbu image-embed  image-embed \"><picture class=\"sc-198be8ec-1 kOjRiQ\"><source media=\"(min-width: 975px)\" width=\"720\" height=\"480\" \/><img alt=\"En un principio el joven pens\u00f3 que la ballena lo hab\u00eda tragado y luego lo escupi\u00f3 (Imagen ilustrativa - Cr\u00e9dito: Ellen Garland)\" loading=\"lazy\" width=\"720\" height=\"480\" decoding=\"async\" data-nimg=\"1\" style=\"color:transparent\" src=\"https:\/\/13.com.ar\/wp-content\/uploads\/2025\/02\/el-relato-del-joven-que-fue-engullido-por-una-ballena.jpg\"\/><span class=\"epigraphe\">En un principio el joven pens\u00f3 que la ballena lo hab\u00eda tragado y luego lo escupi\u00f3 (Imagen ilustrativa &#8211; Cr\u00e9dito: Ellen Garland)<\/span><span class=\"bkg\"\/><span class=\"picture-open\"><button class=\"open-image\" aria-label=\"Open Image\"\/><\/span><\/picture><\/div>\n<p><h2>El testimonio del joven que fue &#8220;tragado&#8221; por una ballena<\/h2>\n<\/p>\n<div class=\"sc-80531b6b-0 chRIGJ container-text text-embed\">\n<p><strong>Adri\u00e1n Simancas<\/strong>, un joven venezolano de 24 a\u00f1os, iba a bordo de la embarcaci\u00f3n inflable y <strong>su padre<\/strong>, <strong>Dell<\/strong>, filmaba la experiencia. \u201cSent\u00ed algo entre azul y blanco que me pas\u00f3 cerca de la cara, estaba como por un lado y por encima; no entend\u00eda qu\u00e9 estaba pasando y entonces <strong>me hund\u00ed y pens\u00e9 que me hab\u00eda comido&#8221;<\/strong>, le cont\u00f3 al medio chileno TVN.<\/p>\n<\/div>\n<div class=\"sc-80531b6b-0 chRIGJ container-text text-embed\">\n<p>&#8220;Cuando volte\u00e9 no vi nada, y ese fue el \u00fanico momento de <strong>susto que tuve, los tres segundos que no vi a Adri\u00e1n<\/strong>. De repente sali\u00f3 disparado y ah\u00ed me tranquilic\u00e9 porque lo vi afuera&#8221;, expres\u00f3 su padre, en la misma entrevista televisiva.<\/p>\n<\/div>\n<div class=\"sc-198be8ec-0 cynXbu image-embed  image-embed \"><picture class=\"sc-198be8ec-1 kOjRiQ\"><source media=\"(min-width: 975px)\" width=\"720\" height=\"480\" \/><img alt=\"El joven habl\u00f3 de lo ocurrido en la televisi\u00f3n chilena (Captura de TV)\" loading=\"lazy\" width=\"720\" height=\"480\" decoding=\"async\" data-nimg=\"1\" style=\"color:transparent\" src=\"https:\/\/13.com.ar\/wp-content\/uploads\/2025\/02\/1739455516_140_el-relato-del-joven-que-fue-engullido-por-una-ballena.jpg\"\/><span class=\"epigraphe\">El joven habl\u00f3 de lo ocurrido en la televisi\u00f3n chilena (Captura de TV)<\/span><span class=\"bkg\"\/><span class=\"picture-open\"><button class=\"open-image\" aria-label=\"Open Image\"\/><\/span><\/picture><\/div>\n<div class=\"sc-80531b6b-0 chRIGJ container-text text-embed\">\n<p>A pesar de la impresi\u00f3n que causa ver las im\u00e1genes en el video, confirmaron que Simancas no tuvo ninguna herida ni lesi\u00f3n. \u201cFue una e<strong>experiencia incre\u00edble y aterradora a la vez<\/strong>\u201d, sintetiz\u00f3 Dell. <\/p>\n<\/div>\n<div class=\"sc-80531b6b-0 chRIGJ container-text text-embed\">\n<p>Luego del shock inicial y la viralizaci\u00f3n del video, el debate se centr\u00f3 en si realmente la ballena se hab\u00eda tragado al joven, y lo cierto es que la ciencia tiene la respuesta.<\/p>\n<\/div>\n<p><h2>Tragarse a un humano: \u00bfmito o realidad?<\/h2>\n<\/p>\n<div class=\"sc-80531b6b-0 chRIGJ container-text text-embed\">\n<p>Aunque un humano cabe f\u00e1cilmente en la enorme boca de una ballena jorobada, resulta <strong>cient\u00edficamente imposible que se trague a un humano una vez adentro<\/strong>, seg\u00fan explic\u00f3 Nicola Hodgins, de <em>Whale and Dolphin Conservation<\/em>, una organizaci\u00f3n sin \u00e1nimo de lucro del Reino Unido, en di\u00e1logo con National Geographic.<\/p>\n<\/div>\n<div class=\"sc-80531b6b-0 chRIGJ container-text text-embed\">\n<p>Sin embargo, al abrir su enorme boca para alimentarse de peces u otros organismos marinos, <strong>una persona puede ser arrastrada accidentalmente hacia la garganta del animal<\/strong>, y autom\u00e1ticamente suele ser escupido de vuelta al mar, ya que el mam\u00edfero no puede ingerirlo.<\/p>\n<\/div>\n<div class=\"sc-198be8ec-0 cynXbu image-embed  image-embed \"><picture class=\"sc-198be8ec-1 kOjRiQ\"><source media=\"(min-width: 975px)\" width=\"720\" height=\"480\" \/><img alt=\"Seg\u00fan los expertos en vida marina, es t\u00e9cnicamente imposible que una ballena se trague a un ser humano\" loading=\"lazy\" width=\"720\" height=\"480\" decoding=\"async\" data-nimg=\"1\" style=\"color:transparent\" src=\"https:\/\/13.com.ar\/wp-content\/uploads\/2025\/02\/1739455516_381_el-relato-del-joven-que-fue-engullido-por-una-ballena.jpg\"\/><span class=\"epigraphe\">Seg\u00fan los expertos en vida marina, es t\u00e9cnicamente imposible que una ballena se trague a un ser humano<\/span><span class=\"bkg\"\/><span class=\"picture-open\"><button class=\"open-image\" aria-label=\"Open Image\"\/><\/span><\/picture><\/div>\n<div class=\"sc-80531b6b-0 chRIGJ container-text text-embed\">\n<p>La garganta de una ballena jorobada tiene el tama\u00f1o aproximado de un pu\u00f1o humano, y solo puede extenderse hasta 38 cent\u00edmetros de di\u00e1metro. &#8220;Es probable que fuera &#8216;<strong>envuelto o engullido, pero no tragado<\/strong>, hasta que la ballena se dio cuenta de su error y lo escupa de inmediato&#8221;, asegur\u00f3 el experto, y calific\u00f3 la experiencia como traum\u00e1tica tanto para el joven como para la ballena, que solo intentaba comer peces.<\/p>\n<\/div>\n<div class=\"sc-80531b6b-0 chRIGJ container-text text-embed\">\n<p>National Geographic indica que de las 90 especies de ballenas conocidas en la Tierra, los <strong>cachalotes <\/strong>son la \u00fanica cuyas gargantas son lo bastante grandes para,<strong> t\u00e9cnicamente, &#8220;tragarse a un humano&#8221;.<\/strong> Los mam\u00edferos de 20 metros tienen es\u00f3fagos grandes para alimentarse de presas m\u00e1s grandes como calamares gigantes, que a veces se tragan enteros. <\/p>\n<\/div>\n<div class=\"sc-80531b6b-0 chRIGJ container-text text-embed\">\n<p>Aunque es f\u00edsicamente posible, las probabilidades de que un cachalote se trague a un humano son \u00ednfimas porque los encuentros cercanos son casi nulos. &#8220;<strong>La mayor\u00eda de la gente nunca tendr\u00e1 la oportunidad de ver un cachalote en toda su vida&#8221;<\/strong>, afirm\u00f3 <strong>Rob Deaville<\/strong> del Programa de Investigaci\u00f3n de Varamientos de Cet\u00e1ceos de la Sociedad Zool\u00f3gica de Londres, y explic\u00f3 que aunque viven principalmente en mar abierto pasan bastante tiempo a profundidades superiores a 3000 metros.<\/p>\n<\/div>\n<\/div>\n<p><br \/>\n<br \/><a href=\"https:\/\/www.clarin.com\/internacional\/pense-comido-relato-joven-engullido-ballena-salvo_0_Pwa6EuE9ae.html\">Fuente Clarin.com <\/a><\/p>\n","protected":false},"excerpt":{"rendered":"<p>&#8220;Tranquilo, tranquilo, vamos para la orilla&#8221;, se escucha en el audio del impactante video que se viraliz\u00f3 en las \u00faltimas horas. La secuencia ocurri\u00f3 en Chile, en la Bah\u00eda El \u00c1guila, cuando un joven que realizaba una traves\u00eda en packraft, desaparece por varios segundos luego de que una ballena emergiera de manera inesperada. En el [&hellip;]<\/p>\n","protected":false},"author":1,"featured_media":4539,"comment_status":"open","ping_status":"open","sticky":false,"template":"","format":"standard","meta":{"footnotes":""},"categories":[2],"tags":[6572,100,6571,105,2842,142,3357,1699,73],"class_list":["post-4538","post","type-post","status-publish","format-standard","has-post-thumbnail","hentry","category-ultimas-noticias","tag-ballena","tag-del","tag-engullido","tag-fue","tag-joven","tag-por","tag-relato","tag-salvo","tag-una"],"_links":{"self":[{"href":"https:\/\/13.com.ar\/index.php\/wp-json\/wp\/v2\/posts\/4538","targetHints":{"allow":["GET"]}}],"collection":[{"href":"https:\/\/13.com.ar\/index.php\/wp-json\/wp\/v2\/posts"}],"about":[{"href":"https:\/\/13.com.ar\/index.php\/wp-json\/wp\/v2\/types\/post"}],"author":[{"embeddable":true,"href":"https:\/\/13.com.ar\/index.php\/wp-json\/wp\/v2\/users\/1"}],"replies":[{"embeddable":true,"href":"https:\/\/13.com.ar\/index.php\/wp-json\/wp\/v2\/comments?post=4538"}],"version-history":[{"count":0,"href":"https:\/\/13.com.ar\/index.php\/wp-json\/wp\/v2\/posts\/4538\/revisions"}],"wp:featuredmedia":[{"embeddable":true,"href":"https:\/\/13.com.ar\/index.php\/wp-json\/wp\/v2\/media\/4539"}],"wp:attachment":[{"href":"https:\/\/13.com.ar\/index.php\/wp-json\/wp\/v2\/media?parent=4538"}],"wp:term":[{"taxonomy":"category","embeddable":true,"href":"https:\/\/13.com.ar\/index.php\/wp-json\/wp\/v2\/categories?post=4538"},{"taxonomy":"post_tag","embeddable":true,"href":"https:\/\/13.com.ar\/index.php\/wp-json\/wp\/v2\/tags?post=4538"}],"curies":[{"name":"wp","href":"https:\/\/api.w.org\/{rel}","templated":true}]}}