{"id":45362,"date":"2025-07-25T11:08:56","date_gmt":"2025-07-25T14:08:56","guid":{"rendered":"https:\/\/13.com.ar\/index.php\/el-posteo-de-cavani-dedicado-a-sus-companeros-en-medio-de-la-crisis-de-boca-hay-que-seguir-metiendole\/"},"modified":"2025-07-25T11:08:56","modified_gmt":"2025-07-25T14:08:56","slug":"el-posteo-de-cavani-dedicado-a-sus-companeros-en-medio-de-la-crisis-de-boca-hay-que-seguir-metiendole","status":"publish","type":"post","link":"https:\/\/13.com.ar\/index.php\/el-posteo-de-cavani-dedicado-a-sus-companeros-en-medio-de-la-crisis-de-boca-hay-que-seguir-metiendole\/","title":{"rendered":"El posteo de Cavani dedicado a sus compa\u00f1eros en medio de la crisis de Boca: &#8220;Hay que seguir meti\u00e9ndole&#8221;"},"content":{"rendered":"<p> <br \/>\n<br \/><img decoding=\"async\" src=\"https:\/\/13.com.ar\/wp-content\/uploads\/2025\/07\/El-posteo-de-Cavani-dedicado-a-sus-companeros-en-medio.jpg\" \/><\/p>\n<div id=\"element-body-0\">\n<p><strong>Boca <\/strong>no encuentra el rumbo. Si bien el semestre reci\u00e9n arranca, carga con una mochila pesad\u00edsima despu\u00e9s de una p\u00e9sima primer parte del a\u00f1o con la prematura eliminaci\u00f3n por <strong>Copa Libertadores <\/strong>ante <strong>Alianza Lima<\/strong>, el cl\u00e1sico perdido ante River que termin\u00f3 con el ciclo de Fernando Gago, y el traspi\u00e9 en el <strong>Torneo Apertura <\/strong>ante Independiente. En el medio tuvo el agridulce paso por el Mundial de Clubes. Y ahora sufri\u00f3 otro cachetazo: la eliminaci\u00f3n por los 16avos de <strong>Copa Argentina<\/strong> ante <strong>Atl\u00e9tico Tucum\u00e1n<\/strong>, que hizo m\u00e1s aguda su crisis.<\/p>\n<\/div>\n<div id=\"element-body-1\">\n<p>En medio de la turbulencia y tras igualar su peor racha hist\u00f3rica de diez partidos sin conocer la victoria, <strong>Edinson Cavani<\/strong>, capit\u00e1n y referente del conjunto de La Ribera, se expres\u00f3 a trav\u00e9s de un posteo en sus redes sociales.<\/p>\n<\/div>\n<div id=\"element-body-2\">\n<p>&#8220;El tiempo no para, hay que seguir meti\u00e9ndole para mejorar y revertir este momento. Trabajo y confianza, muchachos&#8221;, escribi\u00f3 el uruguayo.<\/p>\n<\/div>\n<div id=\"element-body-3\">\n<p>Cavani, quien viene de una temporada con varias ausencias por diversas lesiones, siempre dio la cara en los momentos m\u00e1s duros que le tocaron atravesar a Boca en este decepcionante 2025. <\/p>\n<\/div>\n<div id=\"element-body-4\">\n<p>Despu\u00e9s de la eliminaci\u00f3n ante Atletico Tucum\u00e1n, que dej\u00f3 a Boca eliminado de uno de los pocos torneos que le quedaban por delante, el uruguayo hizo foco en el trabajo y en que se puede dar vuelta la situaci\u00f3n: <\/p>\n<\/div>\n<div id=\"element-body-5\">\n<p>\u201cSeguramente faltan cosas, tenemos que mejorar, eso est\u00e1 clar\u00edsimo. Hay que agachar la cabeza y seguir mejorando. En lo personal, seguir trabajando tambi\u00e9n, seguir meti\u00e9ndole, darle para adelante\u201d, expres\u00f3 para las c\u00e1maras de TyC Sports.<\/p>\n<\/div>\n<div id=\"element-body-7\">\n<p>Este domingo, Boca tendr\u00e1 una parada brava en Parque Patricios ante Hurac\u00e1n. All\u00ed buscar\u00e1 revertir la floja imagen que viene demostrando en el ultimo tiempo y llevarse una victoria que no se le da desde el 19 de abril pasado, cuando le gan\u00f3 por 2-0 a Estudiantes en la Bombonera.<\/p>\n<\/div>\n<p><br \/>\n<br \/><a href=\"https:\/\/www.clarin.com\/deportes\/posteo-cavani-dedicado-companeros-medio-crisis-boca-seguir-metiendole_0_AXfEGhpC4f.html\">Fuente Clarin.com <\/a><\/p>\n","protected":false},"excerpt":{"rendered":"<p>Boca no encuentra el rumbo. Si bien el semestre reci\u00e9n arranca, carga con una mochila pesad\u00edsima despu\u00e9s de una p\u00e9sima primer parte del a\u00f1o con la prematura eliminaci\u00f3n por Copa Libertadores ante Alianza Lima, el cl\u00e1sico perdido ante River que termin\u00f3 con el ciclo de Fernando Gago, y el traspi\u00e9 en el Torneo Apertura ante [&hellip;]<\/p>\n","protected":false},"author":1,"featured_media":45363,"comment_status":"open","ping_status":"open","sticky":false,"template":"","format":"standard","meta":{"footnotes":""},"categories":[2],"tags":[707,2699,2479,625,6622,942,1224,24631,1838,1308,40],"class_list":["post-45362","post","type-post","status-publish","format-standard","has-post-thumbnail","hentry","category-ultimas-noticias","tag-boca","tag-cavani","tag-companeros","tag-crisis","tag-dedicado","tag-hay","tag-medio","tag-metiendole","tag-posteo","tag-seguir","tag-sus"],"_links":{"self":[{"href":"https:\/\/13.com.ar\/index.php\/wp-json\/wp\/v2\/posts\/45362","targetHints":{"allow":["GET"]}}],"collection":[{"href":"https:\/\/13.com.ar\/index.php\/wp-json\/wp\/v2\/posts"}],"about":[{"href":"https:\/\/13.com.ar\/index.php\/wp-json\/wp\/v2\/types\/post"}],"author":[{"embeddable":true,"href":"https:\/\/13.com.ar\/index.php\/wp-json\/wp\/v2\/users\/1"}],"replies":[{"embeddable":true,"href":"https:\/\/13.com.ar\/index.php\/wp-json\/wp\/v2\/comments?post=45362"}],"version-history":[{"count":0,"href":"https:\/\/13.com.ar\/index.php\/wp-json\/wp\/v2\/posts\/45362\/revisions"}],"wp:featuredmedia":[{"embeddable":true,"href":"https:\/\/13.com.ar\/index.php\/wp-json\/wp\/v2\/media\/45363"}],"wp:attachment":[{"href":"https:\/\/13.com.ar\/index.php\/wp-json\/wp\/v2\/media?parent=45362"}],"wp:term":[{"taxonomy":"category","embeddable":true,"href":"https:\/\/13.com.ar\/index.php\/wp-json\/wp\/v2\/categories?post=45362"},{"taxonomy":"post_tag","embeddable":true,"href":"https:\/\/13.com.ar\/index.php\/wp-json\/wp\/v2\/tags?post=45362"}],"curies":[{"name":"wp","href":"https:\/\/api.w.org\/{rel}","templated":true}]}}