{"id":45360,"date":"2025-07-25T11:05:57","date_gmt":"2025-07-25T14:05:57","guid":{"rendered":"https:\/\/13.com.ar\/index.php\/que-dice-el-pronostico-para-el-fin-de-semana\/"},"modified":"2025-07-25T11:05:57","modified_gmt":"2025-07-25T14:05:57","slug":"que-dice-el-pronostico-para-el-fin-de-semana","status":"publish","type":"post","link":"https:\/\/13.com.ar\/index.php\/que-dice-el-pronostico-para-el-fin-de-semana\/","title":{"rendered":"qu\u00e9 dice el pron\u00f3stico para el fin de semana"},"content":{"rendered":"<p> <br \/>\n<br \/><img decoding=\"async\" src=\"https:\/\/13.com.ar\/wp-content\/uploads\/2025\/07\/que-dice-el-pronostico-para-el-fin-de-semana.jpg\" \/><\/p>\n<div id=\"element-body-0\">\n<p><strong>El invierno no cede en la Ciudad de Buenos Aires y el conurbano<\/strong>, donde este fin de semana se mantendr\u00e1n las temperaturas frescas, el cielo nublado y se anticipan r\u00e1fagas de viento. Aunque se prev\u00e9n algunas lluvias aisladas, no se esperan fen\u00f3menos extremos.<\/p>\n<\/div>\n<div id=\"element-body-1\">\n<p>De acuerdo al pron\u00f3stico del Servicio Meteorol\u00f3gico Nacional (SMN), este viernes comienza con lluvias durante la ma\u00f1ana y seguir\u00e1 con chaparrones aislados por la tarde, bajo un cielo mayormente cubierto. Las temperaturas se mover\u00e1n entre los <strong>11\u00b0 de m\u00ednima y los 15\u00b0 de m\u00e1xima, con viento rotando del norte al sur.<\/strong><\/p>\n<\/div>\n<div id=\"element-body-2\">\n<p>El s\u00e1bado no se esperan precipitaciones, pero el panorama se mantendr\u00e1 invernal. El cielo continuar\u00e1 nublado, la m\u00ednima bajar\u00e1 a 8\u00b0 y la m\u00e1xima no pasar\u00e1 de los 12\u00b0. A partir de la tarde, se prev\u00e9n r\u00e1fagas de viento que podr\u00edan alcanzar los 50 kil\u00f3metros por hora.<\/p>\n<\/div>\n<div id=\"element-body-3\">\n<p>El domingo el clima seguir\u00e1 en la misma l\u00ednea: cielo cubierto, r\u00e1fagas intensas y ambiente fresco. <strong>La m\u00ednima ser\u00e1 de 7\u00b0 y la m\u00e1xima de 13\u00b0<\/strong>. Se esperan lloviznas por la ma\u00f1ana, con viento soplando desde el este.<\/p>\n<\/div>\n<div id=\"element-body-4\">\n<p>Para el inicio de la pr\u00f3xima semana, el SMN anticipa que el cielo se mantendr\u00e1 mayormente nublado, pero sin lluvias a la vista. El viento, proveniente del noreste y luego del norte, permitir\u00e1 un leve ascenso de las temperaturas, con m\u00e1ximas que podr\u00edan volver a ubicarse en torno a los 16\u00b0 hacia mitad de semana.<\/p>\n<\/div>\n<p><br \/>\n<br \/><a href=\"https:\/\/www.clarin.com\/sociedad\/lluvias-frio-amba-dice-pronostico-fin-semana_0_QcyUTd1S01.html\">Fuente Clarin.com <\/a><\/p>\n","protected":false},"excerpt":{"rendered":"<p>El invierno no cede en la Ciudad de Buenos Aires y el conurbano, donde este fin de semana se mantendr\u00e1n las temperaturas frescas, el cielo nublado y se anticipan r\u00e1fagas de viento. Aunque se prev\u00e9n algunas lluvias aisladas, no se esperan fen\u00f3menos extremos. De acuerdo al pron\u00f3stico del Servicio Meteorol\u00f3gico Nacional (SMN), este viernes comienza [&hellip;]<\/p>\n","protected":false},"author":1,"featured_media":45361,"comment_status":"open","ping_status":"open","sticky":false,"template":"","format":"standard","meta":{"footnotes":""},"categories":[2],"tags":[655,981,16,9376,286,982],"class_list":["post-45360","post","type-post","status-publish","format-standard","has-post-thumbnail","hentry","category-ultimas-noticias","tag-dice","tag-fin","tag-para","tag-pronostico","tag-que","tag-semana"],"_links":{"self":[{"href":"https:\/\/13.com.ar\/index.php\/wp-json\/wp\/v2\/posts\/45360","targetHints":{"allow":["GET"]}}],"collection":[{"href":"https:\/\/13.com.ar\/index.php\/wp-json\/wp\/v2\/posts"}],"about":[{"href":"https:\/\/13.com.ar\/index.php\/wp-json\/wp\/v2\/types\/post"}],"author":[{"embeddable":true,"href":"https:\/\/13.com.ar\/index.php\/wp-json\/wp\/v2\/users\/1"}],"replies":[{"embeddable":true,"href":"https:\/\/13.com.ar\/index.php\/wp-json\/wp\/v2\/comments?post=45360"}],"version-history":[{"count":0,"href":"https:\/\/13.com.ar\/index.php\/wp-json\/wp\/v2\/posts\/45360\/revisions"}],"wp:featuredmedia":[{"embeddable":true,"href":"https:\/\/13.com.ar\/index.php\/wp-json\/wp\/v2\/media\/45361"}],"wp:attachment":[{"href":"https:\/\/13.com.ar\/index.php\/wp-json\/wp\/v2\/media?parent=45360"}],"wp:term":[{"taxonomy":"category","embeddable":true,"href":"https:\/\/13.com.ar\/index.php\/wp-json\/wp\/v2\/categories?post=45360"},{"taxonomy":"post_tag","embeddable":true,"href":"https:\/\/13.com.ar\/index.php\/wp-json\/wp\/v2\/tags?post=45360"}],"curies":[{"name":"wp","href":"https:\/\/api.w.org\/{rel}","templated":true}]}}