{"id":45358,"date":"2025-07-25T11:02:56","date_gmt":"2025-07-25T14:02:56","guid":{"rendered":"https:\/\/13.com.ar\/index.php\/fue-una-fiesta-no-pudo-salir-mejor\/"},"modified":"2025-07-25T11:02:56","modified_gmt":"2025-07-25T14:02:56","slug":"fue-una-fiesta-no-pudo-salir-mejor","status":"publish","type":"post","link":"https:\/\/13.com.ar\/index.php\/fue-una-fiesta-no-pudo-salir-mejor\/","title":{"rendered":"Fue una fiesta, no pudo salir mejor"},"content":{"rendered":"<p> <br \/>\n<br \/><img decoding=\"async\" src=\"https:\/\/13.com.ar\/wp-content\/uploads\/2025\/07\/Fue-una-fiesta-no-pudo-salir-mejor.jpg\" \/><\/p>\n<div id=\"element-body-0\">\n<p>Al d\u00eda siguiente de visitar la Exposici\u00f3n Rural de Palermo para mantener un encuentro con los representantes de la Mesa de Enlace, el ministro de Econom\u00eda de la Naci\u00f3n, <strong>Luis Caputo<\/strong>, se quej\u00f3 de la tapa de <strong>Clar\u00edn<\/strong> y asegur\u00f3 que paso por el predio ferial  fue &#8220;<strong>una verdadera fiesta<\/strong>&#8220;.<\/p>\n<\/div>\n<div id=\"element-body-1\">\n<p>&#8220;Ayer La Rural fue una verdadera fiesta! No pudo haber salido mejor, todo!! <strong>Gracias al campo por semejante agasajo<\/strong>!! La tapa de Clar\u00edn \ud83d\udc47\ud83e\udd37\u200d\u2642\ufe0f&#8221;, sentenci\u00f3 Caputo a trav\u00e9s de un posteo en su cuenta de la red social X. <\/p>\n<\/div>\n<div id=\"element-body-2\">\n<p>En su publicaci\u00f3n v\u00eda redes, en la que el funcionario nacional comparti\u00f3 una imagen con la cuestionada tapa de este diario, el titular del Palacio de Hacienda busc\u00f3 desterrar cualquier tipo de rumor sobre un clima hostil en la previa del discurso que realizar\u00e1 el presidente Javier Milei durante la inauguraci\u00f3n oficial de la 137\u00b0 Exposici\u00f3n de Ganader\u00eda, Agricultura e Industria Internacional. <\/p>\n<\/div>\n<div id=\"element-body-3\">\n<p>El planteo del funcionario estuvo orientado a la fotograf\u00eda que <strong>Clar\u00edn <\/strong>utiliz\u00f3 para ilustrar la nota de tapa, donde se puede ver al ministro de Econom\u00eda llev\u00e1ndose su mano derecha a la frente y el ep\u00edgrafe indica &#8220;el campo, un dolor de cabeza parta Caputo&#8221;.<\/p>\n<\/div>\n<div id=\"element-body-4\">\n<blockquote class=\"twitter-tweet\">\n<p lang=\"es\" dir=\"ltr\">Ayer La Rural fue una verdadera fiesta! No pudo haber salido mejor, todo!! <br \/>Gracias al campo por semejante agasajo!!<\/p>\n<p>La tapa de Clar\u00edn \ud83d\udc47\ud83e\udd37\u200d\u2642\ufe0f <a rel=\"nofollow\" target=\"_blank\" href=\"https:\/\/t.co\/Mri28hzm7z\">pic.twitter.com\/Mri28hzm7z<\/a><\/p>\n<p>\u2014 totocaputo (@LuisCaputoAR) <a rel=\"nofollow\" target=\"_blank\" href=\"https:\/\/twitter.com\/LuisCaputoAR\/status\/1948711531425702127?ref_src=twsrc%5Etfw\">July 25, 2025<\/a><\/p><\/blockquote>\n<\/div>\n<div id=\"element-body-5\">\n<p>Luego de alcanzar un acuerdo t\u00e9cnico con el FMI, la Casa Rosada afina por estas horas el anuncio con el que el jefe de Estado buscar\u00e1 hacerle un gui\u00f1o al campo. En las \u00faltimas horas trascendi\u00f3 que el jefe de Estado podr\u00eda anunciar la eliminaci\u00f3n total de las retenciones a la carne. <\/p>\n<\/div>\n<div id=\"element-body-6\">\n<p>Ante m\u00faltiples versiones sobre los anuncios que podr\u00eda realizar el Presidente, hasta ahora lo \u00fanico en firme consiste, ante cuentas que no cierran en numerosos cultivos, en la eliminaci\u00f3n de las retenciones en el caso de los novillos. Eran de 9%, fueron reducidas a 6,75% y quedar\u00edan en cero para facilitar y estimular la exportaci\u00f3n de carnes. Tambi\u00e9n es un anuncio oportuno en una exposici\u00f3n ganadera que este a\u00f1o luce ejemplares con una belleza en su performance pocas veces vista.<\/p>\n<\/div>\n<div id=\"element-body-7\">\n<p>&#8220;Siempre hemos dicho que el campo es una prioridad para este Gobierno y que siempre queremos eliminar las retenciones que tanto da\u00f1o han hecho al crecimiento del campo&#8221;, plante\u00f3 el ministro de Econom\u00eda, Luis Caputo, quien visit\u00f3 el predio ferial este jueves para mantener un encuentro con los representantes de la Mesa de Enlace.<\/p>\n<\/div>\n<div id=\"element-body-9\">\n<p><strong>&#8220;Excelente&#8221;<\/strong>, calific\u00f3 el funcionario tras la reuni\u00f3n con Nicol\u00e1s Pino (Sociedad Rural Argentina) , Carlos Castagnani (Confederaciones Rurales Argentinas) Andrea Sarnari (Federaci\u00f3n Agraria Argentina) y Lucas Magnano (Coninagro). <\/p>\n<\/div>\n<div id=\"element-body-10\">\n<p>En di\u00e1logo con la prensa, el ministro de Econom\u00eda destac\u00f3: &#8220;Es un sector con el que intercambiamos mucho. Y cuando ten\u00e9s mucho di\u00e1logo con un sector, las cosas funcionan m\u00e1s, porque hay buena comunicaci\u00f3n de ambos lados&#8221;.<\/p>\n<\/div>\n<div id=\"element-body-11\">\n<p>Durante la reuni\u00f3n, que dur\u00f3 poco m\u00e1s de media hora en las oficinas de la Presidencia de la Rural de Palermo, no se adelantaron nuevas medidas, ya que \u2013seg\u00fan afirm\u00f3 el ministro\u2013 los anuncios seguir\u00e1n siendo una potestad exclusiva del Presidente. <\/p>\n<\/div>\n<div id=\"element-body-13\">\n<p>&#8220;Ellos saben perfectamente que as\u00ed va a ser, as\u00ed que tampoco han preguntado por ninguna medida espec\u00edfica&#8221;, explic\u00f3 Caputo, quien estuvo acompa\u00f1ado por el secretario de Agricultura, Sergio Iraeta, y el titular de Arca, Juan Pazo. &#8220;Por supuesto que<strong> tenemos limitaciones<\/strong>, que son las presupuestarias, que todos conocen, porque el ancla fiscal es lo m\u00e1s importante en este Gobierno&#8221;, agreg\u00f3 el ministro.<\/p>\n<\/div>\n<div id=\"element-body-14\">\n<p>Luego de la reuni\u00f3n con los dirigentes rurales, Caputo fue hasta el stand que tiene el Ministerio de Econom\u00eda en la Expo Rural y luego se dirigi\u00f3 al restaurante central para un almuerzo que mantuvo con dirigentes de la Sociedad Rural \u00fanicamente. El resto de la mesa de enlace ten\u00eda previsto almorzar con la Coviar.<\/p>\n<\/div>\n<p><script async src=\"\/\/platform.twitter.com\/widgets.js\" charset=\"utf-8\"><\/script><br \/>\n<br \/><br \/>\n<br \/><a href=\"https:\/\/www.clarin.com\/politica\/luis-caputo-quejo-tapa-clarin-paso-rural-fiesta-pudo-salir-mejor_0_VUPSfZjsE8.html\">Fuente Clarin.com <\/a><\/p>\n","protected":false},"excerpt":{"rendered":"<p>Al d\u00eda siguiente de visitar la Exposici\u00f3n Rural de Palermo para mantener un encuentro con los representantes de la Mesa de Enlace, el ministro de Econom\u00eda de la Naci\u00f3n, Luis Caputo, se quej\u00f3 de la tapa de Clar\u00edn y asegur\u00f3 que paso por el predio ferial fue &#8220;una verdadera fiesta&#8220;. &#8220;Ayer La Rural fue una [&hellip;]<\/p>\n","protected":false},"author":1,"featured_media":45359,"comment_status":"open","ping_status":"open","sticky":false,"template":"","format":"standard","meta":{"footnotes":""},"categories":[2],"tags":[381,105,727,3050,1660,73],"class_list":["post-45358","post","type-post","status-publish","format-standard","has-post-thumbnail","hentry","category-ultimas-noticias","tag-fiesta","tag-fue","tag-mejor","tag-pudo","tag-salir","tag-una"],"_links":{"self":[{"href":"https:\/\/13.com.ar\/index.php\/wp-json\/wp\/v2\/posts\/45358","targetHints":{"allow":["GET"]}}],"collection":[{"href":"https:\/\/13.com.ar\/index.php\/wp-json\/wp\/v2\/posts"}],"about":[{"href":"https:\/\/13.com.ar\/index.php\/wp-json\/wp\/v2\/types\/post"}],"author":[{"embeddable":true,"href":"https:\/\/13.com.ar\/index.php\/wp-json\/wp\/v2\/users\/1"}],"replies":[{"embeddable":true,"href":"https:\/\/13.com.ar\/index.php\/wp-json\/wp\/v2\/comments?post=45358"}],"version-history":[{"count":0,"href":"https:\/\/13.com.ar\/index.php\/wp-json\/wp\/v2\/posts\/45358\/revisions"}],"wp:featuredmedia":[{"embeddable":true,"href":"https:\/\/13.com.ar\/index.php\/wp-json\/wp\/v2\/media\/45359"}],"wp:attachment":[{"href":"https:\/\/13.com.ar\/index.php\/wp-json\/wp\/v2\/media?parent=45358"}],"wp:term":[{"taxonomy":"category","embeddable":true,"href":"https:\/\/13.com.ar\/index.php\/wp-json\/wp\/v2\/categories?post=45358"},{"taxonomy":"post_tag","embeddable":true,"href":"https:\/\/13.com.ar\/index.php\/wp-json\/wp\/v2\/tags?post=45358"}],"curies":[{"name":"wp","href":"https:\/\/api.w.org\/{rel}","templated":true}]}}