{"id":45354,"date":"2025-07-25T10:56:56","date_gmt":"2025-07-25T13:56:56","guid":{"rendered":"https:\/\/13.com.ar\/index.php\/se-corre-en-el-gp-de-belgica-y-es-la-primera-en-alpine-para-colapinto-que-tiene-un-interesante-historial\/"},"modified":"2025-07-25T10:56:56","modified_gmt":"2025-07-25T13:56:56","slug":"se-corre-en-el-gp-de-belgica-y-es-la-primera-en-alpine-para-colapinto-que-tiene-un-interesante-historial","status":"publish","type":"post","link":"https:\/\/13.com.ar\/index.php\/se-corre-en-el-gp-de-belgica-y-es-la-primera-en-alpine-para-colapinto-que-tiene-un-interesante-historial\/","title":{"rendered":"se corre en el GP de Belgica y es la primera en Alpine para Colapinto, que tiene un interesante historial"},"content":{"rendered":"<p> <br \/>\n<br \/><img decoding=\"async\" src=\"https:\/\/13.com.ar\/wp-content\/uploads\/2025\/07\/se-corre-en-el-GP-de-Belgica-y-es-la.jpg\" \/><\/p>\n<div id=\"element-body-0\">\n<p>Esta ma\u00f1ana arranc\u00f3 la acci\u00f3n en el <strong>Circuito de Spa-Francorchamp<\/strong>s donde se disputa el <strong>Gran Premio de B\u00e9lgica<\/strong>. Los pilotos salieron a la pista desde temprano para disputar la \u00fanica pr\u00e1ctica libre de este fin de semana que no tuvo demasiados puntos salientes. <strong>Oscar Piastri <\/strong>fue el m\u00e1s r\u00e1pido, delante de <strong>Lando Norris<\/strong>, demostrando el poder\u00edo de <strong>McLaren <\/strong>en lo que va del a\u00f1o, mientras que<strong> Franco Colapinto<\/strong> qued\u00f3 19\u00b0, cerca de su compa\u00f1ero <strong>Pierre Gasly<\/strong>, que logr\u00f3 el 17\u00b0 registro. Ahora les queda prepararse para la pr\u00f3xima prueba del d\u00eda: la clasificaci\u00f3n de la carrera s<em>print<\/em>.<\/p>\n<\/div>\n<div id=\"element-body-1\">\n<p>Por tercera vez en la temporada se disputa este formato de carrera en el que los pilotos tienen la oportunidad de sumar algunos puntos extra tanto en el Campeonato de Pilotos como en el de Constructores. En su s\u00e9ptimo fin de semana como piloto de Alpine, Franco Colapinto tendr\u00e1 su primer sprint.<\/p>\n<\/div>\n<div id=\"element-body-3\">\n<p>El F1 Sprint es una carrera corta de aproximadamente 100 km, es decir, un tercio de la distancia t\u00edpica de un Gran Premio. Se estima que dura alrededor de 30 minutos que &#8220;se ha elegido para fomentar una carrera din\u00e1mica&#8221;, seg\u00fan explica el sitio oficial.<\/p>\n<\/div>\n<div id=\"element-body-4\">\n<p>A diferencia de un Gran Premio, no hay paradas obligatorias en boxes. Si bien no est\u00e1n prohibidas, la carrera es demasiado corta como para que los cambios de neum\u00e1ticos sean efectivos. En el caso del GP de B\u00e9lgica, la sprint tendr\u00e1 15 vueltas, a diferencia de la carrera del domingo, que tendr\u00e1 44.<\/p>\n<\/div>\n<div id=\"element-body-5\">\n<p>Mientras que los tradicionales GP los primeros diez pilotos obtienen puntos, <strong>en las carreras sprint se otorgan a los ocho mejores coches. <\/strong><\/p>\n<\/div>\n<div id=\"element-body-6\">\n<p>Esta ser\u00e1 la primera sprint que dispute Franco Colapinto como piloto de Alpine, ya que las dos anteriores las corri\u00f3 <strong>Jack Doohan<\/strong>. En el calendario de este a\u00f1o no hay mucha diferencia en los grandes premios que se disputan con este formato, salvo el de este fin de semana, ya que la tercera sprint de la temporada se alberga en B\u00e9lgica en vez de en el Red Bull Ring de Austria como se hizo el a\u00f1o pasado. Las tres restantes ser\u00e1n en Austin, Qatar y Brasil.<\/p>\n<\/div>\n<div id=\"element-body-7\">\n<p><strong>\u00bfY c\u00f3mo le fue a Alpine en las dos Sprint previas de este a\u00f1o? <\/strong>Regular. En la recordada carrera de China, porque all\u00ed Lewis Hamilton obtuvo su primera victoria como piloto de <strong>Ferrari<\/strong>, Jack Doohan fue \u00faltimo y Gasly qued\u00f3 12\u00b0. En Miami, en tanto, el australiano se despidi\u00f3 de Alpine con un puesto 16 el s\u00e1bado y el franc\u00e9s logr\u00f3 llevarse el mencionado punto por su octavo lugar.<\/p>\n<\/div>\n<div id=\"element-body-10\">\n<p>Los antecedentes del bonaerense son interesantes, m\u00e1s all\u00e1 de lo que hizo en las categor\u00edas teloneras, con cinco victorias entre la F\u00f3rmula 3 y F\u00f3rmula 2. <\/p>\n<\/div>\n<div id=\"element-body-11\">\n<p>El a\u00f1o pasado, ya en la F1 con <strong>Williams<\/strong>, qued\u00f3 en la SQ3 de la clasificaci\u00f3n de la Sprint Race del GP de Estados Unidos, mientras que en la carrera fue 12\u00b0, cinco puestos por delante de su compa\u00f1ero <strong>Alex Albon<\/strong>. Luego, en San Pablo, aunque vivi\u00f3 su primer abandono en un domingo para el olvido bajo la lluvia en el Aut\u00f3dromo Jos\u00e9 Carlos Pace, repiti\u00f3 ese 12\u00b0 lugar en la carrera corta, detr\u00e1s del tailand\u00e9s pero recuperando dos puestos de su posici\u00f3n de largada. En Qatar, durante un dif\u00edcil fin de semana ya que el equipo ingl\u00e9s no contaba con piezas para recuperar el FW46 da\u00f1ado en Las Vegas, acab\u00f3 18\u00b0.<\/p>\n<\/div>\n<div id=\"element-body-12\">\n<p>En la previa del GP de B\u00e9lgica, Colapinto valor\u00f3 que tuvo &#8220;un descanso de dos semanas muy bienvenido despu\u00e9s de Silverstone&#8221;, porque &#8220;es inusual tener dos semanas libres entre carreras, as\u00ed que tambi\u00e9n fue bueno tener tiempo para recuperarse&#8221;. <\/p>\n<\/div>\n<div id=\"element-body-13\">\n<p>&#8220;Hice un viaje a Barcelona para entrenar y me siento descansado y listo para volver a la pista en Spa-Francorchamps. Buscaremos maximizar los pr\u00f3ximos dos fines de semana y empezar la segunda mitad de la temporada con buen pie&#8221;, dese\u00f3 sobre una fecha en la que vivir\u00e1 su primera carrera Sprint desde que est\u00e1 en Alpine, ya que B\u00e9lgica (que ya organiz\u00f3 uno en 2023) hered\u00f3 de Austria el tercer evento sprint del a\u00f1o, mientras que los otros cinco circuitos permanecen sin cambios (los siguientes ser\u00e1n en Austin, Brasil y Qatar).<\/p>\n<\/div>\n<div id=\"element-body-16\">\n<p><u>Pr\u00e1ctica libre<\/u>: 07.30 (completado)<\/p>\n<\/div>\n<div id=\"element-body-17\">\n<p><u>Clasificaci\u00f3n sprint<\/u>: 11.30<\/p>\n<\/div>\n<p><br \/>\n<br \/><a href=\"https:\/\/www.clarin.com\/deportes\/carrera-sprint-formula-1-corre-gp-belgica-primera-alpine-colapinto-interesante-historial_0_2WFjAgoJKV.html\">Fuente Clarin.com <\/a><\/p>\n","protected":false},"excerpt":{"rendered":"<p>Esta ma\u00f1ana arranc\u00f3 la acci\u00f3n en el Circuito de Spa-Francorchamps donde se disputa el Gran Premio de B\u00e9lgica. Los pilotos salieron a la pista desde temprano para disputar la \u00fanica pr\u00e1ctica libre de este fin de semana que no tuvo demasiados puntos salientes. Oscar Piastri fue el m\u00e1s r\u00e1pido, delante de Lando Norris, demostrando el [&hellip;]<\/p>\n","protected":false},"author":1,"featured_media":45355,"comment_status":"open","ping_status":"open","sticky":false,"template":"","format":"standard","meta":{"footnotes":""},"categories":[2],"tags":[3963,17036,1053,8146,12965,24428,16,89,1486],"class_list":["post-45354","post","type-post","status-publish","format-standard","has-post-thumbnail","hentry","category-ultimas-noticias","tag-alpine","tag-belgica","tag-colapinto","tag-corre","tag-historial","tag-interesante","tag-para","tag-primera","tag-tiene"],"_links":{"self":[{"href":"https:\/\/13.com.ar\/index.php\/wp-json\/wp\/v2\/posts\/45354","targetHints":{"allow":["GET"]}}],"collection":[{"href":"https:\/\/13.com.ar\/index.php\/wp-json\/wp\/v2\/posts"}],"about":[{"href":"https:\/\/13.com.ar\/index.php\/wp-json\/wp\/v2\/types\/post"}],"author":[{"embeddable":true,"href":"https:\/\/13.com.ar\/index.php\/wp-json\/wp\/v2\/users\/1"}],"replies":[{"embeddable":true,"href":"https:\/\/13.com.ar\/index.php\/wp-json\/wp\/v2\/comments?post=45354"}],"version-history":[{"count":0,"href":"https:\/\/13.com.ar\/index.php\/wp-json\/wp\/v2\/posts\/45354\/revisions"}],"wp:featuredmedia":[{"embeddable":true,"href":"https:\/\/13.com.ar\/index.php\/wp-json\/wp\/v2\/media\/45355"}],"wp:attachment":[{"href":"https:\/\/13.com.ar\/index.php\/wp-json\/wp\/v2\/media?parent=45354"}],"wp:term":[{"taxonomy":"category","embeddable":true,"href":"https:\/\/13.com.ar\/index.php\/wp-json\/wp\/v2\/categories?post=45354"},{"taxonomy":"post_tag","embeddable":true,"href":"https:\/\/13.com.ar\/index.php\/wp-json\/wp\/v2\/tags?post=45354"}],"curies":[{"name":"wp","href":"https:\/\/api.w.org\/{rel}","templated":true}]}}