{"id":4530,"date":"2025-02-13T10:42:16","date_gmt":"2025-02-13T13:42:16","guid":{"rendered":"https:\/\/13.com.ar\/index.php\/cuando-sera-la-presentacion-oficial\/"},"modified":"2025-02-13T10:42:16","modified_gmt":"2025-02-13T13:42:16","slug":"cuando-sera-la-presentacion-oficial","status":"publish","type":"post","link":"https:\/\/13.com.ar\/index.php\/cuando-sera-la-presentacion-oficial\/","title":{"rendered":"cu\u00e1ndo ser\u00e1 la presentaci\u00f3n oficial"},"content":{"rendered":"<p> <br \/>\n<br \/><img decoding=\"async\" src=\"https:\/\/13.com.ar\/wp-content\/uploads\/2025\/02\/cuando-sera-la-presentacion-oficial.jpg\" \/><\/p>\n<div>\n<p>La escuder\u00eda<strong> McLaren<\/strong>, ganadora por equipos en 2024, present\u00f3 este jueves en el circuito de <strong>Silverstone <\/strong>su nuevo monoplaza, el <strong>MCL39<\/strong>, con el que aspira al Campeonato del Mundo. de <strong>F\u00f3rmula 1 <\/strong>en 2025.<\/p>\n<\/div>\n<div>\n<p>Tras conquistar en 2024 el t\u00edtulo de constructores, la escuder\u00eda brit\u00e1nica opta con el brit\u00e1nico <strong>Lando Norris <\/strong>y el australiano <strong>Oscar Piastri <\/strong>a un primer campeonato del mundo de pilotos desde que lo lograra Lewis Hamilton en 2008.<\/p>\n<\/div>\n<div>\n<p><strong>Zak Brown<\/strong>, consejero delegado de McLaren Racing, asegur\u00f3 que este jueves ha sido un &#8220;punto clave&#8221; para su aventura en la lucha por el t\u00edtulo de 2025 y que es &#8220;genial&#8221; poder tener a su candidato por primera vez en el asfalto, como consecuencia del trabajo de equipo hecho.<\/p>\n<\/div>\n<div>\n<p>&#8220;Tenemos que ser realistas sobre que todo equipo habr\u00e1 progresado este invierno. El a\u00f1o pasado ya vimos lo cerca que ha estado todo, lo que es bonito para el deporte. <strong>Creemos que hemos avanzado m\u00e1s desde el t\u00edtulo ganado<\/strong> con el MCL38, pero no sabremos d\u00f3nde estamos realmente hasta que empiece la clasificaci\u00f3n en Australia&#8221;, a\u00f1adi\u00f3 Brown.<\/p>\n<\/div>\n<div>\n<p>&#8220;He vuelto a McLaren para preparar la temporada y el ambiente es muy bueno. Tenemos muchas ganas de poner el coche en <strong>Bahr\u00e9in<\/strong>, antes del debut competitivo en <strong>Australia<\/strong>, y ver d\u00f3nde estamos respecto al resto de equipo&#8221;, asegur\u00f3 Norris.<\/p>\n<\/div>\n<div>\n<p>Los equipos de <strong>F\u00f3rmula 1<\/strong> har\u00e1n una presentaci\u00f3n conjunta el pr\u00f3ximo 18 de febrero en el O2 de Londres, antes del comienzo de la temporada en Melbourne del 14 al 16 de marzo. <\/p>\n<\/div>\n<p><br \/>\n<br \/><a href=\"https:\/\/www.clarin.com\/deportes\/campeon-mclaren-puso-primera-silverstone-dejo-ver-nuevo-auto-temporada-2025-presentacion-oficial_0_yyoazTPZHU.html\">Fuente Clarin.com <\/a><\/p>\n","protected":false},"excerpt":{"rendered":"<p>La escuder\u00eda McLaren, ganadora por equipos en 2024, present\u00f3 este jueves en el circuito de Silverstone su nuevo monoplaza, el MCL39, con el que aspira al Campeonato del Mundo. de F\u00f3rmula 1 en 2025. Tras conquistar en 2024 el t\u00edtulo de constructores, la escuder\u00eda brit\u00e1nica opta con el brit\u00e1nico Lando Norris y el australiano Oscar [&hellip;]<\/p>\n","protected":false},"author":1,"featured_media":4531,"comment_status":"open","ping_status":"open","sticky":false,"template":"","format":"standard","meta":{"footnotes":""},"categories":[2],"tags":[677,806,5792,153],"class_list":["post-4530","post","type-post","status-publish","format-standard","has-post-thumbnail","hentry","category-ultimas-noticias","tag-cuando","tag-oficial","tag-presentacion","tag-sera"],"_links":{"self":[{"href":"https:\/\/13.com.ar\/index.php\/wp-json\/wp\/v2\/posts\/4530","targetHints":{"allow":["GET"]}}],"collection":[{"href":"https:\/\/13.com.ar\/index.php\/wp-json\/wp\/v2\/posts"}],"about":[{"href":"https:\/\/13.com.ar\/index.php\/wp-json\/wp\/v2\/types\/post"}],"author":[{"embeddable":true,"href":"https:\/\/13.com.ar\/index.php\/wp-json\/wp\/v2\/users\/1"}],"replies":[{"embeddable":true,"href":"https:\/\/13.com.ar\/index.php\/wp-json\/wp\/v2\/comments?post=4530"}],"version-history":[{"count":0,"href":"https:\/\/13.com.ar\/index.php\/wp-json\/wp\/v2\/posts\/4530\/revisions"}],"wp:featuredmedia":[{"embeddable":true,"href":"https:\/\/13.com.ar\/index.php\/wp-json\/wp\/v2\/media\/4531"}],"wp:attachment":[{"href":"https:\/\/13.com.ar\/index.php\/wp-json\/wp\/v2\/media?parent=4530"}],"wp:term":[{"taxonomy":"category","embeddable":true,"href":"https:\/\/13.com.ar\/index.php\/wp-json\/wp\/v2\/categories?post=4530"},{"taxonomy":"post_tag","embeddable":true,"href":"https:\/\/13.com.ar\/index.php\/wp-json\/wp\/v2\/tags?post=4530"}],"curies":[{"name":"wp","href":"https:\/\/api.w.org\/{rel}","templated":true}]}}