{"id":4528,"date":"2025-02-13T10:38:20","date_gmt":"2025-02-13T13:38:20","guid":{"rendered":"https:\/\/13.com.ar\/index.php\/los-viajes-del-che-guevara-por-america-latina\/"},"modified":"2025-02-13T10:38:20","modified_gmt":"2025-02-13T13:38:20","slug":"los-viajes-del-che-guevara-por-america-latina","status":"publish","type":"post","link":"https:\/\/13.com.ar\/index.php\/los-viajes-del-che-guevara-por-america-latina\/","title":{"rendered":"Los viajes del Che Guevara por Am\u00e9rica Latina"},"content":{"rendered":"<p> <br \/>\n<\/p>\n<div id=\"cuerpo\">\n<div class=\"sc-80531b6b-0 chRIGJ container-text text-embed\">\n<p>Es amplio el <strong>mosaico de producciones en torno a la figura del Che Guevara:<\/strong> hay biograf\u00edas, canciones, historietas, estatuas y memorias. Dentro de esa inmensidad, cada producci\u00f3n se las ingenia para destacar distintos hitos de su historia. A partir de un relato \u00e1gil y consistente, <strong><em>El mundo por delante, <\/em><\/strong>con el testimonio de <strong>Carlos \u201cCalica\u201d Ferrer Zorrilla<\/strong> y compuesto literariamente por <strong>Oche Califa<\/strong>, trae el origen del joven Guevara quien se convertir\u00eda en una de las personas m\u00e1s conocidas por su lucha por una sociedad m\u00e1s justa.<\/p>\n<\/div>\n<div class=\"sc-80531b6b-0 chRIGJ container-text text-embed\">\n<p>Aunque<strong> los viajes del Che ya fueron registrados <\/strong>por Calica y Alberto Granado en el libro Los viajes del Che por Sudam\u00e9rica publicado por la editorial Marea, <em>El mundo por delante <\/em>propone<strong> una \u00f3ptica distinta <\/strong>porque nos acerca a<strong> la amistad y a la aventura de j\u00f3venes <\/strong>que quieren conocer el mundo. Construye esa mirada a partir de un tono juvenil y con las ilustraciones de <strong>Gonzalo Gayoso<\/strong>.<\/p>\n<\/div>\n<div class=\"sc-80531b6b-0 chRIGJ container-text text-embed\">\n<p>Los viajes del Che por Latinoam\u00e9rica tuvieron<strong> dos etapas<\/strong>: primero Ernesto recorri\u00f3 con Alberto las tierras de Argentina, Chile, Per\u00fa, Colombia y Venezuela con lo justo y necesario, corri\u00e9ndose de la forma tradicional en la que se viajaba en ese momento. En ese trayecto descubrieron la pobreza y la explotaci\u00f3n en la que viv\u00eda la mayor parte de las poblaciones de Am\u00e9rica.<\/p>\n<\/div>\n<p><h2>Amigo de la infancia<\/h2>\n<\/p>\n<div class=\"sc-80531b6b-0 chRIGJ container-text text-embed\">\n<p>En una segundo trecho, el Che se larg\u00f3 al camino con un nuevo compa\u00f1ero: Calica, <strong>su amigo de la infancia<\/strong>. Recorrieron Bolivia, Per\u00fa y Ecuador y descubrieron las minas y la naturaleza de cada pa\u00eds, las artesan\u00edas, las comidas t\u00edpicas y tambi\u00e9n los movimientos revolucionarios que se estaban gestando.<\/p>\n<\/div>\n<div class=\"sc-198be8ec-0 cynXbu image-embed  image-embed \"><picture class=\"sc-198be8ec-1 kOjRiQ\"><source media=\"(min-width: 975px)\" width=\"720\" height=\"480\" \/><img alt=\"Gonzalo Gayoso escribi\u00f3 El mundo por delante, junto a Carlos &quot;Calica&quot; Ferrer Zorrilla y\u00a0Oche Califa (Marea). Foto: gentileza.\" loading=\"lazy\" width=\"720\" height=\"480\" decoding=\"async\" data-nimg=\"1\" style=\"color:transparent\" src=\"https:\/\/13.com.ar\/wp-content\/uploads\/2025\/02\/Los-viajes-del-Che-Guevara-por-America-Latina.jpg\"\/><span class=\"epigraphe\">Gonzalo Gayoso escribi\u00f3 El mundo por delante, junto a Carlos &#8220;Calica&#8221; Ferrer Zorrilla y\u00a0Oche Califa (Marea). Foto: gentileza.<\/span><span class=\"bkg\"\/><span class=\"picture-open\"><button class=\"open-image\" aria-label=\"Open Image\"\/><\/span><\/picture><\/div>\n<div class=\"sc-80531b6b-0 chRIGJ container-text text-embed\">\n<p>En <em>El tiempo por delante<\/em> las traves\u00edas est\u00e1n narradas con sensibilidad,<strong> poniendo la lupa en los eventos que constituyen personalidades y tambi\u00e9n momentos hist\u00f3ricos<\/strong>. La amistad entre Calica y el Che nace en Alta Gracia, un pueblo en C\u00f3rdoba al que Guevara llega con la enfermedad que no lo fren\u00f3 nunca: el asma.<\/p>\n<\/div>\n<div class=\"sc-80531b6b-0 chRIGJ container-text text-embed\">\n<p>Por aquel entonces, a partir de la mirada de Calica, Guevara mostraba los rasgos de una personalidad que termin\u00f3 por forjar de adulto: <strong>era intr\u00e9pido, valiente y decidido.<\/strong><\/p>\n<\/div>\n<div class=\"sc-80531b6b-0 chRIGJ container-text text-embed\">\n<p>Para la escritura del libro, Oche Califa habl\u00f3 largas horas junto a Carlos. \u201cMe interesaba puntualizar en determinadas cuestiones que ten\u00edan que ver con los ejes centrales de este libro, que son la aventura y la amistad\u201d, cuenta a <strong>Clar\u00edn<\/strong>. De esta manera, <strong>el libro resuena con los libros cl\u00e1sicos<\/strong> como<em> Las aventuras de Tom Sawyer<\/em> de Mark Twain, en los que la juventud y el esp\u00edritu rebelde protagonizan una narrativa de descubrimiento.<\/p>\n<\/div>\n<div class=\"sc-80531b6b-0 chRIGJ container-text text-embed\">\n<p>\u201cNo exist\u00eda el \u2018ser mochilero\u2019. <strong>Se viajaba con valijas<\/strong> y Calica hab\u00eda puesto adentro un buen traje, unas buenas botas, ropa para estar muy bien presentado\u201d, relata Oche y destaca c\u00f3mo la ingenuidad con la que partieron se disipa sobre el final del libro.<\/p>\n<\/div>\n<div class=\"sc-80531b6b-0 chRIGJ container-text text-embed\">\n<p>Los personajes <strong>aprenden a lidiar con un sinf\u00edn de frustraciones<\/strong> como la dificultad para conseguir hospedaje o para comunicarse con las familias a trav\u00e9s de cartas. Todas experiencias que forjan su personalidad y los convierten en adultos.<\/p>\n<\/div>\n<p><h2>Definitivamente el l\u00edder<\/h2>\n<\/p>\n<div class=\"sc-80531b6b-0 chRIGJ container-text text-embed\">\n<p>En esta aventura<strong>, el Che es definitivamente el l\u00edder<\/strong> y Calica tiene el papel de acompa\u00f1ante. \u201cMuchas veces juega un papel m\u00e1s decisivo que el h\u00e9roe principal porque es el que viene a traer raciocinio cuando la situaci\u00f3n se desbanda, es el que modera a veces el \u00edmpetu y alerta cuando el h\u00e9roe eventualmente se puede despistar\u201d, analiza Oche. Es Calica, por ejemplo, quien le pide a Ernesto que se reciba de m\u00e9dico antes de emprender el viaje hacia Bolivia.<\/p>\n<\/div>\n<div class=\"sc-198be8ec-0 cynXbu image-embed  image-embed \"><picture class=\"sc-198be8ec-1 kOjRiQ\"><source media=\"(min-width: 975px)\" width=\"720\" height=\"480\" \/><img alt=\"Regreso de un viaje a Cordoba del Che en 1948 junto con Carlos Calica Ferrer. Archivo Clar\u00edn.\" loading=\"lazy\" width=\"720\" height=\"480\" decoding=\"async\" data-nimg=\"1\" style=\"color:transparent\" src=\"https:\/\/13.com.ar\/wp-content\/uploads\/2025\/02\/1739453900_513_Los-viajes-del-Che-Guevara-por-America-Latina.jpg\"\/><span class=\"epigraphe\">Regreso de un viaje a Cordoba del Che en 1948 junto con Carlos Calica Ferrer. Archivo Clar\u00edn.<\/span><span class=\"bkg\"\/><span class=\"picture-open\"><button class=\"open-image\" aria-label=\"Open Image\"\/><\/span><\/picture><\/div>\n<div class=\"sc-80531b6b-0 chRIGJ container-text text-embed\">\n<p>Una vez en Bolivia, los j\u00f3venes se adentran en la Isla del Sol,<strong> conocen las leyendas incas y hasta ven de cerca la muerte <\/strong>en el lago Titicaca donde los sorprendi\u00f3 una tormenta en la que tuvieron que remar. Tras esta experiencia, viajan a Per\u00fa: conocen Cuzco y Machu Pichu no sin antes tener que sortear m\u00e1s obst\u00e1culos.<\/p>\n<\/div>\n<div class=\"sc-80531b6b-0 chRIGJ container-text text-embed\">\n<p><strong>La dupla entra y sale de la prisi\u00f3n inculpada de cr\u00edmenes que no les corresponden<\/strong> reiteradas veces. Y, poco a poco, aprenden a viajar de una forma que no era conocida hasta entonces: \u201cde mochileros\u201d, con pocas prendas y poco dinero.<\/p>\n<\/div>\n<div class=\"sc-80531b6b-0 chRIGJ container-text text-embed\">\n<p>El libro <strong>tambi\u00e9n se ocupa de los momentos bisagra<\/strong>, de c\u00f3mo una decisi\u00f3n que en el momento parece circunstancial termina por determinar el curso de una historia. Tras la aventura en Ecuador, el Che estaba decidido en viajar hacia Guatemala mientras que Calica prefer\u00eda esperar un barco hacia Panam\u00e1 para reencontrarse con Granado y conseguir trabajo. \u201cNo sospechaba que me estaba separando para siempre de Ernesto\u201d, cuenta Calica sobre ese recuerdo.<\/p>\n<\/div>\n<div class=\"sc-80531b6b-0 chRIGJ container-text text-embed\">\n<p>La edici\u00f3n de <em>El mundo por delante<\/em> <strong>piensa en el p\u00fablico juvenil <\/strong>y logra no dar por hecho per\u00edodos hist\u00f3ricos o elementos culturales que los lectores podr\u00edan desconocer.<\/p>\n<\/div>\n<div class=\"sc-80531b6b-0 chRIGJ container-text text-embed\">\n<p>As\u00ed, cada viaje est\u00e1 acompa\u00f1ado por v<strong>i\u00f1etas que explican las revoluciones, las etnias, los idiomas y la geograf\u00eda<\/strong>. Adem\u00e1s, abre el juego a la sonoridad e incluye fragmentos de canciones a las que se puede acceder a trav\u00e9s de un c\u00f3digo QR.<\/p>\n<\/div>\n<div class=\"sc-80531b6b-0 chRIGJ container-text text-embed\">\n<p>Oche Califa resume: \u201cMucho se ha escrito sobre el Che, pero lo que yo quise contar es lo que Calica transmiti\u00f3: <strong>no solo fue testigo, sino protagonista de esos a\u00f1os<\/strong>\u201d. Y agrega: \u201cla generaci\u00f3n del Che Guevara es la generaci\u00f3n que descubre Am\u00e9rica Latina porque antes Am\u00e9rica Latina para los argentinos pr\u00e1cticamente no exist\u00eda. La Argentina miraba a Europa y a Estados Unidos en general y ten\u00eda un profundo desconocimiento de Am\u00e9rica Latina. No le importaba Chile, Per\u00fa, Ecuador ni Colombia. Ni siquiera M\u00e9xico\u201d.<\/p>\n<\/div>\n<div class=\"sc-80531b6b-0 chRIGJ container-text text-embed\">\n<p>As\u00ed, <em>El mundo por delante<\/em> resulta un homenaje a una figura ic\u00f3nica y el relato \u00edntimo de una amistad que marc\u00f3 un momento hist\u00f3rico a la vez que delinea los fundamentos de una identidad latinoamericana.<\/p>\n<\/div>\n<div class=\"sc-80531b6b-0 chRIGJ container-text text-embed\">\n<p><strong><em>El mundo por delante<\/em>, de Carlos &#8220;Calica&#8221; Ferrer Zorrilla,\u00a0Oche Califa,\u00a0Gonzalo Gayoso (Marea).<\/strong><\/p>\n<\/div>\n<\/div>\n<p><script async src=\"\/\/www.instagram.com\/embed.js\"><\/script><br \/>\n<br \/><br \/>\n<br \/><a href=\"https:\/\/www.clarin.com\/cultura\/mochileros-revolucionarios-viajes-che-guevara-america-latina_0_b5C5omJXBm.html\">Fuente Clarin.com <\/a><\/p>\n","protected":false},"excerpt":{"rendered":"<p>Es amplio el mosaico de producciones en torno a la figura del Che Guevara: hay biograf\u00edas, canciones, historietas, estatuas y memorias. Dentro de esa inmensidad, cada producci\u00f3n se las ingenia para destacar distintos hitos de su historia. A partir de un relato \u00e1gil y consistente, El mundo por delante, con el testimonio de Carlos \u201cCalica\u201d [&hellip;]<\/p>\n","protected":false},"author":1,"featured_media":4529,"comment_status":"open","ping_status":"open","sticky":false,"template":"","format":"standard","meta":{"footnotes":""},"categories":[2],"tags":[3432,6564,100,6565,3433,28,142,362],"class_list":["post-4528","post","type-post","status-publish","format-standard","has-post-thumbnail","hentry","category-ultimas-noticias","tag-america","tag-che","tag-del","tag-guevara","tag-latina","tag-los","tag-por","tag-viajes"],"_links":{"self":[{"href":"https:\/\/13.com.ar\/index.php\/wp-json\/wp\/v2\/posts\/4528","targetHints":{"allow":["GET"]}}],"collection":[{"href":"https:\/\/13.com.ar\/index.php\/wp-json\/wp\/v2\/posts"}],"about":[{"href":"https:\/\/13.com.ar\/index.php\/wp-json\/wp\/v2\/types\/post"}],"author":[{"embeddable":true,"href":"https:\/\/13.com.ar\/index.php\/wp-json\/wp\/v2\/users\/1"}],"replies":[{"embeddable":true,"href":"https:\/\/13.com.ar\/index.php\/wp-json\/wp\/v2\/comments?post=4528"}],"version-history":[{"count":0,"href":"https:\/\/13.com.ar\/index.php\/wp-json\/wp\/v2\/posts\/4528\/revisions"}],"wp:featuredmedia":[{"embeddable":true,"href":"https:\/\/13.com.ar\/index.php\/wp-json\/wp\/v2\/media\/4529"}],"wp:attachment":[{"href":"https:\/\/13.com.ar\/index.php\/wp-json\/wp\/v2\/media?parent=4528"}],"wp:term":[{"taxonomy":"category","embeddable":true,"href":"https:\/\/13.com.ar\/index.php\/wp-json\/wp\/v2\/categories?post=4528"},{"taxonomy":"post_tag","embeddable":true,"href":"https:\/\/13.com.ar\/index.php\/wp-json\/wp\/v2\/tags?post=4528"}],"curies":[{"name":"wp","href":"https:\/\/api.w.org\/{rel}","templated":true}]}}