{"id":4521,"date":"2025-02-13T10:25:36","date_gmt":"2025-02-13T13:25:36","guid":{"rendered":"https:\/\/13.com.ar\/index.php\/el-particular-apodo-que-le-puso-a-la-cantante\/"},"modified":"2025-02-13T10:25:36","modified_gmt":"2025-02-13T13:25:36","slug":"el-particular-apodo-que-le-puso-a-la-cantante","status":"publish","type":"post","link":"https:\/\/13.com.ar\/index.php\/el-particular-apodo-que-le-puso-a-la-cantante\/","title":{"rendered":"el particular apodo que le puso a la cantante"},"content":{"rendered":"<p> <br \/>\n<\/p>\n<div id=\"cuerpo\">\n<div class=\"sc-80531b6b-0 chRIGJ container-text text-embed\">\n<p><strong>Javier Milei<\/strong> arremeti\u00f3 otra vez contra <strong>Mar\u00eda Becerra<\/strong> por sus cr\u00edticas al Gobierno. El pasado fin de semana la artista hab\u00eda cuestionado la falta de gesti\u00f3n para apagar los incendios en el Bols\u00f3n y el Presidente le respondi\u00f3.<\/p>\n<\/div>\n<div class=\"sc-80531b6b-0 chRIGJ container-text text-embed\">\n<p>Luego de que Mar\u00eda Becerra apuntara contra el Gobierno Nacional por no lograr terminar con los incendios que afectan a la<strong> provincia de R\u00edo Negro<\/strong>, Javier Milei no dud\u00f3 en contestarle a trav\u00e9s de sus redes sociales.<\/p>\n<\/div>\n<div class=\"sc-80531b6b-0 chRIGJ container-text text-embed\">\n<p>Primero, el Presidente comparti\u00f3 en su cuenta de Instagram un meme que la caricaturizaba a la artista oriunda de Quilmes cargando <strong>dos valijas llenas de d\u00f3lares <\/strong>provenientes de la provincia de Neuqu\u00e9n, ya que ah\u00ed la hab\u00edan contratado para dar un show en la <strong>Fiesta Nacional de la Confluencia.<\/strong><\/p>\n<\/div>\n<div class=\"sc-80531b6b-0 chRIGJ container-text text-embed\">\n<p>Ahora, en su cuenta de X (ex Twitter), el dirigente libertario escribi\u00f3 un posteo en el que le contesta de manera directa a la cantante y la compara con su colega, <strong>Lali Esp\u00f3sito<\/strong>, quien tambi\u00e9n ha tenido varios cruces con el Gobierno.<\/p>\n<\/div>\n<div class=\"sc-80531b6b-0 chRIGJ container-text text-embed\">\n<p>Ya al comienzo de su tuit, Milei cambi\u00f3 el apellido de la artista por &#8220;BCRA&#8221;, en referencia al Banco Central de la Rep\u00fablica Argentina.<\/p>\n<\/div>\n<div class=\"sc-80531b6b-0 chRIGJ container-text text-embed\">\n<p>&#8220;<strong>Parece que Mar\u00eda BCRA no se enter\u00f3 del despliegue enorme que se est\u00e1 haciendo <\/strong>desde el Gobierno Nacional en la lucha contra el fuego&#8221;, critic\u00f3 al Presidente.<\/p>\n<\/div>\n<div class=\"sc-80531b6b-0 chRIGJ container-text text-embed\">\n<p>Y luego la compar\u00f3 con Mariana Esp\u00f3sito: &#8220;<strong>Debe ser como Ladri Dep\u00f3sito <\/strong>que habla seg\u00fan quien le llena el bolsillo&#8221;.<\/p>\n<\/div>\n<div class=\"sc-198be8ec-0 cynXbu image-embed  image-embed \"><picture class=\"sc-198be8ec-1 kOjRiQ\"><source media=\"(min-width: 975px)\" width=\"720\" height=\"480\" \/><img alt=\"El primer posteo que comparti\u00f3 Javier Milei contra Mar\u00eda Becerra. Foto: Instagram\" loading=\"lazy\" width=\"720\" height=\"480\" decoding=\"async\" data-nimg=\"1\" style=\"color:transparent\" src=\"https:\/\/13.com.ar\/wp-content\/uploads\/2025\/02\/La-fuerte-respuesta-de-Javier-Milei-contra-Maria-Becerra-luego.jpg\"\/><span class=\"epigraphe\">El primer posteo que comparti\u00f3 Javier Milei contra Mar\u00eda Becerra. Foto: Instagram<\/span><span class=\"bkg\"\/><span class=\"picture-open\"><button class=\"open-image\" aria-label=\"Open Image\"\/><\/span><\/picture><\/div>\n<div class=\"sc-80531b6b-0 chRIGJ container-text text-embed\">\n<p>En ese sentido, el Presidente les sugiri\u00f3 a ambas artistas: &#8220;<strong>Estar\u00eda bueno que si hablan, por lo menos lo hagan con fundamento<\/strong>. CIAO!&#8221;.<\/p>\n<\/div>\n<div class=\"sc-106e49c0-0 dcVumd freeHtml-embed undefined\">\n<blockquote class=\"twitter-tweet\">\n<p lang=\"es\" dir=\"ltr\">Parece que Mar\u00eda BCRA no se enter\u00f3 del despliegue enorme que se est\u00e1 haciendo desde el gobierno nacional en la lucha contra el fuego.<br \/>Debe ser como Ladri Dep\u00f3sito que habla seg\u00fan quien le llena el bolsillo.<br \/>Estar\u00eda bueno que si hablan, por lo menos lo hagan con fundamento.<br \/>CIAO! https:\/\/t.co\/hFmcoVgx6s<\/p>\n<p>\u2014 Javier Milei (@JMilei) <a rel=\"nofollow\" target=\"_blank\" href=\"https:\/\/twitter.com\/JMilei\/status\/1890015925602258953?ref_src=twsrc%5Etfw\">February 13, 2025<\/a><\/p><\/blockquote>\n<\/div>\n<p><h2>Las declaraciones de Mar\u00eda Becerra que molestaron a Javier Miliei<\/h2>\n<\/p>\n<div class=\"sc-80531b6b-0 chRIGJ container-text text-embed\">\n<p>La inspolita guerra entre el Presidente y la artista comenz\u00f3 el fin de semana pasado, cuando frente a medio mill\u00f3n de personas, Mar\u00eda Becerra aprovech\u00f3 un show en Neuqu\u00e9n para cuestionar la capacidad del gobierno libertario para terminar con <strong>el voraz incendio forestal en la Patagonia.<\/strong><\/p>\n<\/div>\n<div class=\"sc-80531b6b-0 chRIGJ container-text text-embed\">\n<p>Desde el escenario de la Fiesta Nacional de la Confluencia, Mar\u00eda convoc\u00f3 a los presentes a involucrarse con la dram\u00e1tica situaci\u00f3n que afecta a la Patagonia hace casi 15 d\u00edas: &#8220;No hay que quedarnos de brazos cruzados porque <strong>no se ayuda solo con las palabras<\/strong>. Hay que hacer, hay que compartir, hay que visibilizar la situaci\u00f3n, y <strong>si el Estado no est\u00e1 dando la ayuda necesaria, la damos nosotros&#8221;.<\/strong><\/p>\n<\/div>\n<div class=\"sc-ad4aedf2-0 dPPgNJ border-video video-embed horizontal border-video video-embed horizontal\">\n<div class=\"sc-ad4aedf2-1 hnFuni videoText videoText\">\n<h2>Video<\/h2>\n<p>Mar\u00eda Becerra critic\u00f3 al Gobierno por los incendios en El Bols\u00f3n: &#8220;Si el Estado no est\u00e1 dando la ayuda necesaria, la damos nosotros&#8221;<\/p>\n<\/div>\n<\/div>\n<div class=\"sc-80531b6b-0 chRIGJ container-text text-embed\">\n<p><strong>&#8220;Demostremos que Argentina es un pueblo solidario,<\/strong> que somos fuertes. Si quieren, pueden ir a mis historias de Instagram que hay<strong> informaci\u00f3n muy importante para donar<\/strong>, para que puedan ir aviones hidrantes a seguir apagando el fuego, que es lo que m\u00e1s importa en estos momentos y lo que hay que hacer&#8221;, agreg\u00f3 la artista.<\/p>\n<\/div>\n<div class=\"sc-80531b6b-0 chRIGJ container-text text-embed\">\n<p>Y para cerrar su mensaje, la artista oriunda de Quilmes, provincia de Buenos Aires, levant\u00f3 con sus brazos una bandera blanca que dec\u00eda en letras negras<strong> &#8220;S.O.S Patagonia&#8221;.<\/strong><\/p>\n<\/div>\n<div class=\"sc-80531b6b-0 chRIGJ container-text text-embed\">\n<p>Un par de d\u00edas m\u00e1s tarde, Javier Milei public\u00f3 una cr\u00edtica imagen que pretend\u00eda burlarse de Becerra y <strong>Lali Esp\u00f3sito<\/strong> sali\u00f3 en defensa de su colega.<\/p>\n<\/div>\n<div class=\"sc-80531b6b-0 chRIGJ container-text text-embed\">\n<p>A trav\u00e9s de su perfil de Instagram, Mariana, como es su nombre real, <strong>comparti\u00f3 la canci\u00f3n <em>Autom\u00e1tico<\/em> de Mar\u00eda. <\/strong><\/p>\n<\/div>\n<div class=\"sc-198be8ec-0 cynXbu image-embed  image-embed \"><picture class=\"sc-198be8ec-1 kOjRiQ\"><source media=\"(min-width: 975px)\" width=\"720\" height=\"480\" \/><img alt=\"La publicaci\u00f3n de Lali Esp\u00f3sito en apoyo a Mar\u00eda Becerra. Foto: Instagram\" loading=\"lazy\" width=\"720\" height=\"480\" decoding=\"async\" data-nimg=\"1\" style=\"color:transparent\" src=\"https:\/\/13.com.ar\/wp-content\/uploads\/2025\/02\/1739377889_983_La-fuerte-respuesta-de-Javier-Milei-contra-Maria-Becerra-luego.jpg\"\/><span class=\"epigraphe\">La publicaci\u00f3n de Lali Esp\u00f3sito en apoyo a Mar\u00eda Becerra. Foto: Instagram<\/span><span class=\"bkg\"\/><span class=\"picture-open\"><button class=\"open-image\" aria-label=\"Open Image\"\/><\/span><\/picture><\/div>\n<div class=\"sc-80531b6b-0 chRIGJ container-text text-embed\">\n<p>En redes destacaron que la ex <em>Casi \u00c1ngeles<\/em> eligi\u00f3 ese tema ya que la letra dice: <strong>&#8220;Ponlo en autom\u00e1tico, s\u00e9 mi fan\u00e1tico&#8221;.<\/strong><\/p>\n<\/div>\n<div class=\"sc-198be8ec-0 cynXbu image-embed  image-embed \"><picture class=\"sc-198be8ec-1 kOjRiQ\"><source media=\"(min-width: 975px)\" width=\"720\" height=\"480\" \/><img alt=\"La teor\u00eda de por qu\u00e9 Lali Esp\u00f3sito eligi\u00f3 la canci\u00f3n &quot;Autom\u00e1tico&quot; para defender a Mar\u00eda Becerra. Foto: Twitter\" loading=\"lazy\" width=\"720\" height=\"480\" decoding=\"async\" data-nimg=\"1\" style=\"color:transparent\" src=\"https:\/\/13.com.ar\/wp-content\/uploads\/2025\/02\/el-particular-apodo-que-le-puso-a-la-cantante.jpg\"\/><span class=\"epigraphe\">La teor\u00eda de por qu\u00e9 Lali Esp\u00f3sito eligi\u00f3 la canci\u00f3n &#8220;Autom\u00e1tico&#8221; para defender a Mar\u00eda Becerra. Foto: Twitter<\/span><span class=\"bkg\"\/><span class=\"picture-open\"><button class=\"open-image\" aria-label=\"Open Image\"\/><\/span><\/picture><\/div>\n<div class=\"sc-80531b6b-0 chRIGJ container-text text-embed\">\n<p>Y <em>Fan\u00e1tico<\/em> es el<strong> sencillo que Lali le dedic\u00f3 a Javier Mile<\/strong>i, al acusarlo de estar &#8220;obsesionado&#8221; con ella.<\/p>\n<\/div>\n<\/div>\n<p><script async src=\"\/\/platform.twitter.com\/widgets.js\" charset=\"utf-8\"><\/script><br \/>\n<br \/><br \/>\n<br \/><a href=\"https:\/\/www.clarin.com\/fama\/javier-milei-apunto-nuevamente-maria-becerra-particular-apodo-puso-cantante_0_5mZ2jE5LFq.html\">Fuente Clarin.com <\/a><\/p>\n","protected":false},"excerpt":{"rendered":"<p>Javier Milei arremeti\u00f3 otra vez contra Mar\u00eda Becerra por sus cr\u00edticas al Gobierno. El pasado fin de semana la artista hab\u00eda cuestionado la falta de gesti\u00f3n para apagar los incendios en el Bols\u00f3n y el Presidente le respondi\u00f3. Luego de que Mar\u00eda Becerra apuntara contra el Gobierno Nacional por no lograr terminar con los incendios [&hellip;]<\/p>\n","protected":false},"author":1,"featured_media":4233,"comment_status":"open","ping_status":"open","sticky":false,"template":"","format":"standard","meta":{"footnotes":""},"categories":[2],"tags":[6563,344,1625],"class_list":["post-4521","post","type-post","status-publish","format-standard","has-post-thumbnail","hentry","category-ultimas-noticias","tag-apodo","tag-cantante","tag-puso"],"_links":{"self":[{"href":"https:\/\/13.com.ar\/index.php\/wp-json\/wp\/v2\/posts\/4521","targetHints":{"allow":["GET"]}}],"collection":[{"href":"https:\/\/13.com.ar\/index.php\/wp-json\/wp\/v2\/posts"}],"about":[{"href":"https:\/\/13.com.ar\/index.php\/wp-json\/wp\/v2\/types\/post"}],"author":[{"embeddable":true,"href":"https:\/\/13.com.ar\/index.php\/wp-json\/wp\/v2\/users\/1"}],"replies":[{"embeddable":true,"href":"https:\/\/13.com.ar\/index.php\/wp-json\/wp\/v2\/comments?post=4521"}],"version-history":[{"count":0,"href":"https:\/\/13.com.ar\/index.php\/wp-json\/wp\/v2\/posts\/4521\/revisions"}],"wp:featuredmedia":[{"embeddable":true,"href":"https:\/\/13.com.ar\/index.php\/wp-json\/wp\/v2\/media\/4233"}],"wp:attachment":[{"href":"https:\/\/13.com.ar\/index.php\/wp-json\/wp\/v2\/media?parent=4521"}],"wp:term":[{"taxonomy":"category","embeddable":true,"href":"https:\/\/13.com.ar\/index.php\/wp-json\/wp\/v2\/categories?post=4521"},{"taxonomy":"post_tag","embeddable":true,"href":"https:\/\/13.com.ar\/index.php\/wp-json\/wp\/v2\/tags?post=4521"}],"curies":[{"name":"wp","href":"https:\/\/api.w.org\/{rel}","templated":true}]}}