{"id":4515,"date":"2025-02-13T10:01:37","date_gmt":"2025-02-13T13:01:37","guid":{"rendered":"https:\/\/13.com.ar\/index.php\/ni-soda-stereo-ni-charly-garcia-ni-fito-paez-mana-es-la-primera-banda-en-espanol-nominada-al-salon-de-la-fama-del-rock-roll-en-diez-anos\/"},"modified":"2025-02-13T10:01:37","modified_gmt":"2025-02-13T13:01:37","slug":"ni-soda-stereo-ni-charly-garcia-ni-fito-paez-mana-es-la-primera-banda-en-espanol-nominada-al-salon-de-la-fama-del-rock-roll-en-diez-anos","status":"publish","type":"post","link":"https:\/\/13.com.ar\/index.php\/ni-soda-stereo-ni-charly-garcia-ni-fito-paez-mana-es-la-primera-banda-en-espanol-nominada-al-salon-de-la-fama-del-rock-roll-en-diez-anos\/","title":{"rendered":"Ni Soda Stereo ni Charly Garc\u00eda ni Fito P\u00e1ez, Man\u00e1 es la primera banda en espa\u00f1ol nominada al Sal\u00f3n de la Fama del Rock &#038; Roll en diez a\u00f1os"},"content":{"rendered":"<p> <br \/>\n<br \/><img decoding=\"async\" src=\"https:\/\/13.com.ar\/wp-content\/uploads\/2025\/02\/Ni-Soda-Stereo-ni-Charly-Garcia-ni-Fito-Paez-Mana.jpg\" \/><\/p>\n<div>\n<p>Casi que era un reclamo un\u00e1nime de los fan\u00e1ticos del rock en espa\u00f1ol. Soda Stereo, el tr\u00edo que lider\u00f3 Gustavo Cerati junto a Charly Alberti y Zeta Bosio, deb\u00eda ser incluido en el Sal\u00f3n de la Fama del Rock and Roll. La popularidad de la banda en su gira de regreso me ver\u00e1s volver (2007) por toda Am\u00e9rica, incluyendo los Estados Unidos, m\u00e1s la inclusi\u00f3n de Cerati como uno de los mejores cantantes de rock en varias encuestas internacionales, lo ameritaba, Si no, dos compatriotas tambi\u00e9n ten\u00edan los merecimientos necesarios: Charly Garc\u00eda (un padre del rock en espa\u00f1ol en Am\u00e9rica) y Fito P\u00e1ez.<\/p>\n<\/div>\n<div>\n<p>Pero no, el grupo mexicano Man\u00e1 se convirti\u00f3 el mi\u00e9rcoles 12 de febrero en la primera banda que canta en espa\u00f1ol en ser nominada al Sal\u00f3n de la Fama del Rock &amp; Roll en casi diez a\u00f1os.<\/p>\n<\/div>\n<div>\n<p>Entre los 14 nominados de esta edici\u00f3n est\u00e1n: <strong>Bad Company<\/strong>, The Black Crowes, <strong>Mariah Carey, Chubby Checker, Joe Cocker, Billy Idol, Joy Division\/New Order, Cyndi Lauper<\/strong>, Oasis, <strong>Outkast, Phish, Soundgarden<\/strong> y <strong>The White Stripes<\/strong>.<\/p>\n<\/div>\n<div>\n<p>La banda Man\u00e1 es creadora de canciones como <em>Mariposa traicionera<\/em>, <em>En el muelle de San Blas<\/em>, <em>Oye mi amor <\/em>y <em>Rayando el sol<\/em>, entre otros \u00e9xitos.<\/p>\n<\/div>\n<div>\n<p>&#8220;Los artistas o bandas re\u00fanen los requisitos para la nominaci\u00f3n 25 a\u00f1os despu\u00e9s de lanzar su primera grabaci\u00f3n comercial&#8221;, explic\u00f3 en un comunicado el Sal\u00f3n de la Fama del Rock &amp; Roll. Una m\u00e1s: tanto Soda, como Charly como Fito tienen ese requisito.<\/p>\n<\/div>\n<div>\n<p><strong>Man\u00e1: los primeros en diez a\u00f1os<\/strong><\/p>\n<\/div>\n<div>\n<p>De acuerdo con <em>Billboard<\/em>, con esta nominaci\u00f3n, Man\u00e1 se convierte en la primera agrupaci\u00f3n latina desde que <strong>Los Lobos<\/strong> -el grupo mexicano-estadounidense de rock chicano- fueron nominados en 2016.<\/p>\n<\/div>\n<div>\n<p>Tres artistas latinos -que graban principalmente en ingl\u00e9s- han sido incorporados al Sal\u00f3n de la Fama del Rock desde su primera edici\u00f3n en 1986: <strong>Santana<\/strong> (1998), <strong>Ritchie Valens<\/strong> (2001) y <strong>Linda Ronstadt<\/strong> (2014), de acuerdo con el medio especializado.<\/p>\n<\/div>\n<div>\n<p>&#8220;So\u00f1\u00e1bamos con compartir nuestra propia m\u00fasica con el mundo. Quer\u00edamos compartir los sonidos y el esp\u00edritu de M\u00e9xico y Latinoam\u00e9rica. Ser nominados para el Sal\u00f3n de la Fama del Rock &amp; Roll es algo casi imposible de imaginar. Estamos muy agradecidos con este honor&#8221;, dijo a <em>Billboard <\/em>el cantante principal de Man\u00e1, Fher Olvera. <\/p>\n<\/div>\n<div>\n<p>Los m\u00fasicos argentinos deber\u00e1n esperar.<\/p>\n<\/div>\n<p><br \/>\n<br \/><a href=\"https:\/\/www.clarin.com\/espectaculos\/soda-stereo-charly-garcia-fito-paez-mana-primera-banda-espanol-nominada-salon-fama-rock-roll-anos_0_t3Ux83qhUt.html\">Fuente Clarin.com <\/a><\/p>\n","protected":false},"excerpt":{"rendered":"<p>Casi que era un reclamo un\u00e1nime de los fan\u00e1ticos del rock en espa\u00f1ol. Soda Stereo, el tr\u00edo que lider\u00f3 Gustavo Cerati junto a Charly Alberti y Zeta Bosio, deb\u00eda ser incluido en el Sal\u00f3n de la Fama del Rock and Roll. La popularidad de la banda en su gira de regreso me ver\u00e1s volver (2007) [&hellip;]<\/p>\n","protected":false},"author":1,"featured_media":4516,"comment_status":"open","ping_status":"open","sticky":false,"template":"","format":"standard","meta":{"footnotes":""},"categories":[2],"tags":[636,740,1119,100,6555,6552,2042,6549,1120,6551,6553,6550,89,1015,6554,5549,6547,6548],"class_list":["post-4515","post","type-post","status-publish","format-standard","has-post-thumbnail","hentry","category-ultimas-noticias","tag-anos","tag-banda","tag-charly","tag-del","tag-diez","tag-espanol","tag-fama","tag-fito","tag-garcia","tag-mana","tag-nominada","tag-paez","tag-primera","tag-rock","tag-roll","tag-salon","tag-soda","tag-stereo"],"_links":{"self":[{"href":"https:\/\/13.com.ar\/index.php\/wp-json\/wp\/v2\/posts\/4515","targetHints":{"allow":["GET"]}}],"collection":[{"href":"https:\/\/13.com.ar\/index.php\/wp-json\/wp\/v2\/posts"}],"about":[{"href":"https:\/\/13.com.ar\/index.php\/wp-json\/wp\/v2\/types\/post"}],"author":[{"embeddable":true,"href":"https:\/\/13.com.ar\/index.php\/wp-json\/wp\/v2\/users\/1"}],"replies":[{"embeddable":true,"href":"https:\/\/13.com.ar\/index.php\/wp-json\/wp\/v2\/comments?post=4515"}],"version-history":[{"count":0,"href":"https:\/\/13.com.ar\/index.php\/wp-json\/wp\/v2\/posts\/4515\/revisions"}],"wp:featuredmedia":[{"embeddable":true,"href":"https:\/\/13.com.ar\/index.php\/wp-json\/wp\/v2\/media\/4516"}],"wp:attachment":[{"href":"https:\/\/13.com.ar\/index.php\/wp-json\/wp\/v2\/media?parent=4515"}],"wp:term":[{"taxonomy":"category","embeddable":true,"href":"https:\/\/13.com.ar\/index.php\/wp-json\/wp\/v2\/categories?post=4515"},{"taxonomy":"post_tag","embeddable":true,"href":"https:\/\/13.com.ar\/index.php\/wp-json\/wp\/v2\/tags?post=4515"}],"curies":[{"name":"wp","href":"https:\/\/api.w.org\/{rel}","templated":true}]}}