{"id":4513,"date":"2025-02-13T09:59:00","date_gmt":"2025-02-13T12:59:00","guid":{"rendered":"https:\/\/13.com.ar\/index.php\/anama-ferreira-sufrio-un-fuerte-accidente-en-recoleta-las-imagenes\/"},"modified":"2025-02-13T09:59:00","modified_gmt":"2025-02-13T12:59:00","slug":"anama-ferreira-sufrio-un-fuerte-accidente-en-recoleta-las-imagenes","status":"publish","type":"post","link":"https:\/\/13.com.ar\/index.php\/anama-ferreira-sufrio-un-fuerte-accidente-en-recoleta-las-imagenes\/","title":{"rendered":"Anam\u00e1 Ferreira sufri\u00f3 un fuerte accidente en Recoleta: las im\u00e1genes"},"content":{"rendered":"<p> <br \/>\n<\/p>\n<div id=\"cuerpo\">\n<div class=\"sc-80531b6b-0 chRIGJ container-text text-embed\">\n<p>Un mal momento vivi\u00f3<strong> Anam\u00e1 Ferreira<\/strong> durante la ma\u00f1ana de este martes luego de ser part\u00edcipe de un <strong>choque en cadena<\/strong> en el barrio porte\u00f1o de Recoleta, luego de salir de su programa de televisi\u00f3n.<\/p>\n<\/div>\n<div class=\"sc-80531b6b-0 chRIGJ container-text text-embed\">\n<p>El accidente ocurri\u00f3 <strong>sobre la Avenida Callao, entre Paraguay y Avenida C\u00f3rdoba<\/strong>, una zona muy transitada, y que se vio afectada por las fuertes lluvias que azotaron la ciudad durante ese d\u00eda.<\/p>\n<\/div>\n<div class=\"sc-80531b6b-0 chRIGJ container-text text-embed\">\n<p>\u201cFue un choque en cadena, <strong>la choc\u00f3 alguien de atr\u00e1s y ella choc\u00f3 a alguien adelant<\/strong>e. Ella pute\u2026 un poco porque obviamente no est\u00e1 bueno chocar y estaba enojada porque <strong>ven\u00edan r\u00e1pido y era un d\u00eda de lluvia<\/strong>\u201d, comenz\u00f3 diciendo Fernanda Iglesias al aire de P<em>uro Show<\/em> (El Trece).<\/p>\n<\/div>\n<div class=\"sc-80531b6b-0 chRIGJ container-text text-embed\">\n<p>En el programa, mostraron im\u00e1genes de las consecuencias del siniestro, en las que <strong>se ve a la modelo brasile\u00f1a hablando con la polic\u00eda<\/strong> mientras los tres autos aparecen frenados en el medio de la calle y bajo la lluvia, siendo el de Anam\u00e1 el m\u00e1s afectado.<\/p>\n<\/div>\n<div class=\"sc-80531b6b-0 chRIGJ container-text text-embed\">\n<p>\u201c<strong>Ella est\u00e1 bien, no sufri\u00f3 ning\u00fan golpe.<\/strong> Dice que el auto de adelante ven\u00eda muy r\u00e1pido\u201d, agreg\u00f3 la panelista, y explic\u00f3 que, a pesar de que no se lastim\u00f3, s\u00ed atraves\u00f3 un mal momento.<\/p>\n<\/div>\n<div class=\"sc-198be8ec-0 cynXbu image-embed  image-embed \"><picture class=\"sc-198be8ec-1 kOjRiQ\"><source media=\"(min-width: 975px)\" width=\"720\" height=\"480\" \/><img alt=\"Anam\u00e1 Ferreira sufri\u00f3 un fuerte accidente en Recoleta. Foto: Captura TV\" loading=\"lazy\" width=\"720\" height=\"480\" decoding=\"async\" data-nimg=\"1\" style=\"color:transparent\" src=\"https:\/\/13.com.ar\/wp-content\/uploads\/2025\/02\/Anama-Ferreira-sufrio-un-fuerte-accidente-en-Recoleta-las-imagenes.jpg\"\/><span class=\"epigraphe\">Anam\u00e1 Ferreira sufri\u00f3 un fuerte accidente en Recoleta. Foto: Captura TV<\/span><span class=\"bkg\"\/><span class=\"picture-open\"><button class=\"open-image\" aria-label=\"Open Image\"\/><\/span><\/picture><\/div>\n<div class=\"sc-80531b6b-0 chRIGJ container-text text-embed\">\n<p>Adem\u00e1s, la propia Ferreira le envi\u00f3 un audio dando mayores detalles del accidente: \u201cYo ven\u00eda del programa <em>Tarde de Brujas<\/em> (Net TV) por Callao al 900, m\u00e1s o menos. <strong>Ven\u00eda despacio porque era un d\u00eda de lluvia, peligroso y una camioneta que ven\u00eda a velocidad<\/strong>, choc\u00f3 a un auto y el auto por ende me choc\u00f3 a m\u00ed\u201d.<\/p>\n<\/div>\n<div class=\"sc-80531b6b-0 chRIGJ container-text text-embed\">\n<p>\u201cSe me meti\u00f3 atr\u00e1s en mi auto, <strong>me hizo pomada mi auto.<\/strong> El otro auto tambi\u00e9n. Estuvimos ah\u00ed en la lluvia, vino la polic\u00eda, vino la ambulancia porque <strong>me pegu\u00e9 para atr\u00e1s pero por suerte estaba bien<\/strong>. Gracias a Dios no necesit\u00e9 nada\u201d, agreg\u00f3 en el mensaje de voz, llevando tranquilidad sobre su salud.<\/p>\n<\/div>\n<div class=\"sc-198be8ec-0 cynXbu image-embed  image-embed \"><picture class=\"sc-198be8ec-1 kOjRiQ\"><source media=\"(min-width: 975px)\" width=\"720\" height=\"480\" \/><img alt=\"Anam\u00e1 Ferreira sufri\u00f3 un fuerte accidente en Recoleta. Foto: Captura TV\" loading=\"lazy\" width=\"720\" height=\"480\" decoding=\"async\" data-nimg=\"1\" style=\"color:transparent\" src=\"https:\/\/13.com.ar\/wp-content\/uploads\/2025\/02\/1739451540_439_Anama-Ferreira-sufrio-un-fuerte-accidente-en-Recoleta-las-imagenes.jpg\"\/><span class=\"epigraphe\">Anam\u00e1 Ferreira sufri\u00f3 un fuerte accidente en Recoleta. Foto: Captura TV<\/span><span class=\"bkg\"\/><span class=\"picture-open\"><button class=\"open-image\" aria-label=\"Open Image\"\/><\/span><\/picture><\/div>\n<div class=\"sc-80531b6b-0 chRIGJ container-text text-embed\">\n<p>Por \u00faltimo, Anam\u00e1 dio mayores detalles sobre el estado de su veh\u00edculo. Si bien ella no sufri\u00f3 ning\u00fan golpe, <strong>no pudo decir lo mismo sobre el auto<\/strong>. Adem\u00e1s, habl\u00f3 sobre la imprudencia de los conductores y agradeci\u00f3 por la preocupaci\u00f3n.<\/p>\n<\/div>\n<div class=\"sc-80531b6b-0 chRIGJ container-text text-embed\">\n<p>\u201cPor suerte estoy bien, el auto bien gracias. <strong>Destruido atr\u00e1s, un disgusto<\/strong>. La gente es inconsciente, cuando llueve hay que ir despacio y hay que dar espacio. Por suerte estoy bien,<strong> la negra guerrera da pelea<\/strong>\u201d, cerr\u00f3 la modelo.<\/p>\n<\/div>\n<div class=\"sc-80531b6b-0 chRIGJ container-text text-embed\">\n<p>Seg\u00fan explic\u00f3 Mat\u00edas V\u00e1zquez al aire del programa,<strong> las aseguradoras de los tres part\u00edcipes del accidente ya intervinieron en el caso<\/strong> para poder solucionar los efectos f\u00edsicos que sufrieron todos los veh\u00edculos, por lo que no fue un siniestro con mayores inconvenientes.<\/p>\n<\/div>\n<\/div>\n<p><br \/>\n<br \/><a href=\"https:\/\/www.clarin.com\/fama\/anama-ferreira-sufrio-fuerte-accidente-recoleta-imagenes_0_BxUn8uHrwT.html\">Fuente Clarin.com <\/a><\/p>\n","protected":false},"excerpt":{"rendered":"<p>Un mal momento vivi\u00f3 Anam\u00e1 Ferreira durante la ma\u00f1ana de este martes luego de ser part\u00edcipe de un choque en cadena en el barrio porte\u00f1o de Recoleta, luego de salir de su programa de televisi\u00f3n. El accidente ocurri\u00f3 sobre la Avenida Callao, entre Paraguay y Avenida C\u00f3rdoba, una zona muy transitada, y que se vio [&hellip;]<\/p>\n","protected":false},"author":1,"featured_media":4514,"comment_status":"open","ping_status":"open","sticky":false,"template":"","format":"standard","meta":{"footnotes":""},"categories":[2],"tags":[973,6545,6546,624,996,48,1603,474],"class_list":["post-4513","post","type-post","status-publish","format-standard","has-post-thumbnail","hentry","category-ultimas-noticias","tag-accidente","tag-anama","tag-ferreira","tag-fuerte","tag-imagenes","tag-las","tag-recoleta","tag-sufrio"],"_links":{"self":[{"href":"https:\/\/13.com.ar\/index.php\/wp-json\/wp\/v2\/posts\/4513","targetHints":{"allow":["GET"]}}],"collection":[{"href":"https:\/\/13.com.ar\/index.php\/wp-json\/wp\/v2\/posts"}],"about":[{"href":"https:\/\/13.com.ar\/index.php\/wp-json\/wp\/v2\/types\/post"}],"author":[{"embeddable":true,"href":"https:\/\/13.com.ar\/index.php\/wp-json\/wp\/v2\/users\/1"}],"replies":[{"embeddable":true,"href":"https:\/\/13.com.ar\/index.php\/wp-json\/wp\/v2\/comments?post=4513"}],"version-history":[{"count":0,"href":"https:\/\/13.com.ar\/index.php\/wp-json\/wp\/v2\/posts\/4513\/revisions"}],"wp:featuredmedia":[{"embeddable":true,"href":"https:\/\/13.com.ar\/index.php\/wp-json\/wp\/v2\/media\/4514"}],"wp:attachment":[{"href":"https:\/\/13.com.ar\/index.php\/wp-json\/wp\/v2\/media?parent=4513"}],"wp:term":[{"taxonomy":"category","embeddable":true,"href":"https:\/\/13.com.ar\/index.php\/wp-json\/wp\/v2\/categories?post=4513"},{"taxonomy":"post_tag","embeddable":true,"href":"https:\/\/13.com.ar\/index.php\/wp-json\/wp\/v2\/tags?post=4513"}],"curies":[{"name":"wp","href":"https:\/\/api.w.org\/{rel}","templated":true}]}}