{"id":4502,"date":"2025-02-13T09:21:30","date_gmt":"2025-02-13T12:21:30","guid":{"rendered":"https:\/\/13.com.ar\/index.php\/cree-que-sera-juez-de-la-corte-y-que-garcia-mansilla-saldra-por-decreto\/"},"modified":"2025-02-13T09:21:30","modified_gmt":"2025-02-13T12:21:30","slug":"cree-que-sera-juez-de-la-corte-y-que-garcia-mansilla-saldra-por-decreto","status":"publish","type":"post","link":"https:\/\/13.com.ar\/index.php\/cree-que-sera-juez-de-la-corte-y-que-garcia-mansilla-saldra-por-decreto\/","title":{"rendered":"cree que ser\u00e1 juez de la Corte y que Garc\u00eda Mansilla saldr\u00e1 por decreto"},"content":{"rendered":"<p> <br \/>\n<\/p>\n<div id=\"cuerpo\">\n<div class=\"sc-80531b6b-0 chRIGJ container-text text-embed\">\n<p>El dictamen favorable en el Senado para que avance el pliego de Ariel Lijo como juez de la Corte Suprema motiva un realineamiento de fuerzas dentro del m\u00e1ximo tribunal, que funciona con tres jueces en la actualidad y que est\u00e1 atravesado por una fuerte interna desde hace a\u00f1os entre Horacio Rosatti y Ricardo Lorenzetti.<\/p>\n<\/div>\n<div class=\"sc-80531b6b-0 chRIGJ container-text text-embed\">\n<p>La llegada de Lijo es apuntalada desde el inicio por<strong> Lorenzetti, ex presidente del m\u00e1ximo tribunal, que fue quien recomend\u00f3 su nombre al gobierno de Javier Milei<\/strong> y que, con el actual juez federal con una silla asegurada en la Corte, lograr\u00eda una posici\u00f3n mayoritaria en buena parte de los fallos que se firmen.<\/p>\n<\/div>\n<div class=\"sc-80531b6b-0 chRIGJ container-text text-embed\">\n<p>Fuentes tribunalicias que responden al magistrado santafesino se mostraron muy confiadas en di\u00e1logo con<strong> Clar\u00edn <\/strong>de que Lijo sea confirmado la semana que viene, una vez que el Senado trate su pliego.<strong> &#8220;Est\u00e1 hecho, ahora o despu\u00e9s de marzo, pero Ariel va a entrar&#8221;, deslizan<\/strong>. Argumentan, adem\u00e1s, que Lijo sigue siendo el \u00fanico candidato en condiciones de lograr los dos tercios de los votos, es decir, 24.<\/p>\n<\/div>\n<div class=\"sc-80531b6b-0 chRIGJ container-text text-embed\">\n<p>En la oficina del cuarto piso de Lorenzetti argumentan que la llegada de Lijo se va a dar porque<strong> el contexto pol\u00edtico resulta mucho m\u00e1s favorable para el Gobierno<\/strong> que, por ejemplo, el que tuvo que atravesar el macrismo en 2017, cuando tuvo que aprobar los ingresos de Rosatti y Carlos Rosenkrantz. &#8220;Si ellos entraron en ese momento, con Cristina adentro del Senado, por qu\u00e9 el kirchnerismo no dar\u00eda votos ahora. Siempre los primeros dos a\u00f1os los gobiernos de alguna manera logran consenso para estas decisiones&#8221;, contextualizan.<\/p>\n<\/div>\n<div class=\"sc-80531b6b-0 chRIGJ container-text text-embed\">\n<p>El caso de Manuel Garc\u00eda-Mansilla, el otro candidato, parece de m\u00e1s compleja soluci\u00f3n y de diferente an\u00e1lisis tambi\u00e9n. <strong>En la Corte toma cada vez m\u00e1s fuerza la hip\u00f3tesis de que su nombramiento saldr\u00e1 por decreto y que para que el mismo se oficialice deber\u00eda darse antes del 1\u00b0 de marzo<\/strong>, cuando comiencen las sesiones ordinarias y, en paralelo, se active definitivamente el a\u00f1o judicial.<\/p>\n<\/div>\n<div class=\"sc-80531b6b-0 chRIGJ container-text text-embed\">\n<p>Para Lorenzetti, sostienen quienes forman parte de su mesa chica, la actualidad de la Corte, con tres miembros, es insostenible por el enorme n\u00famero de casos que deben revisar y porque la intervenci\u00f3n de conjueces lleva mucho tiempo y demoran todav\u00eda m\u00e1s algunas sentencias importantes que tienen que firmarse. &#8220;Les cuesta, l\u00f3gicamente, un mes como m\u00ednimo ponerse en tema con las causas que tienen que tratar&#8221;, dicen.<\/p>\n<\/div>\n<div class=\"sc-198be8ec-0 cynXbu image-embed  image-embed \"><picture class=\"sc-198be8ec-1 kOjRiQ\"><source media=\"(min-width: 975px)\" width=\"720\" height=\"480\" \/><img alt=\"Horacio Rosatti y Ricardo Lorenzetti, miembros de la Corte Suprema de Justicia de la Naci\u00f3n, con opiniones discrepantes.\" loading=\"lazy\" width=\"720\" height=\"480\" decoding=\"async\" data-nimg=\"1\" style=\"color:transparent\" src=\"https:\/\/13.com.ar\/wp-content\/uploads\/2025\/02\/cree-que-sera-juez-de-la-Corte-y-que-Garcia.jpg\"\/><span class=\"epigraphe\">Horacio Rosatti y Ricardo Lorenzetti, miembros de la Corte Suprema de Justicia de la Naci\u00f3n, con opiniones discrepantes.<\/span><span class=\"bkg\"\/><span class=\"picture-open\"><button class=\"open-image\" aria-label=\"Open Image\"\/><\/span><\/picture><\/div>\n<p><h2>La crisis entre la Corte y las C\u00e1maras porte\u00f1as<\/h2>\n<\/p>\n<div class=\"sc-80531b6b-0 chRIGJ container-text text-embed\">\n<p>Por estas horas, m\u00e1s all\u00e1 del affaire Lijo, en la Corte Suprema un tema central de preocupaci\u00f3n es c\u00f3mo resolver la crisis que enfrenta el m\u00e1ximo tribunal con las c\u00e1maras naciones que tienen asiento en la Ciudad de Buenos Aires. Ya son tres los tribunales de alzada locales que se negaron a aceptar el denominado Fallo Levinas, que obliga a esas c\u00e1maras a remitir sus fallos ante el Tribunal Supremo de Justicia porte\u00f1o y lo desvincula de Naci\u00f3n.<\/p>\n<\/div>\n<div class=\"sc-80531b6b-0 chRIGJ container-text text-embed\">\n<p>El tema genera rispideces dentro de la Corte por c\u00f3mo se manej\u00f3. <strong>Cerca de Lorenzetti, responsabilizan por completo a Rosatti por ser titular del m\u00e1ximo tribunal<\/strong>. &#8220;Es un fallo que se podr\u00eda haber resuelto hace tres a\u00f1os y se fue dilatando en el tiempo sin sentido&#8221;, explican. Pero el motivo principal del fastidio tiene que ver con el momento en el que se firm\u00f3 y se comunic\u00f3 la decisi\u00f3n.<\/p>\n<\/div>\n<div class=\"sc-80531b6b-0 chRIGJ container-text text-embed\">\n<p>Fue el 27 de diciembre pasado<strong>, en la \u00faltima acordada de la Corte, cuando el m\u00e1ximo tribunal se despach\u00f3 con el fallo Levinas<\/strong>. Ese mismo d\u00eda se jubil\u00f3 el juez Juan Carlos Maqueda. Despu\u00e9s de all\u00ed, aseguran, el tema gener\u00f3 fuertes discusiones en los chats de jueces porque desde las c\u00e1maras entendieron que el pronunciamiento sali\u00f3 con intencionalidad en fin de a\u00f1o, cuando inicia la feria judicial.<\/p>\n<\/div>\n<div class=\"sc-80531b6b-0 chRIGJ container-text text-embed\">\n<p>Fuentes tribunalicias sostienen que se evit\u00f3 un fallo antes para no generar conflictos en el encuentro de fin de a\u00f1o de la Asociaci\u00f3n de Magistrados. &#8220;El fallo est\u00e1 bien, es el que corresponde y se tiene que aplicar, pero no fue el momento oportuno el que se firm\u00f3. Nos manejamos mal&#8221;, puntualizan desde una oficina en Talcahuano.<\/p>\n<\/div>\n<\/div>\n<p><br \/>\n<br \/><a href=\"https:\/\/www.clarin.com\/politica\/lorenzetti-espera-aliado-lijo-interna-rosatti-cree-juez-corte-garcia-mansilla-saldra-decreto_0_irrhM53WdY.html\">Fuente Clarin.com <\/a><\/p>\n","protected":false},"excerpt":{"rendered":"<p>El dictamen favorable en el Senado para que avance el pliego de Ariel Lijo como juez de la Corte Suprema motiva un realineamiento de fuerzas dentro del m\u00e1ximo tribunal, que funciona con tres jueces en la actualidad y que est\u00e1 atravesado por una fuerte interna desde hace a\u00f1os entre Horacio Rosatti y Ricardo Lorenzetti. La [&hellip;]<\/p>\n","protected":false},"author":1,"featured_media":4503,"comment_status":"open","ping_status":"open","sticky":false,"template":"","format":"standard","meta":{"footnotes":""},"categories":[2],"tags":[297,6312,656,1120,1252,6540,142,4453,153],"class_list":["post-4502","post","type-post","status-publish","format-standard","has-post-thumbnail","hentry","category-ultimas-noticias","tag-corte","tag-cree","tag-decreto","tag-garcia","tag-juez","tag-mansilla","tag-por","tag-saldra","tag-sera"],"_links":{"self":[{"href":"https:\/\/13.com.ar\/index.php\/wp-json\/wp\/v2\/posts\/4502","targetHints":{"allow":["GET"]}}],"collection":[{"href":"https:\/\/13.com.ar\/index.php\/wp-json\/wp\/v2\/posts"}],"about":[{"href":"https:\/\/13.com.ar\/index.php\/wp-json\/wp\/v2\/types\/post"}],"author":[{"embeddable":true,"href":"https:\/\/13.com.ar\/index.php\/wp-json\/wp\/v2\/users\/1"}],"replies":[{"embeddable":true,"href":"https:\/\/13.com.ar\/index.php\/wp-json\/wp\/v2\/comments?post=4502"}],"version-history":[{"count":0,"href":"https:\/\/13.com.ar\/index.php\/wp-json\/wp\/v2\/posts\/4502\/revisions"}],"wp:featuredmedia":[{"embeddable":true,"href":"https:\/\/13.com.ar\/index.php\/wp-json\/wp\/v2\/media\/4503"}],"wp:attachment":[{"href":"https:\/\/13.com.ar\/index.php\/wp-json\/wp\/v2\/media?parent=4502"}],"wp:term":[{"taxonomy":"category","embeddable":true,"href":"https:\/\/13.com.ar\/index.php\/wp-json\/wp\/v2\/categories?post=4502"},{"taxonomy":"post_tag","embeddable":true,"href":"https:\/\/13.com.ar\/index.php\/wp-json\/wp\/v2\/tags?post=4502"}],"curies":[{"name":"wp","href":"https:\/\/api.w.org\/{rel}","templated":true}]}}