{"id":4501,"date":"2025-02-13T09:18:12","date_gmt":"2025-02-13T12:18:12","guid":{"rendered":"https:\/\/13.com.ar\/index.php\/tras-20-anos-de-intentos-argentina-retoma-la-trabajosa-tarea-de-intentar-juzgar-a-rodolfo-el-ruso-lohrmann\/"},"modified":"2025-02-13T09:18:12","modified_gmt":"2025-02-13T12:18:12","slug":"tras-20-anos-de-intentos-argentina-retoma-la-trabajosa-tarea-de-intentar-juzgar-a-rodolfo-el-ruso-lohrmann","status":"publish","type":"post","link":"https:\/\/13.com.ar\/index.php\/tras-20-anos-de-intentos-argentina-retoma-la-trabajosa-tarea-de-intentar-juzgar-a-rodolfo-el-ruso-lohrmann\/","title":{"rendered":"Tras 20 a\u00f1os de intentos, Argentina retoma la trabajosa tarea de intentar juzgar a Rodolfo &#8220;El Ruso&#8221; Lohrmann"},"content":{"rendered":"<p> <br \/>\n<\/p>\n<div id=\"cuerpo\">\n<div class=\"sc-80531b6b-0 chRIGJ container-text text-embed\">\n<p><strong>Rodolfo &#8220;El Ruso&#8221; Lohrmann<\/strong> secuestr\u00f3 a <strong>Cristian Schaerer<\/strong> ( 21) en Corrientes en septiembre de 2003. Y todo indica que lo mat\u00f3 luego de cobrar el rescate de 277.300 d\u00f3lares en Brasil. Cay\u00f3 preso en Bulgaria y se escap\u00f3 de la c\u00e1rcel antes de que nadie se diera cuenta qui\u00e9n era. Volvi\u00f3 a caer preso en 2016 en Portugal, por asaltos tipo comando, pero se escap\u00f3 en septiembre de 2024, antes de completar su condena a 18 a\u00f1os y poder ser extraditado a la Argentina.<\/p>\n<\/div>\n<div class=\"sc-80531b6b-0 chRIGJ container-text text-embed\">\n<p>Ahora volvi\u00f3 a caer: el jueves de la semana pasada, en Alicante (Espa\u00f1a), lo cercaron cuando iba en un Porsche, con 50 mil euros y armas. <strong>Lo entreg\u00f3 un hombre al que hab\u00eda amenazado de muerte.<\/strong><\/p>\n<\/div>\n<div class=\"sc-80531b6b-0 chRIGJ container-text text-embed\">\n<p>As\u00ed, una vez m\u00e1s, la familia de Cristian tiene la esperanza de que <strong>Lohrmann sea juzgado en la Argentina<\/strong>, condenado y que, sobre todo, diga de una vez qu\u00e9 hizo con el cuerpo del joven, el cual nunca pudo ser encontrado pese a las numerosas pistas que se sigui\u00f3 el fiscal Flavio Ferrini<\/p>\n<\/div>\n<div class=\"sc-198be8ec-0 cynXbu image-embed  image-embed \"><picture class=\"sc-198be8ec-1 kOjRiQ\"><source media=\"(min-width: 975px)\" width=\"720\" height=\"480\" \/><img alt=\"Recapturaron en Espa\u00f1a al \u201cRuso\u201d Lohrmann, el principal acusado del secuestro de Cristian Schaerer\" loading=\"lazy\" width=\"720\" height=\"480\" decoding=\"async\" data-nimg=\"1\" style=\"color:transparent\" src=\"https:\/\/13.com.ar\/wp-content\/uploads\/2025\/02\/asi-cayo-en-Espana-Rodolfo-El-Ruso-Lohrmann.jpg\"\/><span class=\"epigraphe\">Recapturaron en Espa\u00f1a al \u201cRuso\u201d Lohrmann, el principal acusado del secuestro de Cristian Schaerer<\/span><span class=\"bkg\"\/><span class=\"picture-open\"><button class=\"open-image\" aria-label=\"Open Image\"\/><\/span><\/picture><\/div>\n<div class=\"sc-80531b6b-0 chRIGJ container-text text-embed\">\n<p>&#8220;Solicitar al Ministerio de Relaciones Exteriores y Cultos que, como autoridad central, sirva <strong>dar tr\u00e1mite con urgente despacho al Exhorto Diplom\u00e1ticos<\/strong> a librarse al Juzgado Central de Instrucci\u00f3n N\u00ba 4 de la Audiencia Nacional (Extradici\u00f3n 10\/2025) -Madrid, Reino de Espa\u00f1a&#8221;, dice la resoluci\u00f3n firmada por el juez federal de Corrientes Juan Carlos Vallejos.<\/p>\n<\/div>\n<div class=\"sc-80531b6b-0 chRIGJ container-text text-embed\">\n<p>La nota se envi\u00f3 este jueves a Canciller\u00eda, que ser\u00e1 la encargada de transmitirle el pedido formal a las autoridades espa\u00f1olas. <strong>La puja por la extradici\u00f3n ser\u00e1 con Portugal<\/strong>, que tambi\u00e9n lo quiere, sobre todo para mitigar la mancha de su escandalosa fuga del penal de Vale de Judeus, cercano a Lisboa. Bulgaria y Paraguay- donde tambi\u00e9n tiene causas abiertas- no parecen interesados en pedirlo.<\/p>\n<\/div>\n<div class=\"sc-80531b6b-0 chRIGJ container-text text-embed\">\n<p>En su resoluci\u00f3n, el juez correntino recuerda que la solicitud de extradici\u00f3n ya hab\u00eda sido girada y aprobada por las autoridades de Portugal cuando &#8220;El Ruso&#8221; se encontraba detenido all\u00ed.<\/p>\n<\/div>\n<div class=\"sc-80531b6b-0 chRIGJ container-text text-embed\">\n<p>&#8220;El tr\u00e1mite de extradici\u00f3n <strong>se encuentra aceptado<\/strong> por las autoridades judiciales de la Rep\u00fablica de Portugal y fue apelado por la defensa de los antes nombrados. Con conocimiento de las garant\u00edas procesales y constitucionales del caso, en el marco de las normas nacionales, portuguesas e internacionales y con la asistencia de sus respectivos abogados defensores designados en autos&#8221;, se\u00f1ala.<\/p>\n<\/div>\n<div class=\"sc-198be8ec-0 cynXbu image-embed  image-embed \"><picture class=\"sc-198be8ec-1 kOjRiQ\"><source media=\"(min-width: 975px)\" width=\"720\" height=\"480\" \/><img alt=\"La fuga de Rodolfo Lorhmann en Portugal, en septiembre de 2024.\" loading=\"lazy\" width=\"720\" height=\"480\" decoding=\"async\" data-nimg=\"1\" style=\"color:transparent\" src=\"https:\/\/13.com.ar\/wp-content\/uploads\/2025\/02\/1738942740_307_asi-cayo-en-Espana-Rodolfo-El-Ruso-Lohrmann.jpg\"\/><span class=\"epigraphe\">La fuga de Rodolfo Lorhmann en Portugal, en septiembre de 2024.<\/span><span class=\"bkg\"\/><span class=\"picture-open\"><button class=\"open-image\" aria-label=\"Open Image\"\/><\/span><\/picture><\/div>\n<p><h2>El secuestro<\/h2>\n<\/p>\n<div class=\"sc-80531b6b-0 chRIGJ container-text text-embed\">\n<p>El pedido de extradici\u00f3n argentino permite pasar en limpio <strong>c\u00f3mo fue el tremendo secuestro de Cristian Schaerer,<\/strong> paso a paso, y por el que ya hubo dos juicios, con condenados:<\/p>\n<\/div>\n<div class=\"sc-80531b6b-0 chRIGJ container-text text-embed\">\n<p>1) En la noche del d\u00eda 21 de septiembre de 2003, Jos\u00e9 Rodolfo Lohrman y los condenados Claudio Sebasti\u00e1n Cornelli Bel\u00e9n y Gonzalo Adri\u00e1n Acosta \u2013todos ellos con identidades falsas- <strong>sorprendieron a Schaerer<\/strong> cuando estaba llegando a su casa del Barrio Las Tejas, de la ciudad de Corrientes, y lo subieron a un Fiat Duna. Luego lo cambiaron de veh\u00edculo.<\/p>\n<\/div>\n<div class=\"sc-198be8ec-0 cynXbu image-embed  image-embed \"><picture class=\"sc-198be8ec-1 kOjRiQ\"><source media=\"(min-width: 975px)\" width=\"720\" height=\"480\" \/><img alt=\"El estudiante correntino Cristian Schaerer, desaparecido desde 2003.\" loading=\"lazy\" width=\"720\" height=\"480\" decoding=\"async\" data-nimg=\"1\" style=\"color:transparent\" src=\"https:\/\/13.com.ar\/wp-content\/uploads\/2025\/02\/1738942740_477_asi-cayo-en-Espana-Rodolfo-El-Ruso-Lohrmann.jpg\"\/><span class=\"epigraphe\">El estudiante correntino Cristian Schaerer, desaparecido desde 2003.<\/span><span class=\"bkg\"\/><span class=\"picture-open\"><button class=\"open-image\" aria-label=\"Open Image\"\/><\/span><\/picture><\/div>\n<div class=\"sc-80531b6b-0 chRIGJ container-text text-embed\">\n<p>2) Se internaron en la provincia, circularon hasta la altura del kil\u00f3metro 7,4 de la Ruta Nacional N\u00ba 118, donde la v\u00edctima permaneci\u00f3 <strong>retenida y oculta los d\u00edas 22 y 23 de septiembre<\/strong>, en una casilla de madera. En los primeros minutos del d\u00eda 24, Cristian fue trasladado por sus secuestradores a la ciudad de Paso de los Libres, con un auto de apoyo abriendo paso.<\/p>\n<\/div>\n<div class=\"sc-80531b6b-0 chRIGJ container-text text-embed\">\n<p>3) En la localidad de Paso de Los Libres, Schaerer fue directamente conducido hacia la chacra de propiedad de Ra\u00fal Nemesio Salgan ubicada en calle Ernesto Montiel y Ruta N\u00ba 117, donde <strong>permaneci\u00f3 unos quince d\u00edas<\/strong>, hasta el 7 de octubre de 2003 aproximadamente. Entonces lo trasladaron a otra chacra ubicada en el Paraje Quinta Secci\u00f3n Ombucito de la misma localidad, propiedad de Miguel \u00c1ngel Carbonell, en una caba\u00f1a precaria de madera, a unos treinta o cuarenta kil\u00f3metros de la primera.<\/p>\n<\/div>\n<div class=\"sc-80531b6b-0 chRIGJ container-text text-embed\">\n<p>4) Despu\u00e9s de ello, <strong>Schaerer fue sacado del pa\u00eds<\/strong>, cruzado a Uruguayana (Brasil). El traslado fue primero en bote (cruce de un riacho), una lengua de tierra en la que la persona que los guiaba lo llevaba sobre sus hombros, y m\u00e1s tarde en una lancha a motor para cruzar el r\u00edo Uruguay. En esta ciudad brasile\u00f1a lo retuvieron primeramente en una casa de dos pisos, distante a una o dos cuadras del r\u00edo y relativamente c\u00e9ntrica. Luego, la v\u00edctima fue escondida en una casa familiar. Cristian <strong>permaneci\u00f3 cautivo en la ciudad de Uruguayana<\/strong> (Estado de R\u00edo Grande do Sul, Rep\u00fablica Federativa del Brasil) a partir del 22 de octubre de 2003 y por un lapso de aproximadamente quince d\u00edas hasta una fecha no precisada, presumiblemente, el 9 de noviembre de 2003.<\/p>\n<\/div>\n<div class=\"sc-198be8ec-0 cynXbu image-embed  image-embed \"><picture class=\"sc-198be8ec-1 kOjRiQ\"><source media=\"(min-width: 975px)\" width=\"720\" height=\"480\" \/><img alt=\"Uno de los operativos para buscar a Schaerer: vaciaron el afluente de un r\u00edo. Foto Archivo \" loading=\"lazy\" width=\"720\" height=\"480\" decoding=\"async\" data-nimg=\"1\" style=\"color:transparent\" src=\"https:\/\/13.com.ar\/wp-content\/uploads\/2025\/02\/Tras-20-anos-de-intentos-Argentina-retoma-la-trabajosa-tarea.jpg\"\/><span class=\"epigraphe\">Uno de los operativos para buscar a Schaerer: vaciaron el afluente de un r\u00edo. Foto Archivo <\/span><span class=\"bkg\"\/><span class=\"picture-open\"><button class=\"open-image\" aria-label=\"Open Image\"\/><\/span><\/picture><\/div>\n<div class=\"sc-80531b6b-0 chRIGJ container-text text-embed\">\n<p>5) Finalmente, Cristian Schaerer <strong>fue subido a un bote junto con Jos\u00e9 Rodolfo Lohrmann<\/strong> en una bajada del r\u00edo cercana al puente y a la villa miseria Proficar. Seg\u00fan uno de los condenados, que escribi\u00f3 un libro, antes de subirse a la lancha <strong>Cristian le pregunto al &#8220;Ruso&#8221; si lo iba a matar<\/strong>.<\/p>\n<\/div>\n<div class=\"sc-80531b6b-0 chRIGJ container-text text-embed\">\n<p>Hasta hoy no se sabe a ciencia cierta <strong>c\u00f3mo lo mataron, ni d\u00f3nde esta su cuerpo<\/strong>.<\/p>\n<\/div>\n<\/div>\n<p><br \/>\n<br \/><a href=\"https:\/\/www.clarin.com\/policiales\/20-anos-intentos-argentina-retoma-trabajosa-tarea-intentar-juzgar-rodolfo-ruso-lohrmann_0_mx6uAZFPso.html\">Fuente Clarin.com <\/a><\/p>\n","protected":false},"excerpt":{"rendered":"<p>Rodolfo &#8220;El Ruso&#8221; Lohrmann secuestr\u00f3 a Cristian Schaerer ( 21) en Corrientes en septiembre de 2003. Y todo indica que lo mat\u00f3 luego de cobrar el rescate de 277.300 d\u00f3lares en Brasil. Cay\u00f3 preso en Bulgaria y se escap\u00f3 de la c\u00e1rcel antes de que nadie se diera cuenta qui\u00e9n era. Volvi\u00f3 a caer preso [&hellip;]<\/p>\n","protected":false},"author":1,"featured_media":2871,"comment_status":"open","ping_status":"open","sticky":false,"template":"","format":"standard","meta":{"footnotes":""},"categories":[2],"tags":[636,288,1149,6536,6539,4870,4278,4613,4611,6538,6537,312],"class_list":["post-4501","post","type-post","status-publish","format-standard","has-post-thumbnail","hentry","category-ultimas-noticias","tag-anos","tag-argentina","tag-intentar","tag-intentos","tag-juzgar","tag-lohrmann","tag-retoma","tag-rodolfo","tag-ruso","tag-tarea","tag-trabajosa","tag-tras"],"_links":{"self":[{"href":"https:\/\/13.com.ar\/index.php\/wp-json\/wp\/v2\/posts\/4501","targetHints":{"allow":["GET"]}}],"collection":[{"href":"https:\/\/13.com.ar\/index.php\/wp-json\/wp\/v2\/posts"}],"about":[{"href":"https:\/\/13.com.ar\/index.php\/wp-json\/wp\/v2\/types\/post"}],"author":[{"embeddable":true,"href":"https:\/\/13.com.ar\/index.php\/wp-json\/wp\/v2\/users\/1"}],"replies":[{"embeddable":true,"href":"https:\/\/13.com.ar\/index.php\/wp-json\/wp\/v2\/comments?post=4501"}],"version-history":[{"count":0,"href":"https:\/\/13.com.ar\/index.php\/wp-json\/wp\/v2\/posts\/4501\/revisions"}],"wp:featuredmedia":[{"embeddable":true,"href":"https:\/\/13.com.ar\/index.php\/wp-json\/wp\/v2\/media\/2871"}],"wp:attachment":[{"href":"https:\/\/13.com.ar\/index.php\/wp-json\/wp\/v2\/media?parent=4501"}],"wp:term":[{"taxonomy":"category","embeddable":true,"href":"https:\/\/13.com.ar\/index.php\/wp-json\/wp\/v2\/categories?post=4501"},{"taxonomy":"post_tag","embeddable":true,"href":"https:\/\/13.com.ar\/index.php\/wp-json\/wp\/v2\/tags?post=4501"}],"curies":[{"name":"wp","href":"https:\/\/api.w.org\/{rel}","templated":true}]}}