{"id":4499,"date":"2025-02-13T09:15:08","date_gmt":"2025-02-13T12:15:08","guid":{"rendered":"https:\/\/13.com.ar\/index.php\/unilever-lanza-su-programa-de-pasantias-para-estudiantes-universitarios-quienes-pueden-anotarse\/"},"modified":"2025-02-13T09:15:08","modified_gmt":"2025-02-13T12:15:08","slug":"unilever-lanza-su-programa-de-pasantias-para-estudiantes-universitarios-quienes-pueden-anotarse","status":"publish","type":"post","link":"https:\/\/13.com.ar\/index.php\/unilever-lanza-su-programa-de-pasantias-para-estudiantes-universitarios-quienes-pueden-anotarse\/","title":{"rendered":"Unilever lanza su programa de pasant\u00edas para estudiantes universitarios: qui\u00e9nes pueden anotarse"},"content":{"rendered":"<p> <br \/>\n<\/p>\n<div id=\"cuerpo\">\n<div class=\"sc-80531b6b-0 chRIGJ container-text text-embed\">\n<p>Las expectativas y la forma en que los j\u00f3venes se relacionan con el trabajo han cambiado, y las empresas buscan adaptarse para desarrollar su talento. En este contexto, <strong>Unilever<\/strong> apuesta por el futuro de los<strong> j\u00f3venes profesionales<\/strong> e incorpora nuevas formas de trabajo que les permitan aportar no s\u00f3lo su creatividad sino su manera \u00fanica de ver el mundo.<\/p>\n<\/div>\n<div class=\"sc-80531b6b-0 chRIGJ container-text text-embed\">\n<p>Teniendo en cuenta este concepto, la empresa multinacional presenta una nueva edici\u00f3n de<strong> \u00danicxs<\/strong>, su <strong>programa de pasant\u00edas<\/strong> dirigido a estudiantes de todo el pa\u00eds que busquen dar su primer paso en el mundo laboral dentro de un entorno flexible, inclusivo y centrado en el bienestar. <\/p>\n<\/div>\n<div class=\"sc-80531b6b-0 chRIGJ container-text text-embed\">\n<p>Los j\u00f3venes seleccionados podr\u00e1n desarrollarse de manera presencial, remota o h\u00edbrida y trabajar con autonom\u00eda en proyectos innovadores de grandes marcas de consumo masivo como <strong>Dove, Rexona, Hellmann&#8217;s<\/strong> y <strong>Ala<\/strong>, entre muchas otras.<\/p>\n<\/div>\n<div class=\"sc-80531b6b-0 chRIGJ container-text text-embed\">\n<p>En esta tercera edici\u00f3n, Unilever se une con dos organizaciones fundamentales con el objetivo de hacer este programa a\u00fan m\u00e1s inclusivo y brindar mayores oportunidades. Por un lado, trabajar\u00e1 junto a la <strong>Agencia Nacional de Discapacidad (ANDIS)<\/strong> en una alianza p\u00fablico-privada para identificar, gestionar perfiles con el objetivo de impulsar la inclusi\u00f3n sociolaboral y abrir nuevas oportunidades de empleo para personas con discapacidad. <\/p>\n<\/div>\n<div class=\"sc-80531b6b-0 chRIGJ container-text text-embed\">\n<p>Por otro, de la mano de <strong>Bisblick<\/strong>, una ONG que impulsa a j\u00f3venes a transformarse en los primeros profesionales de sus familias a trav\u00e9s de programas de formaci\u00f3n profesional, acad\u00e9mica y de empleo. Esta colaboraci\u00f3n busca no solo generar un impacto positivo, sino tambi\u00e9n fomentar una transformaci\u00f3n social real.<\/p>\n<\/div>\n<div class=\"sc-80531b6b-0 chRIGJ container-text text-embed\">\n<p>\u201cEl mundo del trabajo est\u00e1 cambiando, actualmente en Argentina el 67% de los j\u00f3venes buscan espacios de trabajo que les permitan la realizaci\u00f3n profesional y el aprendizaje continuo. Hoy, m\u00e1s que nunca, la autonom\u00eda, la flexibilidad y la colaboraci\u00f3n son clave. Por eso, en Unilever ofrecemos experiencias que fomentan la libertad para crear y transformar\u201d, expres\u00f3 <strong>Agustina G\u00f3mez Sabaini<\/strong>, directora de Recursos Humanos Unilever Regi\u00f3n River Plate.<\/p>\n<\/div>\n<div class=\"sc-198be8ec-0 cynXbu image-embed  image-embed \"><picture class=\"sc-198be8ec-1 kOjRiQ\"><source media=\"(min-width: 975px)\" width=\"720\" height=\"480\" \/><img alt=\"Unilever abre la tercera edici\u00f3n de su programa de pasant\u00eda para j\u00f3venes profesionales. Foto: Archivo.\" loading=\"lazy\" width=\"720\" height=\"480\" decoding=\"async\" data-nimg=\"1\" style=\"color:transparent\" src=\"https:\/\/13.com.ar\/wp-content\/uploads\/2025\/02\/Unilever-lanza-su-programa-de-pasantias-para-estudiantes-universitarios-quienes.jpg\"\/><span class=\"epigraphe\">Unilever abre la tercera edici\u00f3n de su programa de pasant\u00eda para j\u00f3venes profesionales. Foto: Archivo.<\/span><span class=\"bkg\"\/><span class=\"picture-open\"><button class=\"open-image\" aria-label=\"Open Image\"\/><\/span><\/picture><\/div>\n<p><h2>Unilever: \u00bfen qu\u00e9 \u00e1reas pod\u00e9s postularte?<\/h2>\n<\/p>\n<div class=\"sc-80531b6b-0 chRIGJ container-text text-embed\">\n<p>El programa de pasant\u00edas &#8220;Unicxs&#8221; brinda la posibilidad de que los j\u00f3venes de diferentes puntos de Argentina puedan realizar su primera experiencia laboral siendo parte de proyectos desafiantes en las siguientes \u00e1reas:<\/p>\n<\/div>\n<div class=\"sc-80531b6b-0 chRIGJ container-text text-embed\">\n<ul>\n<li><strong>Finanzas. <\/strong>Gesti\u00f3n de la estrategia, planeamiento financiero y propuestas de innovaci\u00f3n de todas las marcas de la empresa. Para aprender a analizar informaci\u00f3n y data financiera y proponer la mejor soluci\u00f3n con el mayor impacto.<\/li>\n<\/ul>\n<\/div>\n<div class=\"sc-80531b6b-0 chRIGJ container-text text-embed\">\n<ul>\n<li><strong>Marketing:<\/strong> Analizar y entender los desaf\u00edos que el consumidor plantea y transformarlos en oportunidades. Desarrollo de la comunicaci\u00f3n e innovaci\u00f3n de todas las marcas de Unilever.<\/li>\n<\/ul>\n<\/div>\n<div class=\"sc-80531b6b-0 chRIGJ container-text text-embed\">\n<ul>\n<li><strong>Investigaci\u00f3n y Desarrollo:<\/strong> Inspirados en las necesidades de los consumidores y en las nuevas tendencias del mercado, se realizan investigaciones que dar\u00e1n rumbo al dise\u00f1o y formulaci\u00f3n de nuevos productos y empaques.<\/li>\n<\/ul>\n<\/div>\n<div class=\"sc-80531b6b-0 chRIGJ container-text text-embed\">\n<ul>\n<li><strong>Recursos Humanos.<\/strong> Fomentar estrategias de talento, cultura y aprendizaje. Garantizar la mejor experiencia de todos los colaboradores, para que puedan descubrir y vivir su prop\u00f3sito, y desarrollarse personal y profesionalmente. <\/li>\n<\/ul>\n<\/div>\n<div class=\"sc-80531b6b-0 chRIGJ container-text text-embed\">\n<ul>\n<li><strong>Supply Chain: <\/strong>Gestionar los procesos de compras, customer service, planificaci\u00f3n, producci\u00f3n, log\u00edstica y todos los de planta. Desde el abastecimiento de materias primas hasta la entrega del producto final.<\/li>\n<li><strong>Ventas: <\/strong>Dise\u00f1ar una estrategia comercial que permita que Unilever llegue de forma innovadora a m\u00e1s clientes y consumidores. <\/li>\n<\/ul>\n<\/div>\n<div class=\"sc-198be8ec-0 cynXbu image-embed  image-embed \"><picture class=\"sc-198be8ec-1 kOjRiQ\"><source media=\"(min-width: 975px)\" width=\"720\" height=\"480\" \/><img alt=\"Los estudiantes pueden aplicar a distintas \u00e1reas de la empresa. Foto: Archivo.\" loading=\"lazy\" width=\"720\" height=\"480\" decoding=\"async\" data-nimg=\"1\" style=\"color:transparent\" src=\"https:\/\/13.com.ar\/wp-content\/uploads\/2025\/02\/1739448908_46_Unilever-lanza-su-programa-de-pasantias-para-estudiantes-universitarios-quienes.jpg\"\/><span class=\"epigraphe\">Los estudiantes pueden aplicar a distintas \u00e1reas de la empresa. Foto: Archivo.<\/span><span class=\"bkg\"\/><span class=\"picture-open\"><button class=\"open-image\" aria-label=\"Open Image\"\/><\/span><\/picture><\/div>\n<p><h2>\u00bfCu\u00e1les son los requisitos para postularse al programa de pasant\u00edas de Unilever?<\/h2>\n<\/p>\n<div class=\"sc-80531b6b-0 chRIGJ container-text text-embed\">\n<ol>\n<li>Ser estudiante universitario de los<strong> dos \u00faltimos a\u00f1os<\/strong> <strong>de la carrera<\/strong>. <\/li>\n<li>Tener disponibilidad de<strong> 20 horas semanales<\/strong> para realizar la pasant\u00eda.<\/li>\n<\/ol>\n<\/div>\n<div class=\"sc-80531b6b-0 chRIGJ container-text text-embed\">\n<p>Adem\u00e1s, para el proceso de selecci\u00f3n de los candidatos se har\u00e1 hincapi\u00e9 en las siguientes caracter\u00edsticas:<\/p>\n<\/div>\n<div class=\"sc-80531b6b-0 chRIGJ container-text text-embed\">\n<ul>\n<li>autonom\u00eda<\/li>\n<li>proactividad<\/li>\n<li>organizaci\u00f3n<\/li>\n<li>capacidad de mantener buenas relaciones interpersonales<\/li>\n<\/ul>\n<\/div>\n<p><h2>\u00bfQu\u00e9 beneficios ofrece Unilever a los pasantes?<\/h2>\n<\/p>\n<div class=\"sc-80531b6b-0 chRIGJ container-text text-embed\">\n<ul>\n<li>Horario flexible. <\/li>\n<li>D\u00eda de cumplea\u00f1os libre y flex (para tomar cualquier d\u00eda dentro del mes de tu cumple). <\/li>\n<li>Ayuda econ\u00f3mica para equipar y vivir el modelo h\u00edbrido. <\/li>\n<li>Vale para compras de productos de la empresa. <\/li>\n<li>Compra de productos con descuentos para vos, tu familia y amigos. <\/li>\n<\/ul>\n<\/div>\n<div class=\"sc-80531b6b-0 chRIGJ container-text text-embed\">\n<ul>\n<li>Cobertura m\u00e9dica. <\/li>\n<li>Salud (en la oficina o virtual): nutrici\u00f3n, kinesiolog\u00eda, dermatolog\u00eda, etc. <\/li>\n<li>Traslado a la planta (para posiciones presenciales). <\/li>\n<li>Comedor (para posiciones presenciales). <\/li>\n<li>Asignaci\u00f3n est\u00edmulo competitiva.<\/li>\n<\/ul>\n<\/div>\n<p><h2>Unilever: \u00bfc\u00f3mo aplicar al programa de pasant\u00edas y hasta cu\u00e1ndo hay tiempo?<\/h2>\n<\/p>\n<div class=\"sc-80531b6b-0 chRIGJ container-text text-embed\">\n<p>Los interesados en aplicar al programa de pasant\u00edas de Unilever deber\u00e1n hacer clic ac\u00e1 para inscribirse. Hay tiempo <strong>hasta el 28 de febrero<\/strong> inclusive. Tambi\u00e9n pueden entrar al sitio grupociadetalentos.com\/unicxs2025\/ Para consultas, escribir a belen.rosso@ciadetalentos.com<\/p>\n<\/div>\n<div class=\"sc-80531b6b-0 chRIGJ container-text text-embed\">\n<p>La inscripci\u00f3n consta de cinco etapas:<\/p>\n<\/div>\n<div class=\"sc-80531b6b-0 chRIGJ container-text text-embed\">\n<ol>\n<li>Te<strong> inscrib\u00eds online<\/strong>. <\/li>\n<li>Hac\u00e9s<strong> tres test<\/strong> virtuales. <\/li>\n<li>Te<strong> entrevistan<\/strong> para conocerte mejor. <\/li>\n<li>Viv\u00eds una <strong>experiencia grupal.<\/strong> <\/li>\n<li>Ya sos parte del <strong>equipo de Unilever<\/strong>.<\/li>\n<\/ol>\n<\/div>\n<\/div>\n<p><br \/>\n<br \/><a href=\"https:\/\/www.clarin.com\/servicios\/unilever-lanza-programa-pasantias-estudiantes-universitarios-pueden-anotarse_0_yFPiVeIh1g.html\">Fuente Clarin.com <\/a><\/p>\n","protected":false},"excerpt":{"rendered":"<p>Las expectativas y la forma en que los j\u00f3venes se relacionan con el trabajo han cambiado, y las empresas buscan adaptarse para desarrollar su talento. En este contexto, Unilever apuesta por el futuro de los j\u00f3venes profesionales e incorpora nuevas formas de trabajo que les permitan aportar no s\u00f3lo su creatividad sino su manera \u00fanica [&hellip;]<\/p>\n","protected":false},"author":1,"featured_media":4500,"comment_status":"open","ping_status":"open","sticky":false,"template":"","format":"standard","meta":{"footnotes":""},"categories":[2],"tags":[6535,605,31,16,6533,1767,1307,1784,6532,6534],"class_list":["post-4499","post","type-post","status-publish","format-standard","has-post-thumbnail","hentry","category-ultimas-noticias","tag-anotarse","tag-estudiantes","tag-lanza","tag-para","tag-pasantias","tag-programa","tag-pueden","tag-quienes","tag-unilever","tag-universitarios"],"_links":{"self":[{"href":"https:\/\/13.com.ar\/index.php\/wp-json\/wp\/v2\/posts\/4499","targetHints":{"allow":["GET"]}}],"collection":[{"href":"https:\/\/13.com.ar\/index.php\/wp-json\/wp\/v2\/posts"}],"about":[{"href":"https:\/\/13.com.ar\/index.php\/wp-json\/wp\/v2\/types\/post"}],"author":[{"embeddable":true,"href":"https:\/\/13.com.ar\/index.php\/wp-json\/wp\/v2\/users\/1"}],"replies":[{"embeddable":true,"href":"https:\/\/13.com.ar\/index.php\/wp-json\/wp\/v2\/comments?post=4499"}],"version-history":[{"count":0,"href":"https:\/\/13.com.ar\/index.php\/wp-json\/wp\/v2\/posts\/4499\/revisions"}],"wp:featuredmedia":[{"embeddable":true,"href":"https:\/\/13.com.ar\/index.php\/wp-json\/wp\/v2\/media\/4500"}],"wp:attachment":[{"href":"https:\/\/13.com.ar\/index.php\/wp-json\/wp\/v2\/media?parent=4499"}],"wp:term":[{"taxonomy":"category","embeddable":true,"href":"https:\/\/13.com.ar\/index.php\/wp-json\/wp\/v2\/categories?post=4499"},{"taxonomy":"post_tag","embeddable":true,"href":"https:\/\/13.com.ar\/index.php\/wp-json\/wp\/v2\/tags?post=4499"}],"curies":[{"name":"wp","href":"https:\/\/api.w.org\/{rel}","templated":true}]}}