{"id":44871,"date":"2025-07-23T18:26:56","date_gmt":"2025-07-23T21:26:56","guid":{"rendered":"https:\/\/13.com.ar\/index.php\/la-vicejefa-de-la-aduana-del-aeroparque-fue-la-que-dejo-entrar-sin-control-a-la-empleada-de-leonardo-scatturice\/"},"modified":"2025-07-23T18:26:56","modified_gmt":"2025-07-23T21:26:56","slug":"la-vicejefa-de-la-aduana-del-aeroparque-fue-la-que-dejo-entrar-sin-control-a-la-empleada-de-leonardo-scatturice","status":"publish","type":"post","link":"https:\/\/13.com.ar\/index.php\/la-vicejefa-de-la-aduana-del-aeroparque-fue-la-que-dejo-entrar-sin-control-a-la-empleada-de-leonardo-scatturice\/","title":{"rendered":"la vicejefa de la Aduana del aeroparque fue la que dej\u00f3 entrar sin control a la empleada de Leonardo Scatturice"},"content":{"rendered":"<p> <br \/>\n<br \/><img decoding=\"async\" src=\"https:\/\/13.com.ar\/wp-content\/uploads\/2025\/07\/la-vicejefa-de-la-Aduana-del-aeroparque-fue-la-que.jpg\" \/><\/p>\n<div id=\"element-body-0\">\n<p>La vicejefa de la Aduana del aeroparque metropolitana, <strong>Silvana Abalsamo de Silva, fue la funcionaria que recibi\u00f3 a Laura Bel\u00e9n Arrieta<\/strong>, el 26 de febrero pasado y le habilit\u00f3 una pasarela especial y la hizo pasar sin controlar sus valijas en el scanner, confirmaron a <strong>Clar\u00edn<\/strong> dos fuentes judiciales.<\/p>\n<\/div>\n<div id=\"element-body-1\">\n<p>El canal de noticias TN identific\u00f3 ayer a la funcionaria Abalsamo de Silva en el video que muestra la llegada de la joven que fue la \u00fanica pasajera del vuelo del avi\u00f3n Bombardier Global 5000 matr\u00edcula PRVN18RU del nuevo due\u00f1o de Flybondi y lobista de la SIDE, Leonardo Scatturice. Y<strong> Clar\u00edn<\/strong> confirm\u00f3 el nombre con dos fuentes judiciales.<\/p>\n<\/div>\n<div id=\"element-body-2\">\n<p>La Aduana inform\u00f3 al juez Pablo Yadarola, quien tiene la causa en que se investigan estos hechos, que Abalsamo \u201cse desempe\u00f1aba al momento del hecho investigado, <strong>como \u201cFirma Responsable (interina) de la Divisi\u00f3n Aeroparque Metropolitano<\/strong>\u201d.<\/p>\n<\/div>\n<div id=\"element-body-3\">\n<p>Seg\u00fan el estudio de las im\u00e1genes de video que tiene el juzgado la funcionaria \u201c<strong>estar\u00eda presente en el sal\u00f3n de salida <\/strong>al momento en que el grupo egresa con el equipaje, tomando contacto con estos pasajeros y tripulantes\u201d.<\/p>\n<\/div>\n<div id=\"element-body-4\">\n<p>En las im\u00e1genes, \u201cse observa Abalsamo <strong>da indicaciones, y ser\u00eda quien admite la salida por el canal sin control del scanner<\/strong>, lo que ellos en t\u00e9rminos de operativa aduanera denominan verde, y lo encuadran en un proceso de selectividad propio de su funci\u00f3n\u201d.<\/p>\n<\/div>\n<div id=\"element-body-5\">\n<p>\u201cEl rol preciso que pudo haber tenido la funcionaria, su potencial relevancia, y la determinaci\u00f3n <strong>-arbitraria o no<\/strong>&#8211; de ese canal de salida, de momento sigue siendo materia de an\u00e1lisis\u201d, explicaron las fuentes.<\/p>\n<\/div>\n<div id=\"element-body-6\">\n<p>Luego de la feria judicial, el juez Yadarola<strong> llamar\u00e1 a declarar a Abalsano y a otra funcionaria <\/strong>para que revelen qui\u00e9n las llam\u00f3 al celular de la ex azafata y ahora directiva de la empresa OCP TECH. A menos que guarden silencio y asumen la responsabilidad de la falta.<\/p>\n<\/div>\n<div id=\"element-body-7\">\n<p>El programa \u201cY ma\u00f1ana qu\u00e9\u201d, de la se\u00f1al TN, precis\u00f3 que Arrieta le entreg\u00f3 a otro funcionaria de la Aduana llamada <strong>Cintia Cal<\/strong>i, su celular en el sector de vuelos privados del aeroparque Jorge Newbery tras bajar el avi\u00f3n y la aduanera le hizo un OK.<\/p>\n<\/div>\n<div id=\"element-body-8\">\n<p>El dato hab\u00eda sido informado por un efectivo de la Polic\u00eda de Seguridad Aeroportuaria (PSA) que estaba de guardia en el sector.<\/p>\n<\/div>\n<div id=\"element-body-9\">\n<p>La semana pasada, el fiscal en lo penal econ\u00f3mico Claudio Navas Rial y el titular de la Procuraci\u00f3n de Investigaciones Administrativas (PIA), Sergio Rodr\u00edguez, hab\u00edan pedido al juez Yadarola identificar a las agentes de la Aduana que le dieron a Arrieta ese tratamiento privilegiado. El titular de la Aduana, Juan Alberto Pazo, <strong>envi\u00f3 los legajos de todos los funcionarios que intervinieron en ese irregular procedimiento, entre los que se encuentra el de Abalsamo.<\/strong><\/p>\n<\/div>\n<div id=\"element-body-10\">\n<p>En el video que tiene el juzgado, Arrieta aparece con remeras Givenchy y carteras Louis Vuitton y un empleado le lleva dos bolsas de papel de color rosado, mientras el piloto .<\/p>\n<\/div>\n<div id=\"element-body-11\">\n<p>El jefe de Arrieta es Scatturice, el nuevo due\u00f1o de Flybondi, lobista de la SIDE en EE.UU. y miembro de la Conferencia Pol\u00edtica de Acci\u00f3n Conservadora (CPAC), la puerta de llegada del presidente Javier Milei a Donald Trump. El ORSNA es el Organismo Regulador del Sistema Nacional de Aeropuertos y es el que controla a Flybondi.<\/p>\n<\/div>\n<div id=\"element-body-12\">\n<p>Por otra parte, el juez Yadarola pidi\u00f3 a EE.UU. que identifique que hab\u00eda en las diez valijas entradas sin control que no solo pertenec\u00edan a Arrieta, sino tambi\u00e9n uno de los dos pilotos.<\/p>\n<\/div>\n<div id=\"element-body-13\">\n<p>En una declaraci\u00f3n espont\u00e1nea y por escrito Juan Pablo Pinto\u00a0dijo que es piloto hace 27 a\u00f1os y asegur\u00f3 que\u00a0entre los cinco bultos de su propiedad hab\u00eda un carry on, una valija con ropa, una mochila que le hab\u00eda comprado a su hijo, una colch\u00f3n inflable y una guitarra\u00a0que le hab\u00edan pedido que traiga, entre otros elementos.<\/p>\n<\/div>\n<div id=\"element-body-14\">\n<p>Adem\u00e1s, neg\u00f3 falta de controles y dijo que los procesos migratorios y de chequeo de equipaje fueron los habituales.<\/p>\n<\/div>\n<div id=\"element-body-15\">\n<p>Seg\u00fan Pinto,\u00a0el vuelo se inici\u00f3 en el aeropuerto de Kopf Opa Locka, Miami, Florida, el 26 de febrero a las 1.30\u00a0del mediod\u00eda y no el aeropuerto de Fort Lauderdale (KFLL), como se consign\u00f3 en la documentaci\u00f3n.<\/p>\n<\/div>\n<div id=\"element-body-16\">\n<p>Pinto es el mismo piloto del ex presidente Alberto Fern\u00e1ndez\u00a0que fue demandado por la ANAC (Administraci\u00f3n de Aviaci\u00f3n Civil), que en febrero de este a\u00f1o logr\u00f3 reabrir la causa judicial por el vuelo rasante que le hizo hacer al avi\u00f3n presidencial ARG-01 en su llegada a la Argentina, el 25 de mayo de 2023 y que est\u00e1 prohibido por reglamentos.<\/p>\n<\/div>\n<p><br \/>\n<br \/><a href=\"https:\/\/www.clarin.com\/politica\/valijas-vicejefa-aduana-aeroparque-dejo-entrar-control-empleada-leonardo-scatturice_0_finA0f12xw.html\">Fuente Clarin.com <\/a><\/p>\n","protected":false},"excerpt":{"rendered":"<p>La vicejefa de la Aduana del aeroparque metropolitana, Silvana Abalsamo de Silva, fue la funcionaria que recibi\u00f3 a Laura Bel\u00e9n Arrieta, el 26 de febrero pasado y le habilit\u00f3 una pasarela especial y la hizo pasar sin controlar sus valijas en el scanner, confirmaron a Clar\u00edn dos fuentes judiciales. El canal de noticias TN identific\u00f3 [&hellip;]<\/p>\n","protected":false},"author":1,"featured_media":44872,"comment_status":"open","ping_status":"open","sticky":false,"template":"","format":"standard","meta":{"footnotes":""},"categories":[2],"tags":[11379,4559,645,647,100,5457,4170,105,7131,21709,882,24514],"class_list":["post-44871","post","type-post","status-publish","format-standard","has-post-thumbnail","hentry","category-ultimas-noticias","tag-aduana","tag-aeroparque","tag-control","tag-dejo","tag-del","tag-empleada","tag-entrar","tag-fue","tag-leonardo","tag-scatturice","tag-sin","tag-vicejefa"],"_links":{"self":[{"href":"https:\/\/13.com.ar\/index.php\/wp-json\/wp\/v2\/posts\/44871","targetHints":{"allow":["GET"]}}],"collection":[{"href":"https:\/\/13.com.ar\/index.php\/wp-json\/wp\/v2\/posts"}],"about":[{"href":"https:\/\/13.com.ar\/index.php\/wp-json\/wp\/v2\/types\/post"}],"author":[{"embeddable":true,"href":"https:\/\/13.com.ar\/index.php\/wp-json\/wp\/v2\/users\/1"}],"replies":[{"embeddable":true,"href":"https:\/\/13.com.ar\/index.php\/wp-json\/wp\/v2\/comments?post=44871"}],"version-history":[{"count":0,"href":"https:\/\/13.com.ar\/index.php\/wp-json\/wp\/v2\/posts\/44871\/revisions"}],"wp:featuredmedia":[{"embeddable":true,"href":"https:\/\/13.com.ar\/index.php\/wp-json\/wp\/v2\/media\/44872"}],"wp:attachment":[{"href":"https:\/\/13.com.ar\/index.php\/wp-json\/wp\/v2\/media?parent=44871"}],"wp:term":[{"taxonomy":"category","embeddable":true,"href":"https:\/\/13.com.ar\/index.php\/wp-json\/wp\/v2\/categories?post=44871"},{"taxonomy":"post_tag","embeddable":true,"href":"https:\/\/13.com.ar\/index.php\/wp-json\/wp\/v2\/tags?post=44871"}],"curies":[{"name":"wp","href":"https:\/\/api.w.org\/{rel}","templated":true}]}}