{"id":44869,"date":"2025-07-23T18:23:58","date_gmt":"2025-07-23T21:23:58","guid":{"rendered":"https:\/\/13.com.ar\/index.php\/donald-trump-sabia-desde-mayo-que-aparece-en-multiples-ocasiones-en-los-archivos-del-escandalo-de-jeffrey-epstein\/"},"modified":"2025-07-23T18:23:58","modified_gmt":"2025-07-23T21:23:58","slug":"donald-trump-sabia-desde-mayo-que-aparece-en-multiples-ocasiones-en-los-archivos-del-escandalo-de-jeffrey-epstein","status":"publish","type":"post","link":"https:\/\/13.com.ar\/index.php\/donald-trump-sabia-desde-mayo-que-aparece-en-multiples-ocasiones-en-los-archivos-del-escandalo-de-jeffrey-epstein\/","title":{"rendered":"Donald Trump sab\u00eda desde mayo que &#8220;aparece en m\u00faltiples ocasiones&#8221; en los archivos del esc\u00e1ndalo de Jeffrey Epstein"},"content":{"rendered":"<p> <br \/>\n<\/p>\n<div id=\"cuerpo\">\n<div class=\"sc-45461e9c-0 eqiBeF container-text text-embed \" id=\"element-body-0\">\n<p>El presidente de EE.UU., Donald Trump, fue informado desde mayo pasado por funcionarios de su Departamento de Justicia que <strong>su nombre aparece en &#8220;m\u00faltiples ocasiones&#8221; <\/strong>en los archivos del pol\u00e9mico caso contra el pederasta Jeffrey Epstein, report\u00f3 este mi\u00e9rcoles The Wall Street Journal.<\/p>\n<\/div>\n<div class=\"sc-45461e9c-0 eqiBeF container-text text-embed \" id=\"element-body-1\">\n<p>Citando a altos funcionarios de la Administraci\u00f3n del republicano, el WSJ afirma que la fiscal general, Pam Bondi, y su n\u00famero dos, Todd Blanche, <strong>comunicaron al mandatario que su nombre figuraba en los documentos junto a otras figuras conocidas.<\/strong><\/p>\n<\/div>\n<div class=\"sc-45461e9c-0 eqiBeF container-text text-embed \" id=\"element-body-2\">\n<p>El presidente<strong> neg\u00f3 la semana pasada que Bondi<\/strong> le hubiera informado sobre si su nombre figuraba en los archivos.<\/p>\n<\/div>\n<div class=\"sc-45461e9c-0 eqiBeF container-text text-embed \" id=\"element-body-3\">\n<p>En la <strong>&#8220;sesi\u00f3n informativa de rutina&#8221;<\/strong>, donde este no era el tema central, Bondi y su equipo habr\u00edan informado a Trump que los archivos conten\u00edan lo que consideraron como &#8220;rumores no verificados sobre muchas personas, incluido Trump, que hab\u00edan tenido contacto con Epstein en el pasado&#8221;.<\/p>\n<\/div>\n<div class=\"sc-45461e9c-0 eqiBeF container-text text-embed \" id=\"element-body-4\">\n<p>Seg\u00fan <strong>The Wall Street Journal<\/strong>, una de las fuentes con conocimiento de los documentos afirm\u00f3 que estos &#8220;incluyen cientos de nombres m\u00e1s&#8221;.<\/p>\n<\/div>\n<div class=\"sc-45461e9c-0 eqiBeF container-text text-embed \" id=\"element-body-5\">\n<p>Los directivos del Departamento de Justicia (DOJ)<strong> tambi\u00e9n habr\u00edan informado a Trump que no planeaban publicar m\u00e1s detalles sobre el caso,<\/strong> despu\u00e9s de que confirmaran a inicios de julio que no hab\u00eda evidencias sobre la existencia de una &#8220;lista de clientes&#8221; a los que el magnate chantajeaba adem\u00e1s de afirmar que el pederasta muri\u00f3 por suicidio en una prisi\u00f3n federal en 2019.<\/p>\n<\/div>\n<div class=\"sc-45461e9c-0 eqiBeF container-text text-embed \" id=\"element-body-6\">\n<p>Estos hallazgos han provocado<strong> la ira de los miembros del movimiento Make America Great Again (MAGA)<\/strong> contra la Administraci\u00f3n del republicano, que hab\u00eda prometido en campa\u00f1a publicar dicha lista, una supuesta agenda de c\u00f3mplices de Epstein que incluir\u00eda a celebridades y pol\u00edticos influyentes que ha sido por a\u00f1os el centro de numerosas teor\u00edas de conspiraci\u00f3n de la ultraderecha.<\/p>\n<\/div>\n<div class=\"sc-98b114a2-0 bkqiHH image-embed  image-embed \" id=\"element-body-7\"><picture class=\"sc-98b114a2-1 jRUlDm\"><source media=\"(min-width: 975px)\" width=\"720\" height=\"480\" \/><img alt=\"La fiscal general Pam Bondi. Foto The New York Times\" loading=\"lazy\" width=\"720\" height=\"480\" decoding=\"async\" data-nimg=\"1\" style=\"color:transparent\" src=\"https:\/\/13.com.ar\/wp-content\/uploads\/2025\/07\/Donald-Trump-sabia-desde-mayo-que-aparece-en-multiples-ocasiones.jpg\"\/><span class=\"epigraphe\">La fiscal general Pam Bondi. Foto The New York Times<\/span><span class=\"picture-open\"><button class=\"open-image\" aria-label=\"Open Image\"\/><\/span><\/picture><\/div>\n<div class=\"sc-45461e9c-0 eqiBeF container-text text-embed \" id=\"element-body-8\">\n<p>La renovaci\u00f3n del inter\u00e9s sobre el caso ha frustrado a Trump, que ha tratado de redirigir sin mucho \u00e9xito el descontento de su base.<\/p>\n<\/div>\n<div class=\"sc-45461e9c-0 eqiBeF container-text text-embed \" id=\"element-body-9\">\n<p>La pol\u00e9mica sobre el caso fue avivada la semana pasada con la publicaci\u00f3n tambi\u00e9n por The Wall Street Journal de u<strong>na supuesta carta de contenido &#8220;obsceno&#8221;<\/strong> enviada por Trump a Epstein durante los a\u00f1os en los que eran amigos, algo que el presidente ha negado categ\u00f3ricamente diciendo la nota es &#8220;falsa&#8221; y por la que ha demandado al rotativo.<\/p>\n<\/div>\n<p><h2>Presiones de los dem\u00f3cratas<\/h2>\n<\/p>\n<div class=\"sc-45461e9c-0 eqiBeF container-text text-embed \" id=\"element-body-11\">\n<p>Los dem\u00f3cratas de la C\u00e1mara de Representantes iniciaron este mi\u00e9rcoles un intento de citar al Departamento de Justicia del presidente Donald Trump <strong>para obtener archivos de la investigaci\u00f3n de tr\u00e1fico sexual de Jeffrey Epstein<\/strong>, incitando a los legisladores republicanos a desafiar a Trump y a los l\u00edderes de su partido para apoyar la acci\u00f3n.<\/p>\n<\/div>\n<div class=\"sc-45461e9c-0 eqiBeF container-text text-embed \" id=\"element-body-12\">\n<p>Los dem\u00f3cratas de un subcomit\u00e9 de la poderosa Comisi\u00f3n de Supervisi\u00f3n de la C\u00e1mara presentaron una moci\u00f3n para la citaci\u00f3n, pocas horas antes del final de su sesi\u00f3n de trabajo de julio y de que los legisladores salieran de Washington para un receso de un mes.<\/p>\n<\/div>\n<div class=\"sc-98b114a2-0 bkqiHH image-embed  image-embed \" id=\"element-body-13\"><picture class=\"sc-98b114a2-1 jRUlDm\"><source media=\"(min-width: 975px)\" width=\"720\" height=\"480\" \/><img alt=\"Donald Trump habla con Jeffrey Epstein, durante una fiesta en Mar-a-Largo, Florida.\/ Captura de video\" loading=\"lazy\" width=\"720\" height=\"480\" decoding=\"async\" data-nimg=\"1\" style=\"color:transparent\" src=\"https:\/\/13.com.ar\/wp-content\/uploads\/2025\/06\/1749228570_397_Es-hora-de-soltar-la-bomba.jpg\"\/><span class=\"epigraphe\">Donald Trump habla con Jeffrey Epstein, durante una fiesta en Mar-a-Largo, Florida.\/ Captura de video<\/span><span class=\"picture-open\"><button class=\"open-image\" aria-label=\"Open Image\"\/><\/span><\/picture><\/div>\n<div class=\"sc-45461e9c-0 eqiBeF container-text text-embed \" id=\"element-body-14\">\n<p>El presidente republicano del subcomit\u00e9, el representante de Luisiana Clay Higgins, pospuso una votaci\u00f3n sobre el asunto hasta el final de la reuni\u00f3n. Aunque varios republicanos del panel forman parte de una facci\u00f3n de derecha y <strong>han pedido la liberaci\u00f3n de los archivos, no se sabe si votar\u00edan a favor de la citaci\u00f3n.<\/strong><\/p>\n<\/div>\n<div class=\"sc-45461e9c-0 eqiBeF container-text text-embed \" id=\"element-body-15\">\n<p>Durante una breve pausa en la reuni\u00f3n, Higgins dijo a los periodistas que esperaba que la moci\u00f3n para la citaci\u00f3n <strong>se aprobara con algunos cambios.<\/strong><\/p>\n<\/div>\n<div class=\"sc-45461e9c-0 eqiBeF container-text text-embed \" id=\"element-body-16\">\n<p>\u201cSi el Partido Republicano, si nuestros colegas de este comit\u00e9 no se unen a nosotros en esta votaci\u00f3n, entonces <strong>lo que est\u00e1n haciendo esencialmente es unirse al presidente Donald Trump en complicidad\u201d<\/strong>, dijo a los periodistas la representante dem\u00f3crata de Pensilvania Summer Lee, que present\u00f3 la moci\u00f3n para la citaci\u00f3n.<\/p>\n<\/div>\n<div class=\"sc-45461e9c-0 eqiBeF container-text text-embed \" id=\"element-body-17\">\n<p>La medida tomada por los dem\u00f3cratas muestra c\u00f3mo hicieron pr\u00e1cticamente todo lo posible para obligar a los republicanos a actuar con respecto a los archivos de Epstein. El presidente de la C\u00e1mara, Mike Johnson, atrapado entre las demandas de Trump y el clamor de sus propios miembros para que la C\u00e1mara act\u00fae, ha resistido los llamados a la acci\u00f3n y se prepar\u00f3 para enviar a la C\u00e1mara a casa un d\u00eda antes.<\/p>\n<\/div>\n<div class=\"sc-45461e9c-0 eqiBeF container-text text-embed \" id=\"element-body-18\">\n<p>Johnson dijo el mi\u00e9rcoles por la ma\u00f1ana a los periodistas que no hab\u00eda necesidad de votar esta semana sobre la legislaci\u00f3n que ped\u00eda la liberaci\u00f3n de los archivos de Epstein <strong>porque el gobierno de Trump \u201cya est\u00e1 haciendo todo lo posible para liberarlos\u201d.<\/strong><\/p>\n<\/div>\n<div class=\"sc-45461e9c-0 eqiBeF container-text text-embed \" id=\"element-body-19\">\n<p>Sin embargo, los dem\u00f3cratas se han regocijado esta semana en presionar a los republicanos para que apoyen la liberaci\u00f3n de los archivos. Sus esfuerzos detuvieron la agenda legislativa del Partido Republicano para la semana y <strong>dirigieron la atenci\u00f3n a un tema que Trump ha implorado a sus seguidores que olviden.<\/strong><\/p>\n<\/div>\n<div class=\"sc-45461e9c-0 eqiBeF container-text text-embed \" id=\"element-body-20\">\n<p>\u201cEst\u00e1n huyendo de nuestro trabajo, de nuestro deber y envi\u00e1ndonos a casa porque no quieren votar para liberar estos archivos. Esto es algo en lo que basaron su campa\u00f1a. Esto es algo de lo que hablaron: la importancia de la transparencia, de hacer que los ped\u00f3filos rindan cuentas\u201d, dijo Lee.<\/p>\n<\/div>\n<div class=\"sc-45461e9c-0 eqiBeF container-text text-embed \" id=\"element-body-21\">\n<p>Los l\u00edderes dem\u00f3cratas esperan hacer del tema algo mucho m\u00e1s que solo Epstein, <strong>quien muri\u00f3 en su celda de Nueva York hace seis a\u00f1os <\/strong>mientras esperaba juicio por cargos de tr\u00e1fico sexual.<\/p>\n<\/div>\n<div class=\"sc-45461e9c-0 eqiBeF container-text text-embed \" id=\"element-body-22\">\n<p>\u201d\u00bfPor qu\u00e9 los republicanos no han liberado los archivos de Epstein al pueblo estadounidense? Es razonable concluir que contin\u00faan protegiendo los estilos de vida de los ricos y desvergonzados, aun si eso incluye a ped\u00f3filos\u201d, dijo el l\u00edder dem\u00f3crata de la C\u00e1mara, Hakeem Jeffries, en una conferencia de prensa.<strong> \u201cAs\u00ed que todo est\u00e1 conectado<\/strong>\u201d.<\/p>\n<\/div>\n<\/div>\n<p><br \/>\n<br \/><a href=\"https:\/\/www.clarin.com\/mundo\/donald-trump-sabia-mayo-aparece-multiples-ocasiones-archivos-escandalo-jeffrey-epstein_0_N6ChISmPRU.html\">Fuente Clarin.com <\/a><\/p>\n","protected":false},"excerpt":{"rendered":"<p>El presidente de EE.UU., Donald Trump, fue informado desde mayo pasado por funcionarios de su Departamento de Justicia que su nombre aparece en &#8220;m\u00faltiples ocasiones&#8221; en los archivos del pol\u00e9mico caso contra el pederasta Jeffrey Epstein, report\u00f3 este mi\u00e9rcoles The Wall Street Journal. Citando a altos funcionarios de la Administraci\u00f3n del republicano, el WSJ afirma [&hellip;]<\/p>\n","protected":false},"author":1,"featured_media":44870,"comment_status":"open","ping_status":"open","sticky":false,"template":"","format":"standard","meta":{"footnotes":""},"categories":[2],"tags":[3303,9455,100,2184,178,14590,1711,14589,28,9811,2910,24513,18525,179],"class_list":["post-44869","post","type-post","status-publish","format-standard","has-post-thumbnail","hentry","category-ultimas-noticias","tag-aparece","tag-archivos","tag-del","tag-desde","tag-donald","tag-epstein","tag-escandalo","tag-jeffrey","tag-los","tag-mayo","tag-multiples","tag-ocasiones","tag-sabia","tag-trump"],"_links":{"self":[{"href":"https:\/\/13.com.ar\/index.php\/wp-json\/wp\/v2\/posts\/44869","targetHints":{"allow":["GET"]}}],"collection":[{"href":"https:\/\/13.com.ar\/index.php\/wp-json\/wp\/v2\/posts"}],"about":[{"href":"https:\/\/13.com.ar\/index.php\/wp-json\/wp\/v2\/types\/post"}],"author":[{"embeddable":true,"href":"https:\/\/13.com.ar\/index.php\/wp-json\/wp\/v2\/users\/1"}],"replies":[{"embeddable":true,"href":"https:\/\/13.com.ar\/index.php\/wp-json\/wp\/v2\/comments?post=44869"}],"version-history":[{"count":0,"href":"https:\/\/13.com.ar\/index.php\/wp-json\/wp\/v2\/posts\/44869\/revisions"}],"wp:featuredmedia":[{"embeddable":true,"href":"https:\/\/13.com.ar\/index.php\/wp-json\/wp\/v2\/media\/44870"}],"wp:attachment":[{"href":"https:\/\/13.com.ar\/index.php\/wp-json\/wp\/v2\/media?parent=44869"}],"wp:term":[{"taxonomy":"category","embeddable":true,"href":"https:\/\/13.com.ar\/index.php\/wp-json\/wp\/v2\/categories?post=44869"},{"taxonomy":"post_tag","embeddable":true,"href":"https:\/\/13.com.ar\/index.php\/wp-json\/wp\/v2\/tags?post=44869"}],"curies":[{"name":"wp","href":"https:\/\/api.w.org\/{rel}","templated":true}]}}