{"id":4486,"date":"2025-02-13T08:24:50","date_gmt":"2025-02-13T11:24:50","guid":{"rendered":"https:\/\/13.com.ar\/index.php\/un-auto-embistio-a-un-grupo-de-personas-en-munich-al-menos-veinte-heridos\/"},"modified":"2025-02-13T08:24:50","modified_gmt":"2025-02-13T11:24:50","slug":"un-auto-embistio-a-un-grupo-de-personas-en-munich-al-menos-veinte-heridos","status":"publish","type":"post","link":"https:\/\/13.com.ar\/index.php\/un-auto-embistio-a-un-grupo-de-personas-en-munich-al-menos-veinte-heridos\/","title":{"rendered":"Un auto embisti\u00f3 a un grupo de personas en Munich: al menos veinte heridos"},"content":{"rendered":"<p> <br \/>\n<br \/><img decoding=\"async\" src=\"https:\/\/13.com.ar\/wp-content\/uploads\/2025\/02\/Un-auto-embistio-a-un-grupo-de-personas-en-Munich.jpg\" \/><\/p>\n<div>\n<p><strong>Un conductor embisti\u00f3 a un grupo de trabajadores que realizaban una protesta sindical <\/strong>en la ciudad alemana de Munich, dejando al menos unos veinte heridos, dos de ellos de gravedad, seg\u00fan informan medios locales citando autoridades sanitarias.<\/p>\n<\/div>\n<div>\n<p>El incidente ocurri\u00f3 en la ma\u00f1ana del jueves, cerca de las 10:30 (6:30 de Argentina) cuando el conductor de un Mini Cooper <strong>se meti\u00f3 de lleno en una protesta organizada por el sindicato Ver.di,<\/strong> que nuclea a los empleados de servicio y reclamaba por un aumento salarial. <\/p>\n<\/div>\n<div>\n<p>Si bien las autoridades no confirmaron si el incidente hab\u00eda sido deliberado, medios locales como<em> Bild <\/em>confirmaron<strong> al menos unos veinte heridos, incluyendo una mujer y su hijo. <\/strong>Adem\u00e1s se escucharon disparos en el lugar.<\/p>\n<\/div>\n<div>\n<p>La Polic\u00eda indic\u00f3 en la plataforma social X que el conductor hab\u00eda sido \u201cdetenido\u201d en el lugar y que ya no supon\u00eda ning\u00fan peligro.<\/p>\n<\/div>\n<p><br \/>\n<br \/><a href=\"https:\/\/www.clarin.com\/mundo\/auto-embistio-grupo-personas-munich-veinte-heridos_0_634EK99MO6.html\">Fuente Clarin.com <\/a><\/p>\n","protected":false},"excerpt":{"rendered":"<p>Un conductor embisti\u00f3 a un grupo de trabajadores que realizaban una protesta sindical en la ciudad alemana de Munich, dejando al menos unos veinte heridos, dos de ellos de gravedad, seg\u00fan informan medios locales citando autoridades sanitarias. El incidente ocurri\u00f3 en la ma\u00f1ana del jueves, cerca de las 10:30 (6:30 de Argentina) cuando el conductor [&hellip;]<\/p>\n","protected":false},"author":1,"featured_media":4487,"comment_status":"open","ping_status":"open","sticky":false,"template":"","format":"standard","meta":{"footnotes":""},"categories":[2],"tags":[430,6517,599,568,263,6518,2125,6519],"class_list":["post-4486","post","type-post","status-publish","format-standard","has-post-thumbnail","hentry","category-ultimas-noticias","tag-auto","tag-embistio","tag-grupo","tag-heridos","tag-menos","tag-munich","tag-personas","tag-veinte"],"_links":{"self":[{"href":"https:\/\/13.com.ar\/index.php\/wp-json\/wp\/v2\/posts\/4486","targetHints":{"allow":["GET"]}}],"collection":[{"href":"https:\/\/13.com.ar\/index.php\/wp-json\/wp\/v2\/posts"}],"about":[{"href":"https:\/\/13.com.ar\/index.php\/wp-json\/wp\/v2\/types\/post"}],"author":[{"embeddable":true,"href":"https:\/\/13.com.ar\/index.php\/wp-json\/wp\/v2\/users\/1"}],"replies":[{"embeddable":true,"href":"https:\/\/13.com.ar\/index.php\/wp-json\/wp\/v2\/comments?post=4486"}],"version-history":[{"count":0,"href":"https:\/\/13.com.ar\/index.php\/wp-json\/wp\/v2\/posts\/4486\/revisions"}],"wp:featuredmedia":[{"embeddable":true,"href":"https:\/\/13.com.ar\/index.php\/wp-json\/wp\/v2\/media\/4487"}],"wp:attachment":[{"href":"https:\/\/13.com.ar\/index.php\/wp-json\/wp\/v2\/media?parent=4486"}],"wp:term":[{"taxonomy":"category","embeddable":true,"href":"https:\/\/13.com.ar\/index.php\/wp-json\/wp\/v2\/categories?post=4486"},{"taxonomy":"post_tag","embeddable":true,"href":"https:\/\/13.com.ar\/index.php\/wp-json\/wp\/v2\/tags?post=4486"}],"curies":[{"name":"wp","href":"https:\/\/api.w.org\/{rel}","templated":true}]}}