{"id":4478,"date":"2025-02-13T07:46:50","date_gmt":"2025-02-13T10:46:50","guid":{"rendered":"https:\/\/13.com.ar\/index.php\/mas-tecnologia-y-mas-carreras-presenciales-y-a-distancia\/"},"modified":"2025-02-13T07:46:50","modified_gmt":"2025-02-13T10:46:50","slug":"mas-tecnologia-y-mas-carreras-presenciales-y-a-distancia","status":"publish","type":"post","link":"https:\/\/13.com.ar\/index.php\/mas-tecnologia-y-mas-carreras-presenciales-y-a-distancia\/","title":{"rendered":"m\u00e1s tecnolog\u00eda y m\u00e1s carreras presenciales y a distancia"},"content":{"rendered":"<p> <br \/>\n<\/p>\n<div id=\"cuerpo\">\n<div class=\"sc-80531b6b-0 chRIGJ container-text text-embed\">\n<p><strong>Brand Studio para Universidad de Mor\u00f3n<\/strong><\/p>\n<\/div>\n<div class=\"sc-80531b6b-0 chRIGJ container-text text-embed\">\n<p>La <strong>Universidad de Mor\u00f3n (UM)<\/strong> comenz\u00f3 las inscripciones para el <strong>ciclo lectivo 2025<\/strong> con una oferta renovada que incluye carreras presenciales y a distancia, programas de verano y recursos educativos innovadores. Con <strong>sedes en Mor\u00f3n y en la Ciudad de Buenos Aires<\/strong>, y un nuevo <strong>centro regional en Ca\u00f1uelas<\/strong>, la instituci\u00f3n se propone seguir siendo una opci\u00f3n de vanguardia para los estudiantes.<\/p>\n<\/div>\n<div class=\"sc-80531b6b-0 chRIGJ container-text text-embed\">\n<p>Durante la pandemia de Covid, la Universidad decidi\u00f3 incorporar la mejor tecnolog\u00eda disponible para la educaci\u00f3n superior. Se eligi\u00f3 Blackboard, la plataforma educativa m\u00e1s prestigiosa a nivel mundial, y se apost\u00f3 con fuerza por ese camino de innovaci\u00f3n. \u201cFueron a\u00f1os de mucha inversi\u00f3n y de capacitaci\u00f3n, para lograr ense\u00f1ar como ense\u00f1a el mundo\u201d, explic\u00f3 <strong>Pablo Navarro, profesor de la UM y experto en educaci\u00f3n digital.<\/strong><\/p>\n<\/div>\n<div class=\"sc-80531b6b-0 chRIGJ container-text text-embed\">\n<p>Para obtener informaci\u00f3n sobre estos temas se hicieron muchos viajes, en los que los especialistas notaron que los contenidos que se estaban ofreciendo en las carreras de grado muchas veces no alcanzaban para cubrir las necesidades de las empresas a la hora de trabajar. \u201cUno no puede pensar en un profesional que no est\u00e9 inserto en el mundo del trabajo\u201d, indic\u00f3 Navarro. Por eso, la Universidad incorpor\u00f3 los &#8220;Trayectos de Formaci\u00f3n en Habilidades Profesionales&#8221; del primero al cuarto a\u00f1o de las carreras. En esos programas se aprende sobre <strong>comunicaci\u00f3n efectiva, liderazgo, gesti\u00f3n de proyectos, y trabajo en equipo<\/strong>, entre otras. Esto se hace mediante la <strong>plataforma Coursera<\/strong>, que otorga certificaciones internacionales.<\/p>\n<\/div>\n<div class=\"sc-80531b6b-0 chRIGJ container-text text-embed\">\n<p>\u201cEsto le incorpora al estudiante un valor agregado. Va a ser un profesional distinto\u201d, asegur\u00f3 Navarro.<\/p>\n<\/div>\n<div class=\"sc-198be8ec-0 cynXbu image-embed  image-embed \"><picture class=\"sc-198be8ec-1 kOjRiQ\"><source media=\"(min-width: 975px)\" width=\"720\" height=\"480\" \/><img alt=\"Pablo Navarro, profesor de la UM y experto en educaci\u00f3n digital, habl\u00f3 con Brand Studio.\" loading=\"lazy\" width=\"720\" height=\"480\" decoding=\"async\" data-nimg=\"1\" style=\"color:transparent\" src=\"https:\/\/13.com.ar\/wp-content\/uploads\/2025\/02\/mas-tecnologia-y-mas-carreras-presenciales-y-a-distancia.jpg\"\/><span class=\"epigraphe\">Pablo Navarro, profesor de la UM y experto en educaci\u00f3n digital, habl\u00f3 con Brand Studio.<\/span><span class=\"bkg\"\/><span class=\"picture-open\"><button class=\"open-image\" aria-label=\"Open Image\"\/><\/span><\/picture><\/div>\n<div class=\"sc-80531b6b-0 chRIGJ container-text text-embed\">\n<p>En 2024, la universidad inaugur\u00f3 <strong>aulas de realidad inmersiva<\/strong>, que permiten a los alumnos aprender con contenidos interactivos dise\u00f1ados por los docentes. Estas herramientas se suman al <strong>Programa Especializado en Inteligencia Artificial Generativa<\/strong>, accesible sin costo adicional para todos los alumnos.<\/p>\n<\/div>\n<div class=\"sc-80531b6b-0 chRIGJ container-text text-embed\">\n<p>Por medio de estas plataformas, hoy es posible realizar distintos <strong>cursos de universidades extranjeras<\/strong>, revisados a\u00f1o a a\u00f1o por la UM. \u201cSe est\u00e1 empezando a achicar la brecha gracias a la tecnolog\u00eda. Hoy ya no es necesario viajar para hacer un curso. Es un futuro casi sin fronteras\u201d, indic\u00f3 Navarro. En ese marco, la UM tambi\u00e9n posee convenios de doble titulaci\u00f3n con prestigiosas universidades de Europa para las carreras de Abogac\u00eda, Arquitectura, Ingenier\u00eda Agron\u00f3mica y Ciencias Qu\u00edmicas.<\/p>\n<\/div>\n<div class=\"sc-80531b6b-0 chRIGJ container-text text-embed\">\n<p>Entre las principales novedades para este a\u00f1o, la UM ofrece <strong>Programas Especializados de Verano<\/strong> destinados a quienes se inscriban para el ciclo lectivo 2025. Estos estar\u00e1n <strong>disponibles hasta mediados de marzo<\/strong>. Entre los cursos que se dictan est\u00e1n <strong>Python, Java, Excel para empresas y aplicaciones de la Inteligencia Artificial Generativa al marketing<\/strong>, todos pensados para dar respuesta a las necesidades del mercado laboral actual.<\/p>\n<\/div>\n<div class=\"sc-80531b6b-0 chRIGJ container-text text-embed\">\n<p>La <strong>oferta acad\u00e9mica de la UM sigue creciendo con nuevas carreras a distancia<\/strong>, como Abogac\u00eda, Contador P\u00fablico, Psicopedagog\u00eda y Gerontolog\u00eda, que se suman a Dise\u00f1o de Interiores, Administraci\u00f3n, Hoteler\u00eda y Tasador, Martillero P\u00fablico y Corredor, entre otras. Por su parte, en la <strong>sede de Mor\u00f3n <\/strong>se ofrecen <strong>carreras tradicionales<\/strong> como Arquitectura, Medicina, Psicolog\u00eda, Farmacia, Econom\u00eda, Turismo, Ingenier\u00eda Industrial e Inform\u00e1tica, a las que este a\u00f1o se suman las Licenciaturas en Kinesiolog\u00eda y Fisiatr\u00eda y Biotecnolog\u00eda. En la <strong>sede de Ciudad de Buenos Aires<\/strong>, los estudiantes podr\u00e1n cursar <strong>Abogac\u00eda y Ciencias de la Educaci\u00f3n<\/strong>.<\/p>\n<\/div>\n<div class=\"sc-80531b6b-0 chRIGJ container-text text-embed\">\n<p>El <strong>centro regional en Ca\u00f1uelas <\/strong>funcionar\u00e1 como un apoyo para los alumnos de carreras a distancia. All\u00ed se ofrecer\u00e1n <strong>actividades complementarias opcionales<\/strong>, combinando recursos tecnol\u00f3gicos con instancias presenciales para enriquecer la formaci\u00f3n de los estudiantes.<\/p>\n<\/div>\n<div class=\"sc-198be8ec-0 cynXbu image-embed  image-embed \"><picture class=\"sc-198be8ec-1 kOjRiQ\"><source media=\"(min-width: 975px)\" width=\"720\" height=\"480\" \/><img alt=\"El centro regional en Ca\u00f1uelas se inaugur\u00f3 en 2024\" loading=\"lazy\" width=\"720\" height=\"480\" decoding=\"async\" data-nimg=\"1\" style=\"color:transparent\" src=\"https:\/\/13.com.ar\/wp-content\/uploads\/2025\/02\/1739443610_411_mas-tecnologia-y-mas-carreras-presenciales-y-a-distancia.jpg\"\/><span class=\"epigraphe\">El centro regional en Ca\u00f1uelas se inaugur\u00f3 en 2024<\/span><span class=\"bkg\"\/><span class=\"picture-open\"><button class=\"open-image\" aria-label=\"Open Image\"\/><\/span><\/picture><\/div>\n<div class=\"sc-80531b6b-0 chRIGJ container-text text-embed\">\n<p>\u201cHoy la tecnolog\u00eda da muchas posibilidades que igualan o mejoran lo presencial\u201d, indic\u00f3 Navarro. Todas las carreras a distancia cuentan con un espacio de encuentro virtual con el docente, adem\u00e1s de respaldo en el aula virtual, que brinda accesibilidad a los contenidos.<\/p>\n<\/div>\n<div class=\"sc-80531b6b-0 chRIGJ container-text text-embed\">\n<p>Finalmente, la UM mantiene su <strong>amplia oferta de posgrados<\/strong>, como la <strong>Maestr\u00eda en Administraci\u00f3n de Negocios (MBA), el Doctorado en Gen\u00e9tica, la Especializaci\u00f3n en la Funci\u00f3n Judicial y la Especializaci\u00f3n en Docencia Universitaria<\/strong> mediada por tecnolog\u00edas educativas, entre otras opciones dise\u00f1adas para profesionales que buscan seguir avanzando en su desarrollo acad\u00e9mico.<\/p>\n<\/div>\n<div class=\"sc-80531b6b-0 chRIGJ container-text text-embed\">\n<p>\u201cEn la Universidad de Mor\u00f3n tenemos una visi\u00f3n de lo que el mundo necesita de nuestros graduados y formamos profesionales competitivos\u201d, concluy\u00f3 Navarro.<\/p>\n<\/div>\n<div class=\"sc-80531b6b-0 chRIGJ container-text text-embed\">\n<p><strong>Las inscripciones para 2025 est\u00e1n abiertas<\/strong>. Los interesados pueden anotarse en el sitio web oficial unimoron.edu.ar o comunicarse al +54 11 5627 2020 para m\u00e1s informaci\u00f3n.<\/p>\n<\/div>\n<\/div>\n<p><br \/>\n<br \/><a href=\"https:\/\/www.clarin.com\/brandstudio\/educacion-mira-futuro-tecnologia-carreras-presenciales-distancia_0_rRHihsigjt.html\">Fuente Clarin.com <\/a><\/p>\n","protected":false},"excerpt":{"rendered":"<p>Brand Studio para Universidad de Mor\u00f3n La Universidad de Mor\u00f3n (UM) comenz\u00f3 las inscripciones para el ciclo lectivo 2025 con una oferta renovada que incluye carreras presenciales y a distancia, programas de verano y recursos educativos innovadores. Con sedes en Mor\u00f3n y en la Ciudad de Buenos Aires, y un nuevo centro regional en Ca\u00f1uelas, [&hellip;]<\/p>\n","protected":false},"author":1,"featured_media":4479,"comment_status":"open","ping_status":"open","sticky":false,"template":"","format":"standard","meta":{"footnotes":""},"categories":[2],"tags":[1005,548,155,6512,769],"class_list":["post-4478","post","type-post","status-publish","format-standard","has-post-thumbnail","hentry","category-ultimas-noticias","tag-carreras","tag-distancia","tag-mas","tag-presenciales","tag-tecnologia"],"_links":{"self":[{"href":"https:\/\/13.com.ar\/index.php\/wp-json\/wp\/v2\/posts\/4478","targetHints":{"allow":["GET"]}}],"collection":[{"href":"https:\/\/13.com.ar\/index.php\/wp-json\/wp\/v2\/posts"}],"about":[{"href":"https:\/\/13.com.ar\/index.php\/wp-json\/wp\/v2\/types\/post"}],"author":[{"embeddable":true,"href":"https:\/\/13.com.ar\/index.php\/wp-json\/wp\/v2\/users\/1"}],"replies":[{"embeddable":true,"href":"https:\/\/13.com.ar\/index.php\/wp-json\/wp\/v2\/comments?post=4478"}],"version-history":[{"count":0,"href":"https:\/\/13.com.ar\/index.php\/wp-json\/wp\/v2\/posts\/4478\/revisions"}],"wp:featuredmedia":[{"embeddable":true,"href":"https:\/\/13.com.ar\/index.php\/wp-json\/wp\/v2\/media\/4479"}],"wp:attachment":[{"href":"https:\/\/13.com.ar\/index.php\/wp-json\/wp\/v2\/media?parent=4478"}],"wp:term":[{"taxonomy":"category","embeddable":true,"href":"https:\/\/13.com.ar\/index.php\/wp-json\/wp\/v2\/categories?post=4478"},{"taxonomy":"post_tag","embeddable":true,"href":"https:\/\/13.com.ar\/index.php\/wp-json\/wp\/v2\/tags?post=4478"}],"curies":[{"name":"wp","href":"https:\/\/api.w.org\/{rel}","templated":true}]}}