{"id":4476,"date":"2025-02-13T07:44:10","date_gmt":"2025-02-13T10:44:10","guid":{"rendered":"https:\/\/13.com.ar\/index.php\/la-euforia-de-karina-milei-tras-la-aprobacion-de-ficha-limpia-en-diputados\/"},"modified":"2025-02-13T07:44:10","modified_gmt":"2025-02-13T10:44:10","slug":"la-euforia-de-karina-milei-tras-la-aprobacion-de-ficha-limpia-en-diputados","status":"publish","type":"post","link":"https:\/\/13.com.ar\/index.php\/la-euforia-de-karina-milei-tras-la-aprobacion-de-ficha-limpia-en-diputados\/","title":{"rendered":"la euforia de Karina Milei, tras la aprobaci\u00f3n de Ficha Limpia en Diputados"},"content":{"rendered":"<p> <br \/>\n<br \/><img decoding=\"async\" src=\"https:\/\/13.com.ar\/wp-content\/uploads\/2025\/02\/la-euforia-de-Karina-Milei-tras-la-aprobacion-de-Ficha.jpg\" \/><\/p>\n<p>Mi\u00e9. 12.02.2025-21:37<\/p>\n<p><h2>Luego cruzarse con Mart\u00edn Menem al inicio de la sesi\u00f3n, Germ\u00e1n Mart\u00ednez sigui\u00f3 con los cuestionamientos y las chicanas<\/h2>\n<\/p>\n<div>\n<p>El diputado de Uni\u00f3n por la Patria se quej\u00f3 en su discurso del poco tiempo que ten\u00eda para hablar y de los diputados que se hab\u00edan retirado durante las dem\u00e1s exposiciones. &#8220;Hay que quedarse sentado, realmente, (hay) poquitos sentados en las bancas&#8221;, dijo, y cuando un diputado lo cuestion\u00f3, le ech\u00f3 en cara &#8220;vos tampoco te quedaste sentado, estuviste todo el tiempo afuera&#8221;.<\/p>\n<\/div>\n<div>\n<p>Por otro lado, se refiri\u00f3 al discurso del diputado por Entre R\u00edos Francisco Morchio, &#8220;Fundamentar este voto por el conflicto de la 125, est\u00e1 para div\u00e1n, cuando tiene en su bloque de presidente a quien defendi\u00f3 esa iniciativa en el Senado por nuestro espacio pol\u00edtico y cuando tiene al ministro del interior de nuestro gobierno en ese mismo bloque&#8221;.<\/p>\n<\/div>\n<div>\n<p>&#8220;Aplaudan alcahuetes, aplaudan&#8221;, dijo cuando algunos legisladores festejaron sus palabras, aunque luego pidi\u00f3 disculpas por la informalidad. Sin embargo, poco despu\u00e9s, tras el pedido de Martin Menem respecto de que estaba excedido de tiempo, volvi\u00f3 al informalismo: &#8220;Me interrump\u00eds a prop\u00f3sito&#8221; y &#8220;p\u00eddanse un Uber y se vuelven m\u00e1s r\u00e1pido&#8221;, dijo, y continu\u00f3 con su discurso, hasta que finalmente, el presidente de la C\u00e1mara debi\u00f3 interrumpirlo.<\/p>\n<\/div>\n<p><br \/>\n<br \/><a href=\"https:\/\/www.clarin.com\/politica\/javier-milei-medidas-vivo-euforia-karina-milei-aprobacion-ficha-limpia-diputados_0_hNj2brjMnR.html\">Fuente Clarin.com <\/a><\/p>\n","protected":false},"excerpt":{"rendered":"<p>Mi\u00e9. 12.02.2025-21:37 Luego cruzarse con Mart\u00edn Menem al inicio de la sesi\u00f3n, Germ\u00e1n Mart\u00ednez sigui\u00f3 con los cuestionamientos y las chicanas El diputado de Uni\u00f3n por la Patria se quej\u00f3 en su discurso del poco tiempo que ten\u00eda para hablar y de los diputados que se hab\u00edan retirado durante las dem\u00e1s exposiciones. &#8220;Hay que quedarse [&hellip;]<\/p>\n","protected":false},"author":1,"featured_media":4477,"comment_status":"open","ping_status":"open","sticky":false,"template":"","format":"standard","meta":{"footnotes":""},"categories":[2],"tags":[310,350,6511,4236,4337,4237,77,312],"class_list":["post-4476","post","type-post","status-publish","format-standard","has-post-thumbnail","hentry","category-ultimas-noticias","tag-aprobacion","tag-diputados","tag-euforia","tag-ficha","tag-karina","tag-limpia","tag-milei","tag-tras"],"_links":{"self":[{"href":"https:\/\/13.com.ar\/index.php\/wp-json\/wp\/v2\/posts\/4476","targetHints":{"allow":["GET"]}}],"collection":[{"href":"https:\/\/13.com.ar\/index.php\/wp-json\/wp\/v2\/posts"}],"about":[{"href":"https:\/\/13.com.ar\/index.php\/wp-json\/wp\/v2\/types\/post"}],"author":[{"embeddable":true,"href":"https:\/\/13.com.ar\/index.php\/wp-json\/wp\/v2\/users\/1"}],"replies":[{"embeddable":true,"href":"https:\/\/13.com.ar\/index.php\/wp-json\/wp\/v2\/comments?post=4476"}],"version-history":[{"count":0,"href":"https:\/\/13.com.ar\/index.php\/wp-json\/wp\/v2\/posts\/4476\/revisions"}],"wp:featuredmedia":[{"embeddable":true,"href":"https:\/\/13.com.ar\/index.php\/wp-json\/wp\/v2\/media\/4477"}],"wp:attachment":[{"href":"https:\/\/13.com.ar\/index.php\/wp-json\/wp\/v2\/media?parent=4476"}],"wp:term":[{"taxonomy":"category","embeddable":true,"href":"https:\/\/13.com.ar\/index.php\/wp-json\/wp\/v2\/categories?post=4476"},{"taxonomy":"post_tag","embeddable":true,"href":"https:\/\/13.com.ar\/index.php\/wp-json\/wp\/v2\/tags?post=4476"}],"curies":[{"name":"wp","href":"https:\/\/api.w.org\/{rel}","templated":true}]}}