{"id":4469,"date":"2025-02-13T06:48:34","date_gmt":"2025-02-13T09:48:34","guid":{"rendered":"https:\/\/13.com.ar\/index.php\/a-que-hora-publica-el-dato-hoy-el-indec\/"},"modified":"2025-02-13T06:48:34","modified_gmt":"2025-02-13T09:48:34","slug":"a-que-hora-publica-el-dato-hoy-el-indec","status":"publish","type":"post","link":"https:\/\/13.com.ar\/index.php\/a-que-hora-publica-el-dato-hoy-el-indec\/","title":{"rendered":"a qu\u00e9 hora publica el dato hoy el INDEC"},"content":{"rendered":"<p> <br \/>\n<br \/><img decoding=\"async\" src=\"https:\/\/13.com.ar\/wp-content\/uploads\/2025\/02\/Las-consultoras-bajan-su-proyeccion-de-inflacion-para-2025-ahora.jpg\" \/><\/p>\n<div id=\"cuerpo\">\n<div class=\"sc-80531b6b-0 chRIGJ container-text text-embed\">\n<p><strong>Hoy jueves el INDEC dar\u00e1 a conocer a las 16 el dato de inflaci\u00f3n de enero<\/strong>. Aunque 2025 hab\u00eda comenzado con aumentos en alimentos y bebidas, hacia el final del mes se desaceler\u00f3 la suba. As\u00ed el \u00cdndice<strong> de Precios al Consumidor (IPC)<\/strong> del mes pasado habr\u00eda terminado <strong>entre 2% y 2,3%<\/strong>, estiman consultoras privadas, tras el 2,7% de diciembre.<\/p>\n<\/div>\n<div class=\"sc-80531b6b-0 chRIGJ container-text text-embed\">\n<p>Si el n\u00famero se confirma, <strong>ser\u00eda el valor m\u00e1s bajo en lo que va de la gesti\u00f3n de este Gobierno, luego del<\/strong> 2,4% en noviembre.<\/p>\n<\/div>\n<div class=\"sc-80531b6b-0 chRIGJ container-text text-embed\">\n<p>En las expectativas oficiales, influye <strong>la reciente baja del ritmo de devaluaci\u00f3n del d\u00f3lar oficial<\/strong> <em>(crawling peg)<\/em> que implement\u00f3 el Banco Central el lunes de la semana pasada, en el primer d\u00eda h\u00e1bil de febrero, lo que puede interpretarse como una se\u00f1al de que el Ministerio de Econom\u00eda tiene noci\u00f3n de que se habr\u00eda logrado una <strong>desaceleraci\u00f3n inflacionaria en enero<\/strong>.<\/p>\n<\/div>\n<div class=\"sc-80531b6b-0 chRIGJ container-text text-embed\">\n<p>En tanto, de cara a febrero, los pron\u00f3sticos iniciales de las consultoras de que <strong>el \u00cdndice de Precios podr\u00eda bajar de 2% est\u00e1 en duda<\/strong> por la suba de la carne del 15% en lo que va de febrero y los aumentos en las tarifas de servicios p\u00fablicos y en otros rubros que suman presi\u00f3n.  <\/p>\n<\/div>\n<div class=\"sc-ad4aedf2-0 dPPgNJ border-video video-embed horizontal border-video video-embed horizontal\">\n<div class=\"sc-ad4aedf2-1 hnFuni videoText videoText\">\n<h2>Video<\/h2>\n<p> Inflaci\u00f3n de enero 2025: cu\u00e1ndo se conoce y de cu\u00e1nto es la cifra<\/p>\n<\/div>\n<\/div>\n<div class=\"sc-80531b6b-0 chRIGJ container-text text-embed\">\n<p><strong>Un n\u00famero por debajo del 2% se registr\u00f3 por \u00faltima vez hace cuatro a\u00f1os y medio<\/strong>, en julio de 2020, durante pandemia y cuarentena estricta, con un <strong>1,9% <\/strong>mensual. Se espera que el arranque de a\u00f1o consolide la<strong> tendencia decreciente<\/strong>, que llevar\u00eda al \u00cdndice por debajo del <strong>2% <\/strong>en los pr\u00f3ximos meses.<\/p>\n<\/div>\n<p><h2><strong>Inflaci\u00f3n de enero 2025<\/strong><\/h2>\n<\/p>\n<div class=\"sc-80531b6b-0 chRIGJ container-text text-embed\">\n<p>El \u00faltimo <strong>Relevamiento de Expectativas de Mercado (REM)<\/strong>, publicado por el Banco Central el jueves en base a la proyecci\u00f3n de 39 consultoras y entidades financieras que participaron del informe mensual, arroj\u00f3 que <strong>el dato oficial de enero ser\u00eda 2,3%<\/strong>. <\/p>\n<\/div>\n<div class=\"sc-80531b6b-0 chRIGJ container-text text-embed\">\n<p>Sin embargo, en las \u00faltimas horas, <strong>las consultoras recortaron sus proyecciones<\/strong> respecto de los elaborados d\u00edas atr\u00e1s y mayormente calculan un n\u00famero inferior.<\/p>\n<\/div>\n<div class=\"sc-80531b6b-0 chRIGJ container-text text-embed\">\n<p><strong>EcoGo<\/strong>, firma que dirige <strong>Marina dal Poggetto<\/strong>, proyect\u00f3 un <strong>2,3%<\/strong> y ahora estima que<strong> la inflaci\u00f3n de enero rondar\u00eda en 2%<\/strong>. En ese n\u00famero coinciden <strong>C&amp;T Asesores Econ\u00f3micos<\/strong>, firma que lideran <strong>Camilo Tiscornia<\/strong> y <strong>Mar\u00eda Castiglioni<\/strong>, a quienes inicialmente enero les daba tambi\u00e9n en el orden de 2,3%; y <strong>LCG<\/strong>, <strong>Analytica <\/strong>y <strong>Equilibra<\/strong>. <\/p>\n<\/div>\n<p><h2><strong>Inflaci\u00f3n de febrero 2025<\/strong><\/h2>\n<\/p>\n<div class=\"sc-80531b6b-0 chRIGJ container-text text-embed\">\n<p>Por su parte, <strong>febrero comenz\u00f3 con una inflaci\u00f3n semanal de 2,3% <\/strong>seg\u00fan el \u00faltimo relevamiento de precios de alimentos y bebidas de LCG, aunque aclar\u00f3 que es habitual que en los primeros d\u00edas de cada mes haya subas que luego se estabilizan. Comparado a la \u00faltima semana de enero, la primera de febrero tuvo <strong>aumentos en el 21% de la canasta relevada<\/strong>, 10 puntos porcentuales m\u00e1s que los siete d\u00edas previos.<\/p>\n<\/div>\n<div class=\"sc-80531b6b-0 chRIGJ container-text text-embed\">\n<p>En ese sentido, <strong>ya se nota el impacto del incremento de la carne en mostradores<\/strong>, que en el sector argumentan que es un fen\u00f3meno estacional que se repite todos los a\u00f1os. De acuerdo a LCG, junto con bebidas, los aumentos en distintos cortes explicaron <strong>m\u00e1s del 80% de las subas de precios que hubo la semana pasada<\/strong>.<\/p>\n<\/div>\n<div class=\"sc-80531b6b-0 chRIGJ container-text text-embed\">\n<p>En su \u00faltimo reporte, Equilibra tambi\u00e9n da cuenta de <strong>una aceleraci\u00f3n semanal, que pas\u00f3 de 0,3% a<\/strong> <strong>1,1%<\/strong>. \u201c<strong>La suba estacional de la carne vacuna ya se siente<\/strong> en el mercado minorista: en la semana, el rubro \u2018Carnes y otros derivados\u2019 <strong>trep\u00f3 2,6%<\/strong> (carne vacuna: <strong>3,7%<\/strong>), llevando a alimentos y bebidas sin estacionales y al nivel general a 1,1% semanal\u201d, apunt\u00f3.<\/p>\n<\/div>\n<div class=\"sc-80531b6b-0 chRIGJ container-text text-embed\">\n<p><strong>La evoluci\u00f3n del precio de la carne tendr\u00e1 fuerte incidencia en el IPC.<\/strong> En Gran Buenos Aires (GBA), representa casi el <strong>7%<\/strong> del peso total, mientras que en otras partes del pa\u00eds supera al <strong>13%<\/strong>, como en el norte.<\/p>\n<\/div>\n<div class=\"sc-80531b6b-0 chRIGJ container-text text-embed\">\n<p>En la industria c\u00e1rnica reconocen que, pese a los precios de venta retrasados, y con un consumo que a\u00fan no despega y que ya restringi\u00f3 la compra de carne en 2024, <strong>no hay mucho margen para seguir subiendo los precios<\/strong>, aunque s\u00ed se podr\u00eda observar <strong>el despegue de algunos cortes<\/strong>.<\/p>\n<\/div>\n<\/div>\n<p><br \/>\n<br \/><a href=\"https:\/\/www.clarin.com\/economia\/inflacion-enero-2025-hora-publica-dato-hoy-indec_0_U0K4lqyiiZ.html\">Fuente Clarin.com <\/a><\/p>\n","protected":false},"excerpt":{"rendered":"<p>Hoy jueves el INDEC dar\u00e1 a conocer a las 16 el dato de inflaci\u00f3n de enero. Aunque 2025 hab\u00eda comenzado con aumentos en alimentos y bebidas, hacia el final del mes se desaceler\u00f3 la suba. As\u00ed el \u00cdndice de Precios al Consumidor (IPC) del mes pasado habr\u00eda terminado entre 2% y 2,3%, estiman consultoras privadas, [&hellip;]<\/p>\n","protected":false},"author":1,"featured_media":2726,"comment_status":"open","ping_status":"open","sticky":false,"template":"","format":"standard","meta":{"footnotes":""},"categories":[2],"tags":[2255,713,147,6503,757,286],"class_list":["post-4469","post","type-post","status-publish","format-standard","has-post-thumbnail","hentry","category-ultimas-noticias","tag-dato","tag-hora","tag-hoy","tag-indec","tag-publica","tag-que"],"_links":{"self":[{"href":"https:\/\/13.com.ar\/index.php\/wp-json\/wp\/v2\/posts\/4469","targetHints":{"allow":["GET"]}}],"collection":[{"href":"https:\/\/13.com.ar\/index.php\/wp-json\/wp\/v2\/posts"}],"about":[{"href":"https:\/\/13.com.ar\/index.php\/wp-json\/wp\/v2\/types\/post"}],"author":[{"embeddable":true,"href":"https:\/\/13.com.ar\/index.php\/wp-json\/wp\/v2\/users\/1"}],"replies":[{"embeddable":true,"href":"https:\/\/13.com.ar\/index.php\/wp-json\/wp\/v2\/comments?post=4469"}],"version-history":[{"count":0,"href":"https:\/\/13.com.ar\/index.php\/wp-json\/wp\/v2\/posts\/4469\/revisions"}],"wp:featuredmedia":[{"embeddable":true,"href":"https:\/\/13.com.ar\/index.php\/wp-json\/wp\/v2\/media\/2726"}],"wp:attachment":[{"href":"https:\/\/13.com.ar\/index.php\/wp-json\/wp\/v2\/media?parent=4469"}],"wp:term":[{"taxonomy":"category","embeddable":true,"href":"https:\/\/13.com.ar\/index.php\/wp-json\/wp\/v2\/categories?post=4469"},{"taxonomy":"post_tag","embeddable":true,"href":"https:\/\/13.com.ar\/index.php\/wp-json\/wp\/v2\/tags?post=4469"}],"curies":[{"name":"wp","href":"https:\/\/api.w.org\/{rel}","templated":true}]}}