{"id":4467,"date":"2025-02-13T06:44:54","date_gmt":"2025-02-13T09:44:54","guid":{"rendered":"https:\/\/13.com.ar\/index.php\/mas-de-200-chicos-y-jovenes-musicos-se-reuniran-en-chascomus-para-el-gran-festival-soijar-2025\/"},"modified":"2025-02-13T06:44:54","modified_gmt":"2025-02-13T09:44:54","slug":"mas-de-200-chicos-y-jovenes-musicos-se-reuniran-en-chascomus-para-el-gran-festival-soijar-2025","status":"publish","type":"post","link":"https:\/\/13.com.ar\/index.php\/mas-de-200-chicos-y-jovenes-musicos-se-reuniran-en-chascomus-para-el-gran-festival-soijar-2025\/","title":{"rendered":"M\u00e1s de 200 chicos y j\u00f3venes m\u00fasicos se reunir\u00e1n en Chascom\u00fas para el gran Festival SOIJAr 2025"},"content":{"rendered":"<p> <br \/>\n<\/p>\n<div id=\"cuerpo\">\n<div class=\"sc-80531b6b-0 chRIGJ container-text text-embed\">\n<p>Ser\u00e1 una semana musical hist\u00f3rica para Chascom\u00fas. M\u00e1s de 200 ni\u00f1as, ni\u00f1os y j\u00f3venes de orquestas infantiles y juveniles de toda la Argentina participar\u00e1n en <strong>El Festival SOIJAr 2025<\/strong> en esta ciudad de la provincia de Buenos Aires para celebrar sus 20 a\u00f1os con una edici\u00f3n hist\u00f3rica.<\/p>\n<\/div>\n<div class=\"sc-80531b6b-0 chRIGJ container-text text-embed\">\n<p>Del 16 al 22 de febrero, esta fiesta federal los convocar\u00e1 a una semana vibrante de <strong>talleres, seminarios y conciertos al aire libre<\/strong> en el marco natural de la laguna de Chascom\u00fas, la ciudad bonaerense que es <strong>Capital Nacional de las Orquestas Infantiles y Juveniles.<\/strong> <\/p>\n<\/div>\n<div class=\"sc-80531b6b-0 chRIGJ container-text text-embed\">\n<p>A solo 120 kil\u00f3metros de la Ciudad de Buenos Aires, el encuentro ser\u00e1 el epicentro de la celebraci\u00f3n impulsada por la Fundaci\u00f3n SOIJAr (Sistema de Orquestas infantiles y Juveniles de Argentina), con el apoyo del Instituto Cultural del Gobierno de la Provincia de Buenos Aires y de la Municipalidad de Chascom\u00fas.<\/p>\n<\/div>\n<div class=\"sc-80531b6b-0 chRIGJ container-text text-embed\">\n<p>Con una programaci\u00f3n que combina formaci\u00f3n musical de excelencia con actividades recreativas, El Festival potencia el trabajo en red de las orquestas y coros del pa\u00eds, promoviendo &#8220;la inclusi\u00f3n, la integraci\u00f3n, la igualdad, la equidad y la integraci\u00f3n comunitaria&#8221;.<\/p>\n<\/div>\n<div class=\"sc-80531b6b-0 chRIGJ container-text text-embed\">\n<p>Como en cada edici\u00f3n, El Festival ofrecer\u00e1 tambi\u00e9n conciertos abiertos al p\u00fablico en el bello entorno natural de Chascom\u00fas, protagonizados por la Filarm\u00f3nica del Festival, un Seleccionado Nacional de M\u00fasicos integrado por ni\u00f1os, ni\u00f1as y j\u00f3venes de 9 a\u00f1os en adelante, y otras agrupaciones, con la participaci\u00f3n especial de grandes artistas invitados.<\/p>\n<\/div>\n<div class=\"sc-80531b6b-0 chRIGJ container-text text-embed\">\n<p>Adem\u00e1s, el jueves 20 el Parque Libres del Sur ser\u00e1 la sede de \u201cChascom\u00fasica\u201d, una de las grandes novedades, con un despliegue de actividades participativas abiertas a la comunidad. <\/p>\n<\/div>\n<div class=\"sc-80531b6b-0 chRIGJ container-text text-embed\">\n<p>Ser\u00e1 una propuesta did\u00e1ctica para saber c\u00f3mo funciona una formaci\u00f3n orquestal, cu\u00e1les son las familias de instrumentos, qu\u00e9 es un director, ver la \u201ccocina\u201d de la preparaci\u00f3n de un concierto y vivir la sensaci\u00f3n de ser parte de una orquesta.<\/p>\n<\/div>\n<div class=\"sc-198be8ec-0 cynXbu image-embed  image-embed \"><picture class=\"sc-198be8ec-1 kOjRiQ\"><source media=\"(min-width: 975px)\" width=\"720\" height=\"480\" \/><img alt=\"Se viene la edici\u00f3n 2025 en Chascom\u00fas. Foto  El Festival SOIJAr\" loading=\"lazy\" width=\"720\" height=\"480\" decoding=\"async\" data-nimg=\"1\" style=\"color:transparent\" src=\"https:\/\/13.com.ar\/wp-content\/uploads\/2025\/02\/Mas-de-200-chicos-y-jovenes-musicos-se-reuniran-en.jpg\"\/><span class=\"epigraphe\">Se viene la edici\u00f3n 2025 en Chascom\u00fas. Foto  El Festival SOIJAr<\/span><span class=\"bkg\"\/><span class=\"picture-open\"><button class=\"open-image\" aria-label=\"Open Image\"\/><\/span><\/picture><\/div>\n<div class=\"sc-80531b6b-0 chRIGJ container-text text-embed\">\n<p>En esta ocasi\u00f3n, a la labor de Liliana Parodi como Embajadora de la Fundaci\u00f3n SOIJAr se suma tambi\u00e9n como Embajador, Lito Vitale, en reconocimiento a &#8220;su compromiso con la difusi\u00f3n y promoci\u00f3n del movimiento de Orquestas Infantiles y Juveniles en Argentina&#8221;.<\/p>\n<\/div>\n<p><h2>Los conciertos<\/h2>\n<\/p>\n<div class=\"sc-80531b6b-0 chRIGJ container-text text-embed\">\n<p>El 16 de febrero ser\u00e1 el turno de del concierto apertura \u201cPiazzolla al atardecer\u201d por parte de la Filarm\u00f3nica de Chascom\u00fas, con los invitados especiales Rafael Gintoli y Nico Sor\u00edn.<\/p>\n<\/div>\n<div class=\"sc-80531b6b-0 chRIGJ container-text text-embed\">\n<p>La programaci\u00f3n se pondr\u00e1 en marcha con un viaje a trav\u00e9s de la obra del genial compositor marplatense interpretada por la Filarm\u00f3nica local. El programa incluir\u00e1 una parte en formato sinf\u00f3nico, para homenajear adem\u00e1s al maestro Gintoli, y otra dedicada al proyecto electr\u00f3nico de Nico Sor\u00edn, que sumar\u00e1 su presencia a la celebraci\u00f3n.<\/p>\n<\/div>\n<div class=\"sc-198be8ec-0 cynXbu image-embed  image-embed \"><picture class=\"sc-198be8ec-1 kOjRiQ\"><source media=\"(min-width: 975px)\" width=\"720\" height=\"480\" \/><img alt=\"Habr\u00e1 talleres, seminarios y&#10;conciertos al aire libre. Foto El Festival SOIJAr\" loading=\"lazy\" width=\"720\" height=\"480\" decoding=\"async\" data-nimg=\"1\" style=\"color:transparent\" src=\"https:\/\/13.com.ar\/wp-content\/uploads\/2025\/02\/1739439894_638_Mas-de-200-chicos-y-jovenes-musicos-se-reuniran-en.jpg\"\/><span class=\"epigraphe\">Habr\u00e1 talleres, seminarios y<br \/>\nconciertos al aire libre. Foto El Festival SOIJAr<\/span><span class=\"bkg\"\/><span class=\"picture-open\"><button class=\"open-image\" aria-label=\"Open Image\"\/><\/span><\/picture><\/div>\n<div class=\"sc-80531b6b-0 chRIGJ container-text text-embed\">\n<p>El 19 de febrero tendr\u00e1 lugar &#8220;Chascom\u00fas cultiva un s\u00edmbolo de paz&#8221;. Con Hilda canta Charly, la Filarm\u00f3nica Federal SOIJAr y Lito Vitale como director musical.<\/p>\n<\/div>\n<div class=\"sc-80531b6b-0 chRIGJ container-text text-embed\">\n<p>Con la comunidad chascomunense como anfitriona, Hilda Lizarazu rendir\u00e1 tributo al legado de Charly Garc\u00eda acompa\u00f1ada por una banda de grandes m\u00fasicos comandados por Lito Vitale, junto a la Filarm\u00f3nica Federal SOIJAr, a trav\u00e9s de un repertorio cargado de cl\u00e1sicos.<\/p>\n<\/div>\n<div class=\"sc-80531b6b-0 chRIGJ container-text text-embed\">\n<p>El 21 de febrero ser\u00e1 el Concierto Beatle \u201cPeace &amp; Love\u201d, con la Orquesta-Escuela de Chascom\u00fas y los invitados especiales The Beats, Jon Holberg (Liverpool Institute for Performing Arts) y la Orquesta-Escuela de Voces de Mar del Plata.<\/p>\n<\/div>\n<div class=\"sc-80531b6b-0 chRIGJ container-text text-embed\">\n<p>Siete de las agrupaciones de la Orquesta-Escuela local, designada Embajadora de la Paz por Ringo Starr, agradecen la herencia musical de la banda brit\u00e1nica que revolucion\u00f3 el mundo con versiones creadas en colaboraci\u00f3n con el Liverpool Institute for Performing Arts, con el apoyo del British Council a trav\u00e9s de un concurso Ganado por la Fundaci\u00f3n SOIJAr.<\/p>\n<\/div>\n<div class=\"sc-80531b6b-0 chRIGJ container-text text-embed\">\n<p>El 22 de febrero ser\u00e1 el Concierto Triunfal de la Filarm\u00f3nica de &#8220;El Festival&#8221; (Seleccionado Nacional Argentino de J\u00f3venes M\u00fasicos), con el director invitado Guillermo Scarabino y el invitado especial Gast\u00f3n Angrisani.<\/p>\n<\/div>\n<div class=\"sc-198be8ec-0 cynXbu image-embed  image-embed \"><picture class=\"sc-198be8ec-1 kOjRiQ\"><source media=\"(min-width: 975px)\" width=\"720\" height=\"480\" \/><img alt=\"El festival ser\u00e1 del 16 al 22 de febrero. Foto El Festival SOIJAr\" loading=\"lazy\" width=\"720\" height=\"480\" decoding=\"async\" data-nimg=\"1\" style=\"color:transparent\" src=\"https:\/\/13.com.ar\/wp-content\/uploads\/2025\/02\/1739439894_860_Mas-de-200-chicos-y-jovenes-musicos-se-reuniran-en.jpg\"\/><span class=\"epigraphe\">El festival ser\u00e1 del 16 al 22 de febrero. Foto El Festival SOIJAr<\/span><span class=\"bkg\"\/><span class=\"picture-open\"><button class=\"open-image\" aria-label=\"Open Image\"\/><\/span><\/picture><\/div>\n<div class=\"sc-80531b6b-0 chRIGJ container-text text-embed\">\n<p>M\u00e1s de 200 ni\u00f1os, ni\u00f1as, adolescentes y j\u00f3venes m\u00fasicos de todo el pa\u00eds celebrar\u00e1n los 20 a\u00f1os de \u201cEl Festival\u201d con un programa de grandes obras cl\u00e1sicas, como la Obertura Romeo y Julieta (P. I. Tchaikovski bajo la batuta del maestro Scarabino).<\/p>\n<\/div>\n<div class=\"sc-80531b6b-0 chRIGJ container-text text-embed\">\n<p>Adem\u00e1s, habr\u00e1 un homenaje a la Selecci\u00f3n Nacional de F\u00fatbol en el marco de la llegada a Chascom\u00fas de la muestra Eternos Laureles, con la exhibici\u00f3n de los tres grandes trofeos conseguidos por el equipo dirigido por Leonel Scaloni: la Copa del Mundo, la Copa Am\u00e9rica y la Finalissima.<\/p>\n<\/div>\n<div class=\"sc-80531b6b-0 chRIGJ container-text text-embed\">\n<p>En el fin de fiesta actuar\u00e1n Los Charros junto a la Filarm\u00f3nica de Chascom\u00fas.<\/p>\n<\/div>\n<p><h2>Transformaci\u00f3n a trav\u00e9s de la m\u00fasica<\/h2>\n<\/p>\n<div class=\"sc-198be8ec-0 cynXbu image-embed  image-embed \"><picture class=\"sc-198be8ec-1 kOjRiQ\"><source media=\"(min-width: 975px)\" width=\"720\" height=\"480\" \/><img alt=\"Ser\u00e1 una edici\u00f3n hist\u00f3rica para festejar los 20 a\u00f1os. Foto El Festival SOIJAr\" loading=\"lazy\" width=\"720\" height=\"480\" decoding=\"async\" data-nimg=\"1\" style=\"color:transparent\" src=\"https:\/\/13.com.ar\/wp-content\/uploads\/2025\/02\/1739439894_369_Mas-de-200-chicos-y-jovenes-musicos-se-reuniran-en.jpg\"\/><span class=\"epigraphe\">Ser\u00e1 una edici\u00f3n hist\u00f3rica para festejar los 20 a\u00f1os. Foto El Festival SOIJAr<\/span><span class=\"bkg\"\/><span class=\"picture-open\"><button class=\"open-image\" aria-label=\"Open Image\"\/><\/span><\/picture><\/div>\n<div class=\"sc-80531b6b-0 chRIGJ container-text text-embed\">\n<p>En 2016, Chascom\u00fas fue declarada Capital Nacional de las Orquestas Infantiles y Juveniles por el Congreso Nacional en &#8220;un reconocimiento que reafirma su rol como cuna de la Metodolog\u00eda Orquesta-Escuela (MOE) y como sede de este movimiento federal que sigue transformando vidas a trav\u00e9s de la m\u00fasica&#8221;.<\/p>\n<\/div>\n<div class=\"sc-80531b6b-0 chRIGJ container-text text-embed\">\n<p>A su vez, la Fundaci\u00f3n SOIJAr naci\u00f3 el 4 de octubre de 2004, cuando el maestro Jos\u00e9 Antonio Abreu reconoci\u00f3 a la Orquesta-Escuela de Chascom\u00fas como un &#8220;fen\u00f3meno extraordinario&#8221;.<\/p>\n<\/div>\n<div class=\"sc-80531b6b-0 chRIGJ container-text text-embed\">\n<p>Desde entonces, SOIJAr ha impulsado encuentros provinciales, regionales y nacionales. Solo en 2024, su Programa de Becas acompa\u00f1\u00f3 a m\u00e1s de 120 j\u00f3venes en su capacitaci\u00f3n dentro del Plan Argentino de Multiplicadores, basado en la Metodolog\u00eda Orquesta-Escuela (MOE), creada por Valeria Atela.<\/p>\n<\/div>\n<div class=\"sc-80531b6b-0 chRIGJ container-text text-embed\">\n<p>&#8220;Con una intensa trayectoria que ha impactado en decenas de miles de ni\u00f1os, j\u00f3venes, educadores y gestores culturales, la Fundaci\u00f3n SOIJAr contin\u00faa utilizando la m\u00fasica como una herramienta poderosa para la transformaci\u00f3n social, promoviendo oportunidades de desarrollo personal y comunitario en todo el pa\u00eds&#8221;, destacan los organizadores.<\/p>\n<\/div>\n<\/div>\n<p><br \/>\n<br \/><a href=\"https:\/\/www.clarin.com\/viajes\/200-chicos-jovenes-musicos-reuniran-chascomus-gran-festival-soijar-2025_0_ZiVwYOGRGu.html\">Fuente Clarin.com <\/a><\/p>\n","protected":false},"excerpt":{"rendered":"<p>Ser\u00e1 una semana musical hist\u00f3rica para Chascom\u00fas. M\u00e1s de 200 ni\u00f1as, ni\u00f1os y j\u00f3venes de orquestas infantiles y juveniles de toda la Argentina participar\u00e1n en El Festival SOIJAr 2025 en esta ciudad de la provincia de Buenos Aires para celebrar sus 20 a\u00f1os con una edici\u00f3n hist\u00f3rica. Del 16 al 22 de febrero, esta fiesta [&hellip;]<\/p>\n","protected":false},"author":1,"featured_media":4468,"comment_status":"open","ping_status":"open","sticky":false,"template":"","format":"standard","meta":{"footnotes":""},"categories":[2],"tags":[6501,2213,1143,925,2922,155,6499,16,6500,6502],"class_list":["post-4467","post","type-post","status-publish","format-standard","has-post-thumbnail","hentry","category-ultimas-noticias","tag-chascomus","tag-chicos","tag-festival","tag-gran","tag-jovenes","tag-mas","tag-musicos","tag-para","tag-reuniran","tag-soijar"],"_links":{"self":[{"href":"https:\/\/13.com.ar\/index.php\/wp-json\/wp\/v2\/posts\/4467","targetHints":{"allow":["GET"]}}],"collection":[{"href":"https:\/\/13.com.ar\/index.php\/wp-json\/wp\/v2\/posts"}],"about":[{"href":"https:\/\/13.com.ar\/index.php\/wp-json\/wp\/v2\/types\/post"}],"author":[{"embeddable":true,"href":"https:\/\/13.com.ar\/index.php\/wp-json\/wp\/v2\/users\/1"}],"replies":[{"embeddable":true,"href":"https:\/\/13.com.ar\/index.php\/wp-json\/wp\/v2\/comments?post=4467"}],"version-history":[{"count":0,"href":"https:\/\/13.com.ar\/index.php\/wp-json\/wp\/v2\/posts\/4467\/revisions"}],"wp:featuredmedia":[{"embeddable":true,"href":"https:\/\/13.com.ar\/index.php\/wp-json\/wp\/v2\/media\/4468"}],"wp:attachment":[{"href":"https:\/\/13.com.ar\/index.php\/wp-json\/wp\/v2\/media?parent=4467"}],"wp:term":[{"taxonomy":"category","embeddable":true,"href":"https:\/\/13.com.ar\/index.php\/wp-json\/wp\/v2\/categories?post=4467"},{"taxonomy":"post_tag","embeddable":true,"href":"https:\/\/13.com.ar\/index.php\/wp-json\/wp\/v2\/tags?post=4467"}],"curies":[{"name":"wp","href":"https:\/\/api.w.org\/{rel}","templated":true}]}}