{"id":4465,"date":"2025-02-13T06:41:36","date_gmt":"2025-02-13T09:41:36","guid":{"rendered":"https:\/\/13.com.ar\/index.php\/por-que-fue-reconocido-por-el-lawn-tennis-y-es-uno-de-los-favoritos-del-publico\/"},"modified":"2025-02-13T06:41:36","modified_gmt":"2025-02-13T09:41:36","slug":"por-que-fue-reconocido-por-el-lawn-tennis-y-es-uno-de-los-favoritos-del-publico","status":"publish","type":"post","link":"https:\/\/13.com.ar\/index.php\/por-que-fue-reconocido-por-el-lawn-tennis-y-es-uno-de-los-favoritos-del-publico\/","title":{"rendered":"por qu\u00e9 fue reconocido por el Lawn Tennis y es uno de los favoritos del p\u00fablico"},"content":{"rendered":"<p> <br \/>\n<\/p>\n<div id=\"cuerpo\">\n<div class=\"sc-80531b6b-0 chRIGJ container-text text-embed\">\n<p>A <strong>Jo\u00e3o Fonseca<\/strong> no le gusta que lo comparen con <em>Guga <\/em>Kuerten. Lo incomoda que con 18 a\u00f1os y apenas 14 victorias a nivel ATP lo asocien con un triple campe\u00f3n de Roland Garros, ganador del Torneo de Maestros y ex n\u00famero 1. Sin embargo, con lo que hace adentro de la cancha da razones de sobra para que en Brasil recuerden a su m\u00e1ximo \u00eddolo ten\u00edstico cada vez que lo ven jugar.<\/p>\n<\/div>\n<div class=\"sc-80531b6b-0 chRIGJ container-text text-embed\">\n<p>Fonseca, el n\u00famero 99 del mundo, jug\u00f3 mucho mejor de lo que indica su ranking y venci\u00f3 con llamativa comodidad este mi\u00e9rcoles a <strong>Tomas Mart\u00edn Etcheverry,<\/strong> un <em>top <\/em>50 que est\u00e1 afianzado hace casi dos a\u00f1os en ese lote. Nunca se dej\u00f3 amedrentar por el ruido del p\u00fablico argentino ni por los silbidos que le llovieron de las tribunas en el <strong>Buenos Aires Lawn Tennis. <\/strong>El resultado final as\u00ed lo demuestra: fue un contundente doble 6-3 en apenas una hora y 24 minutos de juego.<\/p>\n<\/div>\n<div class=\"sc-80531b6b-0 chRIGJ container-text text-embed\">\n<p>De esta manera, con 18 a\u00f1os y 5 meses se convirti\u00f3 en <strong>el tercer tenista m\u00e1s joven en ganar un partido en toda la historia del Argentina Open.<\/strong> Desplaz\u00f3 del podio a una leyenda como <strong>Rafael Nadal <\/strong>y qued\u00f3 detr\u00e1s del franc\u00e9s <strong>Richard Gasquet<\/strong> (17 a\u00f1os y 8 meses en 2003) y de <strong>Jos\u00e9 &#8220;Chucho&#8221; Acasuso<\/strong> (18 a\u00f1os y 4 meses en el 2000) en esta particular estad\u00edstica.<\/p>\n<\/div>\n<div class=\"sc-80531b6b-0 chRIGJ container-text text-embed\">\n<p>Enfrentar\u00e1 en la siguiente instancia a <strong>Federico Coria,<\/strong> quien ingres\u00f3 al cuadro principal como <em>lucky loser<\/em> y venci\u00f3 al franc\u00e9s Hugo Gaston por 6-3 y 6-2. El carioca volver\u00e1 a tener al p\u00fablico argentino en contra, aunque muchos de los presentes en el Lawn Tennis valoraron su enorme talento, su caballerosidad dentro y fuera de la cancha y lo reconocieron con aplausos en el final. Los fan\u00e1ticos albicelestes sufrieron su contundencia, pero al mismo tiempo disfrutaron lo que parece ser <strong>el surgimiento de una nueva estrella<\/strong>.<\/p>\n<\/div>\n<div class=\"sc-80531b6b-0 chRIGJ container-text text-embed\">\n<p>Si la \u00faltima gran aparici\u00f3n en el circuito ATP fue la de <strong>Carlos Alcaraz,<\/strong> el da\u00f1o que hace Fonseca con su drive tambi\u00e9n trae a la memoria la explosi\u00f3n del espa\u00f1ol entre 2021 y 2022. Lo dej\u00f3 parado en m\u00e1s de una oportunidad a Etcheverry con ese golpe. Y tambi\u00e9n se luci\u00f3 con el rev\u00e9s paralelo como respuesta ante los tiros del argentino, que carg\u00f3 el juego por ese lado. Ejecut\u00f3 <strong>34 tiros ganadores<\/strong>, a pura potencia, que representan m\u00e1s de la mitad de los 62 puntos que gan\u00f3 en todo el partido: 21 de derecha y 13 con el rev\u00e9s. Y lo hizo en apenas 84 minutos de partido. Impactante.<\/p>\n<\/div>\n<div class=\"sc-80531b6b-0 chRIGJ container-text text-embed\">\n<p><strong>&#8220;Es un chico que juega muy bien al tenis. Me super\u00f3 ampliamente y mereci\u00f3 ganar. <\/strong>Querr\u00eda haber jugado mejor, pero toc\u00f3 pelear con lo que ten\u00eda. Es el primer torneo en polvo despu\u00e9s de mucho tiempo, as\u00ed que hay que darle un poco de tiempo&#8221;, dijo Etcheverry, a quien se vio inc\u00f3modo en la cancha. <strong>&#8220;Jo\u00e3o viene con mucha confianza, pegando desaforado. Super\u00f3 en velocidad a Rublev en Australia y es dif\u00edcil eso.<\/strong> Deb\u00ed haber sido m\u00e1s bicho, aprovechar que esto es polvo y no jugar tan franco&#8221;, se lament\u00f3 despu\u00e9s.<\/p>\n<\/div>\n<div class=\"sc-80531b6b-0 chRIGJ container-text text-embed\">\n<p>\u201cSab\u00eda que iba a ser un partido dif\u00edcil. <strong>Creo que fui un poco m\u00e1s fuerte mentalmente y me parece que por ah\u00ed pasaron las diferencias del partido\u201d,<\/strong> analiz\u00f3 el brasile\u00f1o.<\/p>\n<\/div>\n<div class=\"sc-198be8ec-0 cynXbu image-embed  image-embed \"><picture class=\"sc-198be8ec-1 kOjRiQ\"><source media=\"(min-width: 975px)\" width=\"720\" height=\"480\" \/><img alt=\"El saludo respetuoso de Etcheverry y Fonseca en la red. Foto: Emmanuel Fern\u00e1ndez\/Clar\u00edn\" loading=\"lazy\" width=\"720\" height=\"480\" decoding=\"async\" data-nimg=\"1\" style=\"color:transparent\" src=\"https:\/\/13.com.ar\/wp-content\/uploads\/2025\/02\/por-que-fue-reconocido-por-el-Lawn-Tennis-y-es.jpg\"\/><span class=\"epigraphe\">El saludo respetuoso de Etcheverry y Fonseca en la red. Foto: Emmanuel Fern\u00e1ndez\/Clar\u00edn<\/span><span class=\"bkg\"\/><span class=\"picture-open\"><button class=\"open-image\" aria-label=\"Open Image\"\/><\/span><\/picture><\/div>\n<div class=\"sc-80531b6b-0 chRIGJ container-text text-embed\">\n<p>Por estos d\u00edas, camina por los pasillos del Lawn Tennis <strong>Alexander Zverev<\/strong>, el n\u00famero 2 del mundo y finalista del \u00faltimo Abierto de Australia. Tambi\u00e9n otros pesos pesados del circuito como <strong>Holger Rune <\/strong>(12\u00b0) y <strong>Lorenzo Musetti <\/strong>(16\u00b0). Y como siempre hay un batall\u00f3n de argentinos, liderados este a\u00f1o por <strong>Francisco Cer\u00fandolo <\/strong>(28\u00b0) y con el foco puesto sobre el retiro de <strong>Diego Schwartzman<\/strong>. De todos modos, <strong>Fonseca, ex numero 1 Junior y campe\u00f3n del US Open en esa categor\u00eda, no pasa desapercibido. <\/strong><\/p>\n<\/div>\n<div class=\"sc-80531b6b-0 chRIGJ container-text text-embed\">\n<p><strong>Camina sin seguridad privada dentro del club<\/strong>, como s\u00ed lo hizo Alcaraz el a\u00f1o pasado en Buenos Aires, y ah\u00ed lo rodean para pedirle fotos y aut\u00f3grafos. \u00c9l accede. Tambi\u00e9n genera una revoluci\u00f3n cuando entrena en la canchas auxiliares, las que el p\u00fablico puede observar desde unas gradas que est\u00e1n elevadas en uno de los costados del patio de comidas. Y la victoria ante Etcheverry, adem\u00e1s, tuvo repercusi\u00f3n mundial. <strong><em>&#8216;La pregunta no es si Fonseca ser\u00e1 top 10, sino cuando&#8217;<\/em>,<\/strong> coinciden fan\u00e1ticos, analistas y hasta ex jugadores. Claro que tampoco pasa desapercibido para la marcas. Lo viste ON, firma suiza de indumentaria que tiene como accionista al suizo m\u00e1s famoso, Roger Federer.<\/p>\n<\/div>\n<div class=\"sc-198be8ec-0 cynXbu image-embed  image-embed \"><picture class=\"sc-198be8ec-1 kOjRiQ\"><source media=\"(min-width: 975px)\" width=\"720\" height=\"480\" \/><img alt=\"La gente desaf\u00edo el sol y el calor para ver el entrenamiento de Joao Fonseca. Foto: Sergio Llamera\/prensa Argentina Open ATP\" loading=\"lazy\" width=\"720\" height=\"480\" decoding=\"async\" data-nimg=\"1\" style=\"color:transparent\" src=\"https:\/\/13.com.ar\/wp-content\/uploads\/2025\/02\/1739439696_232_por-que-fue-reconocido-por-el-Lawn-Tennis-y-es.jpg\"\/><span class=\"epigraphe\">La gente desaf\u00edo el sol y el calor para ver el entrenamiento de Joao Fonseca. Foto: Sergio Llamera\/prensa Argentina Open ATP<\/span><span class=\"bkg\"\/><span class=\"picture-open\"><button class=\"open-image\" aria-label=\"Open Image\"\/><\/span><\/picture><\/div>\n<div class=\"sc-80531b6b-0 chRIGJ container-text text-embed\">\n<p><strong>\u00bfC\u00f3mo no marearse con tanto?<\/strong> De eso se encargan sus padres, Christian y Roberta; su manager, Gustavo Abreu; y su entrenador, Guilherme Teixeira. Son su c\u00edrculo m\u00e1s \u00edntimo, los que lo mantienen con los pies sobre la tierra y los que manejan todo lo que sucede afuera de los <em>courts<\/em> para que \u00e9l pueda enfocarse exclusivamente en jugar al tenis y que as\u00ed pueda cumplir con su destino de genio.<\/p>\n<\/div>\n<\/div>\n<p><br \/>\n<br \/><a href=\"https:\/\/www.clarin.com\/deportes\/joao-fonseca-destila-talento-carisma-argentina-open-reconocido-lawn-tennis-favoritos-publico_0_JV6RurzOdn.html\">Fuente Clarin.com <\/a><\/p>\n","protected":false},"excerpt":{"rendered":"<p>A Jo\u00e3o Fonseca no le gusta que lo comparen con Guga Kuerten. Lo incomoda que con 18 a\u00f1os y apenas 14 victorias a nivel ATP lo asocien con un triple campe\u00f3n de Roland Garros, ganador del Torneo de Maestros y ex n\u00famero 1. Sin embargo, con lo que hace adentro de la cancha da razones [&hellip;]<\/p>\n","protected":false},"author":1,"featured_media":4466,"comment_status":"open","ping_status":"open","sticky":false,"template":"","format":"standard","meta":{"footnotes":""},"categories":[2],"tags":[100,6498,105,6496,28,142,641,286,1315,6497,1013],"class_list":["post-4465","post","type-post","status-publish","format-standard","has-post-thumbnail","hentry","category-ultimas-noticias","tag-del","tag-favoritos","tag-fue","tag-lawn","tag-los","tag-por","tag-publico","tag-que","tag-reconocido","tag-tennis","tag-uno"],"_links":{"self":[{"href":"https:\/\/13.com.ar\/index.php\/wp-json\/wp\/v2\/posts\/4465","targetHints":{"allow":["GET"]}}],"collection":[{"href":"https:\/\/13.com.ar\/index.php\/wp-json\/wp\/v2\/posts"}],"about":[{"href":"https:\/\/13.com.ar\/index.php\/wp-json\/wp\/v2\/types\/post"}],"author":[{"embeddable":true,"href":"https:\/\/13.com.ar\/index.php\/wp-json\/wp\/v2\/users\/1"}],"replies":[{"embeddable":true,"href":"https:\/\/13.com.ar\/index.php\/wp-json\/wp\/v2\/comments?post=4465"}],"version-history":[{"count":0,"href":"https:\/\/13.com.ar\/index.php\/wp-json\/wp\/v2\/posts\/4465\/revisions"}],"wp:featuredmedia":[{"embeddable":true,"href":"https:\/\/13.com.ar\/index.php\/wp-json\/wp\/v2\/media\/4466"}],"wp:attachment":[{"href":"https:\/\/13.com.ar\/index.php\/wp-json\/wp\/v2\/media?parent=4465"}],"wp:term":[{"taxonomy":"category","embeddable":true,"href":"https:\/\/13.com.ar\/index.php\/wp-json\/wp\/v2\/categories?post=4465"},{"taxonomy":"post_tag","embeddable":true,"href":"https:\/\/13.com.ar\/index.php\/wp-json\/wp\/v2\/tags?post=4465"}],"curies":[{"name":"wp","href":"https:\/\/api.w.org\/{rel}","templated":true}]}}