{"id":44638,"date":"2025-07-23T06:34:00","date_gmt":"2025-07-23T09:34:00","guid":{"rendered":"https:\/\/13.com.ar\/index.php\/el-autismo-lisandro-y-la-belleza\/"},"modified":"2025-07-23T06:34:00","modified_gmt":"2025-07-23T09:34:00","slug":"el-autismo-lisandro-y-la-belleza","status":"publish","type":"post","link":"https:\/\/13.com.ar\/index.php\/el-autismo-lisandro-y-la-belleza\/","title":{"rendered":"El autismo, Lisandro y la belleza"},"content":{"rendered":"<p> <br \/>\n<br \/><img decoding=\"async\" src=\"https:\/\/13.com.ar\/wp-content\/uploads\/2025\/07\/El-autismo-Lisandro-y-la-belleza.jpg\" \/><\/p>\n<div id=\"element-body-0\">\n<p>Han pasado 80 minutos extra\u00f1os, <strong>fuera de registro<\/strong>. En la pantalla, la vida cotidiana de Lisandro, un adolescente de 17 a\u00f1os con autismo. Lisandro en una marcha en Plaza de Mayo. Lisandro espera a su mam\u00e1 mientras trabaja. Lisandro al cuidado de un amigo de sus padres. Lisandro tomando un jugo. Lisandro en la pileta. La lista no es capaz de <strong>nombrar la belleza <\/strong>que todas esas situaciones son capaces de construir.<\/p>\n<\/div>\n<div id=\"element-body-2\">\n<p>No, no es este un texto piadoso. No se dice que la pel\u00edcula <strong><em>Presente continuo<\/em><\/strong> es bella porque Lisandro tiene una condici\u00f3n del espectro autista. El filme protagonizado por la vida de ese chico y sus padres,<strong> la actriz Valentina Bassi y el director Ulises Rosell<\/strong>, que es el autor de la pieza, es emocionante y luminoso porque <strong>quien mira al rodar tambi\u00e9n ama eso que registra.<\/strong><\/p>\n<\/div>\n<div id=\"element-body-3\">\n<p>&#8220;Nunca pens\u00e9 que podr\u00edamos llegar a lograr una pel\u00edcula con Lisan, porque siempre nos pareci\u00f3 que no iba a ser sencillo, pero en realidad estaba equivocada y <strong>fue genial, dif\u00edcil, exigente, pero maravillosa<\/strong>&#8220;, dijo el mes pasado Bassi a <strong>Clar\u00edn<\/strong>.<\/p>\n<\/div>\n<div id=\"element-body-4\">\n<p>La pel\u00edcula <strong>se puede ver los s\u00e1bados de julio en el Malba a las 18<\/strong>. <em>Presente continuo<\/em> es una experiencia distinta, una po\u00e9tica amorosa recorre lo dif\u00edcil.<\/p>\n<\/div>\n<div id=\"element-body-6\">\n<p>Ulises Rosell <strong>trat\u00f3 &#8220;que el espectador m\u00e1s que entender, sienta&#8221;<\/strong>, le dijo a <strong>Clar\u00edn<\/strong>. Y agreg\u00f3: &#8220;Creo que de parte del espectador hubo un respeto por lo fr\u00e1gil, por el riesgo asumido, por la exposici\u00f3n personal, por <strong>la sinceridad y por la ternura.<\/strong>.. En tiempos de<strong> tanto ego\u00edsmo,<\/strong> parece que lo \u00fanico importante en la vida es la guita. Me parece que por todo esto el p\u00fablico se sinti\u00f3 tocado&#8221;.<\/p>\n<\/div>\n<div id=\"element-body-7\">\n<p>Han pasado 80 minutos extra\u00f1os, fuera de registro. En la pantalla, la vida cotidiana de Lisandro. Ahora que se encienden las luces, <strong>Lisandro (el real) llega a la sala del Malba acompa\u00f1ando por su mam\u00e1 y su pap\u00e1<\/strong>. Habr\u00e1 un breve debate sobre la pel\u00edcula. Pero ahora, justo ahora, <strong>estalla un aplauso sincero, emocionado, para ese chico <\/strong>que se divierte con la situaci\u00f3n, que saluda y que de pronto se interesa por una mujer del p\u00fablico.<\/p>\n<\/div>\n<div id=\"element-body-9\">\n<p>Una terapista habla de las dificultades. Lisandro se sienta al lado de la mujer. Una mam\u00e1 de otro chico habla de las dificultades. Lisandro dice algo a esa mujer. Alguien con la voz quebrada, tambi\u00e9n habla de las dificultades. Lisandro juguetea con la mujer. El debate termina. <strong>La empat\u00eda, el humanismo y belleza han triunfado esta tarde.<\/strong><\/p>\n<\/div>\n<p><br \/>\n<br \/><a href=\"https:\/\/www.clarin.com\/opinion\/autismo-lisandro-belleza_0_ZBxDjfGgSx.html\">Fuente Clarin.com <\/a><\/p>\n","protected":false},"excerpt":{"rendered":"<p>Han pasado 80 minutos extra\u00f1os, fuera de registro. En la pantalla, la vida cotidiana de Lisandro, un adolescente de 17 a\u00f1os con autismo. Lisandro en una marcha en Plaza de Mayo. Lisandro espera a su mam\u00e1 mientras trabaja. Lisandro al cuidado de un amigo de sus padres. Lisandro tomando un jugo. Lisandro en la pileta. [&hellip;]<\/p>\n","protected":false},"author":1,"featured_media":44639,"comment_status":"open","ping_status":"open","sticky":false,"template":"","format":"standard","meta":{"footnotes":""},"categories":[2],"tags":[6942,4545,2958],"class_list":["post-44638","post","type-post","status-publish","format-standard","has-post-thumbnail","hentry","category-ultimas-noticias","tag-autismo","tag-belleza","tag-lisandro"],"_links":{"self":[{"href":"https:\/\/13.com.ar\/index.php\/wp-json\/wp\/v2\/posts\/44638","targetHints":{"allow":["GET"]}}],"collection":[{"href":"https:\/\/13.com.ar\/index.php\/wp-json\/wp\/v2\/posts"}],"about":[{"href":"https:\/\/13.com.ar\/index.php\/wp-json\/wp\/v2\/types\/post"}],"author":[{"embeddable":true,"href":"https:\/\/13.com.ar\/index.php\/wp-json\/wp\/v2\/users\/1"}],"replies":[{"embeddable":true,"href":"https:\/\/13.com.ar\/index.php\/wp-json\/wp\/v2\/comments?post=44638"}],"version-history":[{"count":0,"href":"https:\/\/13.com.ar\/index.php\/wp-json\/wp\/v2\/posts\/44638\/revisions"}],"wp:featuredmedia":[{"embeddable":true,"href":"https:\/\/13.com.ar\/index.php\/wp-json\/wp\/v2\/media\/44639"}],"wp:attachment":[{"href":"https:\/\/13.com.ar\/index.php\/wp-json\/wp\/v2\/media?parent=44638"}],"wp:term":[{"taxonomy":"category","embeddable":true,"href":"https:\/\/13.com.ar\/index.php\/wp-json\/wp\/v2\/categories?post=44638"},{"taxonomy":"post_tag","embeddable":true,"href":"https:\/\/13.com.ar\/index.php\/wp-json\/wp\/v2\/tags?post=44638"}],"curies":[{"name":"wp","href":"https:\/\/api.w.org\/{rel}","templated":true}]}}