{"id":44636,"date":"2025-07-23T06:31:03","date_gmt":"2025-07-23T09:31:03","guid":{"rendered":"https:\/\/13.com.ar\/index.php\/cuando-aparece-la-conciencia-en-los-bebes\/"},"modified":"2025-07-23T06:31:03","modified_gmt":"2025-07-23T09:31:03","slug":"cuando-aparece-la-conciencia-en-los-bebes","status":"publish","type":"post","link":"https:\/\/13.com.ar\/index.php\/cuando-aparece-la-conciencia-en-los-bebes\/","title":{"rendered":"cu\u00e1ndo aparece la conciencia en los beb\u00e9s"},"content":{"rendered":"<p> <br \/>\n<br \/><img decoding=\"async\" src=\"https:\/\/13.com.ar\/wp-content\/uploads\/2025\/07\/cuando-aparece-la-conciencia-en-los-bebes.jpg\" \/><\/p>\n<div id=\"element-body-0\">\n<p>La especulaci\u00f3n sobre el momento en que aparece la conciencia en los beb\u00e9s      -que implica reflexionar sobre la mente humana- siempre tuvo <strong>distintas teor\u00edas y enfoques<\/strong>, sin existir un claro consenso en la actualidad. <\/p>\n<\/div>\n<div id=\"element-body-1\">\n<p>Una primera cuesti\u00f3n es precisar qu\u00e9 es la conciencia. En general, hace referencia a la <strong>capacidad de un individuo de darse cuenta de su propia existencia<\/strong>, de sus pensamientos y del entorno que lo rodea.<\/p>\n<\/div>\n<div id=\"element-body-2\">\n<p>En un adulto, la conciencia implica <strong>saber qui\u00e9n es uno mismo<\/strong>, tener memoria autobiogr\u00e1fica y reflexionar sobre las propias experiencias. En el caso de los beb\u00e9s, esa conciencia ser\u00eda al inicio muy rudimentaria y se ir\u00eda complejizando con el tiempo.<\/p>\n<\/div>\n<div id=\"element-body-3\">\n<p>Durante el embarazo, el feto va desarrollando sus sentidos y responde a ciertos est\u00edmulos, como los sonidos o la luz. Incluso, hay estudios que muestran que <strong>los fetos pueden reconocer la voz de la madre<\/strong> o, incluso, habituarse a ciertos sonidos (latidos card\u00edacos maternos), pero la conciencia como tal, en el sentido pleno de la palabra, no se considera presente en esa etapa. <\/p>\n<\/div>\n<div id=\"element-body-4\">\n<p>Es m\u00e1s bien un estado de percepci\u00f3n y de respuesta a est\u00edmulos que <strong>va sentando las bases para la conciencia<\/strong>, ya que su desarrollo requiere la integraci\u00f3n de las redes t\u00e1lamo-corticales maduras que se logran reci\u00e9n al final del embarazo.<\/p>\n<\/div>\n<div id=\"element-body-7\">\n<p>El reci\u00e9n nacido ya muestra signos de conciencia primaria: responde a est\u00edmulos, distingue rostros y reconoce la voz materna. Se considera que posee una conciencia m\u00ednima en el sentido de que siente dolor, hambre, malestar y placer. <\/p>\n<\/div>\n<div id=\"element-body-8\">\n<p>A los pocos meses ya puede reconocer a sus cuidadores, diferenciar entre \u00e9l mismo y el entorno y <strong>alrededor de los 12 meses muchos beb\u00e9s ya tienen noci\u00f3n de que son individuos separados de los otros.<\/strong> <\/p>\n<\/div>\n<div id=\"element-body-9\">\n<p>Entre los 18 y 24 meses suelen reconocerse en el espejo, lo que indica que no solo sienten, sino que <strong>saben que son ellos los que sienten.<\/strong> Con el desarrollo del lenguaje y de la memoria, esa conciencia se vuelve m\u00e1s evidente y sofisticada.<\/p>\n<\/div>\n<div id=\"element-body-10\">\n<p><strong>Existen diferentes respuestas sobre cu\u00e1ndo aparece la conciencia<\/strong>, en un abanico que abarca a quienes postulan que la conciencia podr\u00eda estar presente desde las 24 a 26 semanas del embarazo -coincidir\u00eda con el establecimiento del inicio de la conectividad talamocortical-, hasta otros que afirman que es poco probable que la conciencia est\u00e9 presente de forma significativa antes del primer a\u00f1o de vida.<\/p>\n<\/div>\n<div id=\"element-body-12\">\n<p><strong>Comprender cu\u00e1ndo y c\u00f3mo surge<\/strong> la conciencia tiene importancia, no solo para disipar dudas sobre los mecanismos que subyacen en ella sino por tener importantes implicaciones cl\u00ednicas, \u00e9ticas y legales.<\/p>\n<\/div>\n<div id=\"element-body-13\">\n<p>Hasta la d\u00e9cada de 1980 era com\u00fan que los beb\u00e9s fueran sometidos a cirug\u00eda sin darles anestesia dado que se aceptaba, precisamente, que no ten\u00edan conciencia. <\/p>\n<\/div>\n<div id=\"element-body-14\">\n<p>Reci\u00e9n en 1987 se public\u00f3 un art\u00edculo en <em>The New England Journal of Medicine<\/em> que documentaba c\u00f3mo los beb\u00e9s sometidos a cirug\u00eda card\u00edaca con analg\u00e9sicos (y no con anestesia) ten\u00edan menos complicaciones, menos mortalidad y mejores recuperaciones.<\/p>\n<\/div>\n<div id=\"element-body-15\">\n<p>Respecto a las cuestiones \u00e9ticas-legales, adquiere importancia en el tema del aborto.<\/p>\n<\/div>\n<div id=\"element-body-16\">\n<p>La conciencia es <strong>un proceso de desarrollo gradual que surge de la actividad coordinada de \u00e1reas cerebrales<\/strong> que integran informaci\u00f3n sensorial, memoria y lenguaje y que generan la experiencia subjetiva de \u201cestar despierto y ser uno mismo\u201d.<\/p>\n<\/div>\n<p><br \/>\n<br \/><a href=\"https:\/\/www.clarin.com\/viva\/debate-abierto-aparece-conciencia-bebes_0_WK3zyuXNjb.html\">Fuente Clarin.com <\/a><\/p>\n","protected":false},"excerpt":{"rendered":"<p>La especulaci\u00f3n sobre el momento en que aparece la conciencia en los beb\u00e9s -que implica reflexionar sobre la mente humana- siempre tuvo distintas teor\u00edas y enfoques, sin existir un claro consenso en la actualidad. Una primera cuesti\u00f3n es precisar qu\u00e9 es la conciencia. En general, hace referencia a la capacidad de un individuo de darse [&hellip;]<\/p>\n","protected":false},"author":1,"featured_media":44637,"comment_status":"open","ping_status":"open","sticky":false,"template":"","format":"standard","meta":{"footnotes":""},"categories":[2],"tags":[3303,10591,11493,677,28],"class_list":["post-44636","post","type-post","status-publish","format-standard","has-post-thumbnail","hentry","category-ultimas-noticias","tag-aparece","tag-bebes","tag-conciencia","tag-cuando","tag-los"],"_links":{"self":[{"href":"https:\/\/13.com.ar\/index.php\/wp-json\/wp\/v2\/posts\/44636","targetHints":{"allow":["GET"]}}],"collection":[{"href":"https:\/\/13.com.ar\/index.php\/wp-json\/wp\/v2\/posts"}],"about":[{"href":"https:\/\/13.com.ar\/index.php\/wp-json\/wp\/v2\/types\/post"}],"author":[{"embeddable":true,"href":"https:\/\/13.com.ar\/index.php\/wp-json\/wp\/v2\/users\/1"}],"replies":[{"embeddable":true,"href":"https:\/\/13.com.ar\/index.php\/wp-json\/wp\/v2\/comments?post=44636"}],"version-history":[{"count":0,"href":"https:\/\/13.com.ar\/index.php\/wp-json\/wp\/v2\/posts\/44636\/revisions"}],"wp:featuredmedia":[{"embeddable":true,"href":"https:\/\/13.com.ar\/index.php\/wp-json\/wp\/v2\/media\/44637"}],"wp:attachment":[{"href":"https:\/\/13.com.ar\/index.php\/wp-json\/wp\/v2\/media?parent=44636"}],"wp:term":[{"taxonomy":"category","embeddable":true,"href":"https:\/\/13.com.ar\/index.php\/wp-json\/wp\/v2\/categories?post=44636"},{"taxonomy":"post_tag","embeddable":true,"href":"https:\/\/13.com.ar\/index.php\/wp-json\/wp\/v2\/tags?post=44636"}],"curies":[{"name":"wp","href":"https:\/\/api.w.org\/{rel}","templated":true}]}}