{"id":44635,"date":"2025-07-23T06:27:58","date_gmt":"2025-07-23T09:27:58","guid":{"rendered":"https:\/\/13.com.ar\/index.php\/la-enfermedad-que-no-para-de-crecer-da-complicaciones-y-ya-causa-5-muertes-por-dia\/"},"modified":"2025-07-23T06:27:58","modified_gmt":"2025-07-23T09:27:58","slug":"la-enfermedad-que-no-para-de-crecer-da-complicaciones-y-ya-causa-5-muertes-por-dia","status":"publish","type":"post","link":"https:\/\/13.com.ar\/index.php\/la-enfermedad-que-no-para-de-crecer-da-complicaciones-y-ya-causa-5-muertes-por-dia\/","title":{"rendered":"la enfermedad que no para de crecer, da complicaciones y ya causa 5 muertes por d\u00eda"},"content":{"rendered":"<p> <br \/>\n<\/p>\n<div id=\"element-body-0\">\n<p>El infect\u00f3logo Eduardo L\u00f3pez, conocido popularmente a partir de sus habituales intervenciones medi\u00e1ticas durante la pandemia de Covid, dice que ahora existe una <strong>\u201cpandemia silente\u201d<\/strong> que est\u00e1 causando estragos de los que -precisamente por su cualidad silenciosa- pocos hablan. Este a\u00f1o 2025 ha marcado un r\u00e9cord para los \u00faltimos seis relevados por casos de<strong> tuberculosis<\/strong>, con un <strong>incremento mayor al 65 por ciento<\/strong> en ese periodo.<\/p>\n<\/div>\n<div id=\"element-body-1\">\n<p>La tuberculosis es causada por el<strong> bacilo de Koch<\/strong>, una bacteria transmitida principalmente por microgotas expelidas al toser, hablar y respirar. \u201cNo se trabaja en el diagn\u00f3stico precoz y hay que concientizar a la gente para concurrir y facilitar el <strong>acceso a la salud<\/strong>, especialmente en las poblaciones pobres, vulnerables y marginadas, adem\u00e1s de evitar las interrupciones de los tratamientos\u201d, afirma en di\u00e1logo con <strong>Clar\u00edn<\/strong> L\u00f3pez, jefe del Departamento de Medicina del Hospital de Ni\u00f1os Ricardo Guti\u00e9rrez.<\/p>\n<\/div>\n<div id=\"element-body-2\">\n<p>Nuevos datos oficiales, difundidos en el \u00faltimo Bolet\u00edn Epidemiol\u00f3gico Nacional (BEN), volvieron a hacer sonar las alarmas sobre esta enfermedad. Hasta la semana 28 de este a\u00f1o -12 de julio- se registraron<strong> 7.975 casos<\/strong>, de los cuales el 95,3 por ciento son nuevos o reca\u00eddas, mientras que el 4,7 por ciento fueron reingresos de p\u00e9rdida de seguimiento y fracasos en los tratamientos.<\/p>\n<\/div>\n<div id=\"element-body-3\">\n<p>\u201cEntre 2020 y 2025, las notificaciones de tuberculosis mostraron un aumento constante. El n\u00famero de casos aument\u00f3 en todo el periodo un<strong> 65,9 por ciento<\/strong> y un <strong>11 por ciento<\/strong> entre 2024 y 2025\u201d, dice el BEN. Dentro de este universo, los adolescentes aparecen como uno de los grupos m\u00e1s vulnerables y transmisores en la cadena de contagio de la enfermedad.<\/p>\n<\/div>\n<div id=\"element-body-4\">\n<p>El incremento de las muertes por esta patolog\u00eda va a la par. En 2019, tal como hab\u00eda informado en aquel momento <strong>Clar\u00edn<\/strong>, la cantidad de decesos se ubicaba en 700 al a\u00f1o, mientras que el a\u00f1o pasado, s\u00f3lo hasta la semana 28 -seg\u00fan los datos del \u00faltimo BEN- la cifra ya hab\u00eda trepado a <strong>1.021<\/strong>. Esa cantidad en 193 d\u00edas: es decir, <strong>5 por d\u00eda<\/strong>.<\/p>\n<\/div>\n<div id=\"element-body-5\"><!-- Info_HTML HTML BASE Infograf&iacute;a v4.1 - Plantilla --><\/p>\n<article class=\"container_v004_info\">\n<p class=\"titulus_info\">Notificaci\u00f3n de casos de Tuberculosis<\/p>\n<p class=\"bajada_info\">Tasas de notificaci\u00f3n por 100.000 hab. y n\u00famero de casos de TB totales por fecha de notificaci\u00f3n hasta la semana 28. Argentina, 2020-2025<\/p>\n<p><!-- Dedo *opcional* \n  \n\n<div class=\"bajada_aclaracion\">\n    <img decoding=\"async\" id=\"dedo_info\" src=\"https:\/\/13.com.ar\/wp-content\/uploads\/2025\/02\/una-encuesta-pone-a-los-libertarios-arriba-en-Provincia.svg.svg+xml\" alt=\"\" aria-hidden=\"true\">\n    <span>Toc&aacute; para explorar el contenido<\/span>\n  <\/div>\n\n\n  fin Dedo --><\/p>\n<hr class=\"linea_arriba\"\/>\n<picture><source media=\"(min-width: 720px)\" ><img decoding=\"async\" src=\"https:\/\/13.com.ar\/wp-content\/uploads\/2025\/07\/la-enfermedad-que-no-para-de-crecer-da-complicaciones-y.svg.svg+xml\" alt=\"Notificaci\u00f3n de casos de Tuberculosis\" loading=\"lazy\"\/><br \/>\n    <\/source><\/picture>\n<hr class=\"linea_arriba\"\/>\n<p><iframe title=\"[ Insert title here ]\" aria-label=\"map\" id=\"datawrapper-chart-qAfdV\" src=\"https:\/\/datawrapper.dwcdn.net\/qAfdV\/2\/\" scrolling=\"no\" frameborder=\"0\" style=\"width: 0; min-width: 100% !important; border: none;\" height=\"789\" data-external=\"1\"><\/iframe><\/p>\n<hr class=\"linea_abajo\"\/>\n<footer class=\"fuente_info\">\n  \t<span>Fuente: <strong>Bolet\u00edn Epidemiol\u00f3gico Nacional<\/strong><\/span><strong><br \/>\n    <span>Infograf\u00eda: <strong>Clar\u00edn<\/strong><\/span><br \/>\n  <\/strong><\/footer>\n<p><strong><br \/>\n<\/strong><\/article>\n<\/div>\n<div id=\"element-body-6\">\n<p>En cuanto a la cantidad de contagios, es probable que la comparaci\u00f3n con 2020 como base arroje un incremento mayor debido a que aquel a\u00f1o comenz\u00f3 la cuarentena por el Covid, lo que redujo la transmisi\u00f3n de enfermedades. Si se usa como punto de comparaci\u00f3n un a\u00f1o antes, aquel 2019, el promedio daba entonces <strong>30 casos<\/strong> por d\u00eda y ahora llega a <strong>40<\/strong>.<\/p>\n<\/div>\n<div id=\"element-body-7\">\n<p>El incremento de los contagios en el \u00faltimo a\u00f1o se debe principalmente a la incidencia del pat\u00f3geno en la regi\u00f3n central del pa\u00eds, que registr\u00f3 un incremento del<strong> 16,5 por ciento<\/strong>. Las jurisdicciones que m\u00e1s subieron en zona fueron la Ciudad de Buenos Aires (28,4%) y la provincia de Buenos Aires (23,3%). Fuera de esta \u00e1rea, en el noroeste argentino, Salta figura al tope del ranking nacional, con una suba del 32 por ciento interanual. Otros distritos con altos incrementos fueron Jujuy (27,9%) y, en el noreste, Formosa (23,6%).<\/p>\n<\/div>\n<div id=\"element-body-9\">\n<p>\u00bfPor qu\u00e9 los casos de tuberculosis<strong> no paran de crecer<\/strong>? L\u00f3pez se\u00f1ala que \u201cla explicaci\u00f3n es multifactorial. Las poblaciones<strong> vulnerables y marginales<\/strong> son las que tienen mayor tendencia a contraer la enfermedad. El segundo punto es la falta de acceso a los servicios de salud en forma precoz. <strong>La desnutrici\u00f3n y la pobreza<\/strong>, as\u00ed como el hacinamiento, son factores de riesgo. Una problem\u00e1tica de la tuberculosis es la <strong>consulta tard\u00eda<\/strong>. En general, no se le da importancia y no se estudia adecuadamente a los pacientes cuando tienen tos persistente y prolongada, febr\u00edcula y p\u00e9rdida de peso\u201d.<\/p>\n<\/div>\n<div id=\"element-body-11\">\n<p>El experto agrega: \u201cUna experiencia importante que ha hecho nuestro grupo de trabajo y se public\u00f3 en el Pediatric Infectious Disease Journal es la cantidad de tuberculosis que estamos viendo <strong>en adolescentes<\/strong>. Con la caracter\u00edstica de que este grupo <strong>siempre consulta tard\u00edamente<\/strong> y viene con compromiso pulmonar y peritoneal, complicaciones como cavernas, derrames pleurales y sangrados, que son todos s\u00edntomas tard\u00edos y que en el pasado no se ve\u00edan en este grupo etario\u201d.<\/p>\n<\/div>\n<div id=\"element-body-12\">\n<p>Con respecto al tratamiento y la prevenci\u00f3n, L\u00f3pez advierte que \u201cArgentina tiene una vacuna que aplica en el periodo neonatal, que es<strong> la BCG<\/strong>, que ayuda a prevenir las formas m\u00e1s graves de la tuberculosis. Por otro lado, hay que estudiar siempre la tuberculosis latente y activa, con<strong> pruebas de tuberculina <\/strong>y<strong> radiograf\u00eda de t\u00f3rax<\/strong>, adem\u00e1s de hacer el catastro familiar, porque muchas veces nos encontramos con que hay tosedores que no han sido tratados y contagian porque eliminan el bacilo de Koch\u201d.<\/p>\n<\/div>\n<div id=\"element-body-13\">\n<p>Por \u00faltimo, el infect\u00f3logo recomienda \u201cmantener los ambientes ventilados\u201d como medida b\u00e1sica de prevenci\u00f3n, y advirti\u00f3: \u201cEs una <strong>enfermedad prevenible<\/strong>, pero para ello hay que actuar, y la prevenci\u00f3n tambi\u00e9n es multifactorial\u201d.<\/p>\n<\/div>\n<p><br \/>\n<br \/><a href=\"https:\/\/www.clarin.com\/sociedad\/adolescentes-tosedores-enfermedad-crecer-da-complicaciones-causa-5-muertes-dia_0_0MVwppKVvw.html\">Fuente Clarin.com <\/a><\/p>\n","protected":false},"excerpt":{"rendered":"<p>El infect\u00f3logo Eduardo L\u00f3pez, conocido popularmente a partir de sus habituales intervenciones medi\u00e1ticas durante la pandemia de Covid, dice que ahora existe una \u201cpandemia silente\u201d que est\u00e1 causando estragos de los que -precisamente por su cualidad silenciosa- pocos hablan. Este a\u00f1o 2025 ha marcado un r\u00e9cord para los \u00faltimos seis relevados por casos de tuberculosis, [&hellip;]<\/p>\n","protected":false},"author":1,"featured_media":0,"comment_status":"open","ping_status":"open","sticky":false,"template":"","format":"standard","meta":{"footnotes":""},"categories":[2],"tags":[1663,8124,7381,1154,6191,3809,16,142],"class_list":["post-44635","post","type-post","status-publish","format-standard","hentry","category-ultimas-noticias","tag-causa","tag-complicaciones","tag-crecer","tag-dia","tag-enfermedad","tag-muertes","tag-para","tag-por"],"_links":{"self":[{"href":"https:\/\/13.com.ar\/index.php\/wp-json\/wp\/v2\/posts\/44635","targetHints":{"allow":["GET"]}}],"collection":[{"href":"https:\/\/13.com.ar\/index.php\/wp-json\/wp\/v2\/posts"}],"about":[{"href":"https:\/\/13.com.ar\/index.php\/wp-json\/wp\/v2\/types\/post"}],"author":[{"embeddable":true,"href":"https:\/\/13.com.ar\/index.php\/wp-json\/wp\/v2\/users\/1"}],"replies":[{"embeddable":true,"href":"https:\/\/13.com.ar\/index.php\/wp-json\/wp\/v2\/comments?post=44635"}],"version-history":[{"count":0,"href":"https:\/\/13.com.ar\/index.php\/wp-json\/wp\/v2\/posts\/44635\/revisions"}],"wp:attachment":[{"href":"https:\/\/13.com.ar\/index.php\/wp-json\/wp\/v2\/media?parent=44635"}],"wp:term":[{"taxonomy":"category","embeddable":true,"href":"https:\/\/13.com.ar\/index.php\/wp-json\/wp\/v2\/categories?post=44635"},{"taxonomy":"post_tag","embeddable":true,"href":"https:\/\/13.com.ar\/index.php\/wp-json\/wp\/v2\/tags?post=44635"}],"curies":[{"name":"wp","href":"https:\/\/api.w.org\/{rel}","templated":true}]}}