{"id":44634,"date":"2025-07-23T06:24:56","date_gmt":"2025-07-23T09:24:56","guid":{"rendered":"https:\/\/13.com.ar\/index.php\/karina-milei-no-quiere-candidatos-testimoniales-pero-habilita-ascensos-y-cambio-de-fichas-en-el-gobierno\/"},"modified":"2025-07-23T06:24:56","modified_gmt":"2025-07-23T09:24:56","slug":"karina-milei-no-quiere-candidatos-testimoniales-pero-habilita-ascensos-y-cambio-de-fichas-en-el-gobierno","status":"publish","type":"post","link":"https:\/\/13.com.ar\/index.php\/karina-milei-no-quiere-candidatos-testimoniales-pero-habilita-ascensos-y-cambio-de-fichas-en-el-gobierno\/","title":{"rendered":"Karina Milei no quiere candidatos testimoniales, pero habilita ascensos y cambio de fichas en el Gobierno"},"content":{"rendered":"<p> <br \/>\n<\/p>\n<div id=\"cuerpo\">\n<div class=\"sc-45461e9c-0 eqiBeF container-text text-embed \" id=\"element-body-0\">\n<p>Para confrontar con el peronismo que eligi\u00f3 el <strong>camino contrario en varios municipios<\/strong> o con el PRO que hizo lo mismo en la Ciudad, para no desairar al sector del electorado que reprueba o por convicci\u00f3n, <strong>Karina Milei baj\u00f3 la orden puertas adentro de La Libertad Avanza de no habilitar candidaturas &#8220;testimoniales&#8221;<\/strong>.<\/p>\n<\/div>\n<div class=\"sc-45461e9c-0 eqiBeF container-text text-embed \" id=\"element-body-1\">\n<p>\u201c<strong>Fue terminante<\/strong>\u201d, record\u00f3 un dirigente que particip\u00f3 del cierre de listas en el que la hermana de Javier Milei <strong>barri\u00f3 con todos los candidatos del armado<\/strong> -las Fuerzas del Cielo- de <strong>Santiago Caputo sobre la directiva de la secretaria general de Presidencia, que lleg\u00f3 d\u00edas despu\u00e9s <\/strong>de que se <strong>difundiera la posibilidad<\/strong> de que varios de los postulantes no asuman finalmente las bancas para las que se postularon.<\/p>\n<\/div>\n<div class=\"sc-98b114a2-0 bkqiHH image-embed  image-embed \" id=\"element-body-2\"><picture class=\"sc-98b114a2-1 jRUlDm\"><source media=\"(min-width: 975px)\" width=\"720\" height=\"480\" \/><img alt=\"Diego Valenzuela y Javier Milei. El intendente dejar\u00e1 a un viejo conocido en 3 de Febrero. \" loading=\"lazy\" width=\"720\" height=\"480\" decoding=\"async\" data-nimg=\"1\" style=\"color:transparent\" src=\"https:\/\/13.com.ar\/wp-content\/uploads\/2025\/07\/Libertarios-y-macristas-tambien-se-suman-a-la-trampa-de.jpg\"\/><span class=\"epigraphe\">Diego Valenzuela y Javier Milei. El intendente dejar\u00e1 a un viejo conocido en 3 de Febrero. <\/span><span class=\"picture-open\"><button class=\"open-image\" aria-label=\"Open Image\"\/><\/span><\/picture><\/div>\n<div class=\"sc-45461e9c-0 eqiBeF container-text text-embed \" id=\"element-body-3\">\n<p>La decisi\u00f3n impactar\u00e1 sobre el destino de <strong>dos de las figuras de la flamante alianza LLA<\/strong>, que integran el partido de los Milei y el PRO. Se trata de los dos intendentes de la coalici\u00f3n de derecha que le pondr\u00e1n el cuerpo a la elecci\u00f3n: <strong>Diego Valenzuela<\/strong>, de Tres de Febrero; y <strong>Guillermo Montenegro<\/strong>, de General Pueyrred\u00f3n.<\/p>\n<\/div>\n<div class=\"sc-45461e9c-0 eqiBeF container-text text-embed \" id=\"element-body-4\">\n<p>Valenzuela se postula como <strong>primer candidato a senador en la Primera secci\u00f3n, en el noroeste del GBA, que <\/strong>desde 2025 es la <strong>m\u00e1s populosa del conurbano<\/strong>, por encima incluso de la Tercera, el basti\u00f3n peronista, en la zona sur.<\/p>\n<\/div>\n<div class=\"sc-45461e9c-0 eqiBeF container-text text-embed \" id=\"element-body-5\">\n<p>El <strong>primer intendente en saltar del PRO a LLA<\/strong> quiere posicionarse como posible candidato a la gobernaci\u00f3n en 2027, un cargo para el que se anotan demasiados aspirantes dentro de LLA; desde <strong>Jos\u00e9 Luis Espert a Diego Santilli pasando por el propio Sebasti\u00e1n Pareja<\/strong>, presidente de LLA en el distrito.<\/p>\n<\/div>\n<div class=\"sc-45461e9c-0 eqiBeF container-text text-embed \" id=\"element-body-6\">\n<p>Valenzuela le repite a propios y ajenos en la intimidad que su candidatura no ser\u00e1 testimonial. \u201c<strong>No hago esto para volver a la municipalidad<\/strong>\u201d, advirti\u00f3 a sus colaboradores sobre el estratagema elegido por varios intendentes del PJ en 2021 y ahora, de nuevo.<\/p>\n<\/div>\n<div class=\"sc-45461e9c-0 eqiBeF container-text text-embed \" id=\"element-body-7\">\n<p>Al frente del gobierno municipal quedar\u00e1 un hombre de su m\u00e1xima confianza. Se trata de <strong>Rodrigo Aybar<\/strong>, primer candidato a concejal en 2023. El legislador tuvo dos pasos fugaces por la administraci\u00f3n de Javier Milei, antes incluso de que Valenzuela saltara formalmente a LLA. Aybar pas\u00f3 por la subsecretar\u00eda de Innovaci\u00f3n de la Econom\u00eda Solidaria del ministerio de Capital Humano. Se fue r\u00e1pido para recalar en la <strong>secretar\u00eda de Vivienda<\/strong>, que <strong>Luis Caputo elimin\u00f3 en diciembre de 2024<\/strong>.<\/p>\n<\/div>\n<div class=\"sc-45461e9c-0 eqiBeF container-text text-embed \" id=\"element-body-8\">\n<p>La esposa y socia pol\u00edtica de Valenzuela, <strong>Daniela Reich<\/strong>, no pod\u00eda renovar su banca como senadora bonaerense y podr\u00eda ocupar un lugar como diputada nacional o un cargo en el Ejecutivo.<\/p>\n<\/div>\n<div class=\"sc-98b114a2-0 bkqiHH image-embed  image-embed \" id=\"element-body-9\"><picture class=\"sc-98b114a2-1 jRUlDm\"><source media=\"(min-width: 975px)\" width=\"720\" height=\"480\" \/><img alt=\"Los hermanos Francisco y Manuel Adorni. Dos que &quot;cambiar\u00e1n&quot; su cargo. \" loading=\"lazy\" width=\"720\" height=\"480\" decoding=\"async\" data-nimg=\"1\" style=\"color:transparent\" src=\"https:\/\/13.com.ar\/wp-content\/uploads\/2025\/07\/Karina-Milei-no-quiere-candidatos-testimoniales-pero-habilita-ascensos-y.jpg\"\/><span class=\"epigraphe\">Los hermanos Francisco y Manuel Adorni. Dos que &#8220;cambiar\u00e1n&#8221; su cargo. <\/span><span class=\"picture-open\"><button class=\"open-image\" aria-label=\"Open Image\"\/><\/span><\/picture><\/div>\n<div class=\"sc-45461e9c-0 eqiBeF container-text text-embed \" id=\"element-body-10\">\n<p>Como toda regla, <strong>\u201cel jefe\u201d de LLA habilit\u00f3 excepciones<\/strong>. Los candidatos que ocupan otros cargos deber\u00e1n abandonar sus puestos, pero <strong>podr\u00edan no asumir si les ofrecen un puesto superador<\/strong>.<\/p>\n<\/div>\n<div class=\"sc-45461e9c-0 eqiBeF container-text text-embed \" id=\"element-body-11\">\n<p>Ese podr\u00eda ser el caso del marplatense <strong>Montenegro, primer candidato a senador por la Quinta secci\u00f3n<\/strong>, que viene sonando desde 2024 para <strong>ocupar un lugar en el Gabinete<\/strong>. El intendente ceder\u00e1 su lugar a <strong>Agust\u00edn Neme<\/strong>, su alter ego en el concejo deliberante local -que ya lo hab\u00eda sustituido en un anterior pedido de licencia- y mantiene un buen v\u00ednculo con los libertarios. Hasta ahora se mencionaba al intendente como eventual <strong>reemplazo de Mariano C\u00faneo Libarona en el ministerio de Justicia<\/strong>.<\/p>\n<\/div>\n<div class=\"sc-98b114a2-0 bkqiHH image-embed  image-embed \" id=\"element-body-12\"><picture class=\"sc-98b114a2-1 jRUlDm\"><source media=\"(min-width: 975px)\" width=\"720\" height=\"480\" \/><img alt=\"Nahuel Sotelo con el papa Francisco. Deber\u00e1 dejar la secretar\u00eda de Culto. Foto: F Sokolowicz\" loading=\"lazy\" width=\"720\" height=\"480\" decoding=\"async\" data-nimg=\"1\" style=\"color:transparent\" src=\"https:\/\/13.com.ar\/wp-content\/uploads\/2025\/07\/1753262696_778_Karina-Milei-no-quiere-candidatos-testimoniales-pero-habilita-ascensos-y.jpg\"\/><span class=\"epigraphe\">Nahuel Sotelo con el papa Francisco. Deber\u00e1 dejar la secretar\u00eda de Culto. Foto: F Sokolowicz<\/span><span class=\"picture-open\"><button class=\"open-image\" aria-label=\"Open Image\"\/><\/span><\/picture><\/div>\n<div class=\"sc-45461e9c-0 eqiBeF container-text text-embed \" id=\"element-body-13\">\n<p>Con la probable <strong>candidatura de Patricia Bullrich<\/strong> a senadora por la Ciudad, tambi\u00e9n <strong>se le abre la puerta al ministerio de Seguridad<\/strong>, la cartera que Mauricio Macri le hab\u00eda prometido antes de 2015 y que perdi\u00f3 a manos precisamente de la ministra. Cerca de Montenegro descartan cualquier especulaci\u00f3n en ese sentido. &#8220;<strong>Guillermo siempre dijo que no ser\u00eda testimonial<\/strong>. <strong>Lo \u00fanico que queremos es sacar al kirchnerismo<\/strong> de su \u00faltima guarida y tener desde la Legislatura m\u00e1s herramientas en la lucha contra la inseguridad&#8221;, sostienen.<\/p>\n<\/div>\n<div class=\"sc-45461e9c-0 eqiBeF container-text text-embed \" id=\"element-body-14\">\n<p>Bullrich pretende colocar a alguien de su confianza, como su segunda, <strong>Alejandra Monteoliva<\/strong>, un nombre conocido en el \u00e1rea, pero de escaso voltaje pol\u00edtico. Se anotan tambi\u00e9n otros jugadores de peso: Ritondo, Santilli -dos con experiencia en el \u00e1rea- y el 2 de la SIDE <strong>Diego Kravetz<\/strong>.<\/p>\n<\/div>\n<div class=\"sc-45461e9c-0 eqiBeF container-text text-embed \" id=\"element-body-15\">\n<p>Despu\u00e9s de que no le dieran lugares preponderantes en las listas ni en Quilmes, el distrito que pretende gobernar, el secretario de Culto, <strong>Nahuel Sotelo<\/strong>, de las Fuerzas del Cielo, deber\u00eda renunciar si no le ofrecen un premio superador.<\/p>\n<\/div>\n<div class=\"sc-45461e9c-0 eqiBeF container-text text-embed \" id=\"element-body-16\">\n<p>En el resto de las listas bonaerenses casi no hay funcionarios relevantes, pero s\u00ed <strong>numerosos jefes seccionales de PAMI y ANSES<\/strong>. <strong>Juan Osaba<\/strong>, primero en la Octava y muy cercano a Pareja, es director de Asistencia al Desarrollo Municipal, en jefatura de Gabinete. El bullrichista <strong>Juan Pablo Allan<\/strong> -candidato a concejal en La Plata- <strong>deber\u00eda renunciar a la ANMaC<\/strong>, siempre y cuando se respete el precepto karinista.<\/p>\n<\/div>\n<div class=\"sc-45461e9c-0 eqiBeF container-text text-embed \" id=\"element-body-17\">\n<p><strong>Gonzalo Cabezas<\/strong>, que encabeza en la Cuarta secci\u00f3n, es director de la subsecretar\u00eda de municipios en jefatura de Gabinete. <strong>Alejandro Speroni<\/strong>, cabeza de en la S\u00e9ptima, es subsecretario de legales en el ministerio Econom\u00eda. <strong>Francisco Adorni<\/strong>, tercer candidato por la Octava, deber\u00eda renunciar a IAF, el instituto previsional de las FFAA.<\/p>\n<\/div>\n<div class=\"sc-45461e9c-0 eqiBeF container-text text-embed \" id=\"element-body-18\">\n<p>Su hermano, el vocero presidencial, <strong>asumir\u00e1 su banca de legislador<\/strong> porte\u00f1o, pero <strong>renunciar\u00e1 para volver r\u00e1pido al Ejecutivo<\/strong> con un mejor cargo que el que ocupa ahora. <\/p>\n<\/div>\n<div class=\"sc-45461e9c-0 eqiBeF container-text text-embed \" id=\"element-body-19\">\n<p>Su nombre ya corre como eventual reemplazante del jefe de Gabinete, <strong>Guillermo Francos<\/strong>, posible candidato en octubre, aunque los acciones del ministro coordinador hayan subido en los \u00faltimos d\u00edas con la creciente interna en el tri\u00e1ngulo de hierro. Una cosa es segura -con jura o sin jura, una alternativa que el vocero <strong>no descart\u00f3 en privado<\/strong>&#8211; si no hay imponderables, Adorni acumular\u00e1 m\u00e1s poder.<\/p>\n<\/div>\n<\/div>\n<p><br \/>\n<br \/><a href=\"https:\/\/www.clarin.com\/politica\/karina-milei-quiere-candidatos-testimoniales-habilita-ascensos-cambio-fichas-gobierno_0_ykXxofwHAJ.html\">Fuente Clarin.com <\/a><\/p>\n","protected":false},"excerpt":{"rendered":"<p>Para confrontar con el peronismo que eligi\u00f3 el camino contrario en varios municipios o con el PRO que hizo lo mismo en la Ciudad, para no desairar al sector del electorado que reprueba o por convicci\u00f3n, Karina Milei baj\u00f3 la orden puertas adentro de La Libertad Avanza de no habilitar candidaturas &#8220;testimoniales&#8221;. \u201cFue terminante\u201d, record\u00f3 [&hellip;]<\/p>\n","protected":false},"author":1,"featured_media":43127,"comment_status":"open","ping_status":"open","sticky":false,"template":"","format":"standard","meta":{"footnotes":""},"categories":[2],"tags":[24437,809,3347,18066,71,4020,4337,77,265,1273,13799],"class_list":["post-44634","post","type-post","status-publish","format-standard","has-post-thumbnail","hentry","category-ultimas-noticias","tag-ascensos","tag-cambio","tag-candidatos","tag-fichas","tag-gobierno","tag-habilita","tag-karina","tag-milei","tag-pero","tag-quiere","tag-testimoniales"],"_links":{"self":[{"href":"https:\/\/13.com.ar\/index.php\/wp-json\/wp\/v2\/posts\/44634","targetHints":{"allow":["GET"]}}],"collection":[{"href":"https:\/\/13.com.ar\/index.php\/wp-json\/wp\/v2\/posts"}],"about":[{"href":"https:\/\/13.com.ar\/index.php\/wp-json\/wp\/v2\/types\/post"}],"author":[{"embeddable":true,"href":"https:\/\/13.com.ar\/index.php\/wp-json\/wp\/v2\/users\/1"}],"replies":[{"embeddable":true,"href":"https:\/\/13.com.ar\/index.php\/wp-json\/wp\/v2\/comments?post=44634"}],"version-history":[{"count":0,"href":"https:\/\/13.com.ar\/index.php\/wp-json\/wp\/v2\/posts\/44634\/revisions"}],"wp:featuredmedia":[{"embeddable":true,"href":"https:\/\/13.com.ar\/index.php\/wp-json\/wp\/v2\/media\/43127"}],"wp:attachment":[{"href":"https:\/\/13.com.ar\/index.php\/wp-json\/wp\/v2\/media?parent=44634"}],"wp:term":[{"taxonomy":"category","embeddable":true,"href":"https:\/\/13.com.ar\/index.php\/wp-json\/wp\/v2\/categories?post=44634"},{"taxonomy":"post_tag","embeddable":true,"href":"https:\/\/13.com.ar\/index.php\/wp-json\/wp\/v2\/tags?post=44634"}],"curies":[{"name":"wp","href":"https:\/\/api.w.org\/{rel}","templated":true}]}}