{"id":44099,"date":"2025-07-21T15:01:04","date_gmt":"2025-07-21T18:01:04","guid":{"rendered":"https:\/\/13.com.ar\/index.php\/el-hermano-del-fotografo-pablo-grillo-hablo-de-las-secuelas-neurologicas-tras-el-ataque-de-un-gendarme-en-una-marcha-es-otro\/"},"modified":"2025-07-21T15:01:04","modified_gmt":"2025-07-21T18:01:04","slug":"el-hermano-del-fotografo-pablo-grillo-hablo-de-las-secuelas-neurologicas-tras-el-ataque-de-un-gendarme-en-una-marcha-es-otro","status":"publish","type":"post","link":"https:\/\/13.com.ar\/index.php\/el-hermano-del-fotografo-pablo-grillo-hablo-de-las-secuelas-neurologicas-tras-el-ataque-de-un-gendarme-en-una-marcha-es-otro\/","title":{"rendered":"El hermano del fot\u00f3grafo Pablo Grillo habl\u00f3 de las secuelas neurol\u00f3gicas tras el ataque de un gendarme en una marcha: &#8220;Es otro&#8221;"},"content":{"rendered":"<p> <br \/>\n<br \/><img decoding=\"async\" src=\"https:\/\/13.com.ar\/wp-content\/uploads\/2025\/04\/Se-paro-y-dio-unos-pasitos.jpg\" \/><\/p>\n<div id=\"element-body-0\">\n<p><strong>Emiliano Grillo<\/strong>, hermano del<strong> fot\u00f3grafo herido<\/strong> de gravedad en la cabeza por un gendarme, habl\u00f3 sobre el estado de salud de Pablo y detall\u00f3 c\u00f3mo avanza con el proceso de recuperaci\u00f3n tras varias intervenciones quir\u00fargicas. Adem\u00e1s, celebr\u00f3 el <strong>llamado a indagatoria<\/strong> que hizo la Justicia al cabo H\u00e9ctor Jes\u00fas Guerrero.<\/p>\n<\/div>\n<div id=\"element-body-1\">\n<p><strong>Pablo Grillo<\/strong> se encuentra internado en un centro de rehabilitaci\u00f3n. A principios de junio, luego de casi tres meses internado en el Hospital Ramos Mej\u00eda, fue trasladado al Manuel Rocca, donde ahora realiza la segunda etapa del proceso de rehabilitaci\u00f3n.<\/p>\n<\/div>\n<div id=\"element-body-2\">\n<p>&#8220;Est\u00e1 respondiendo bien a los est\u00edmulos&#8221;, indic\u00f3 Emiliano en di\u00e1logo con <em>Futurock <\/em>y aclar\u00f3 que su hermano &#8220;no tiene dificultades motrices sino <strong>neurol\u00f3gicas<\/strong>&#8220;.<\/p>\n<\/div>\n<div id=\"element-body-3\">\n<p>En ese sentido, advirti\u00f3 que -seg\u00fan lo que les comentaron los m\u00e9dicos- &#8220;el impacto frontal&#8221; que recibi\u00f3 Pablo en la cabeza <strong>&#8220;puede afectar la personalidad&#8221;<\/strong>.<\/p>\n<\/div>\n<div id=\"element-body-4\">\n<p>&#8220;Est\u00e1 lento, le cuesta estar atento. No puede comer y escuchar m\u00fasica al mismo tiempo&#8221;, se\u00f1al\u00f3 Grillo y dijo que a veces est\u00e1 haciendo algo y &#8220;se tilda&#8221;.<\/p>\n<\/div>\n<div id=\"element-body-6\">\n<p>&#8220;<strong>Es un nuevo hermano. Es otro Pablo. <\/strong>Nos est\u00e1 costando aceptarlo porque lo vemos y es \u00e9l, pero sus reacciones, no&#8221;, reconoci\u00f3. <\/p>\n<\/div>\n<div id=\"element-body-7\">\n<p>La familia de Pablo lo acompa\u00f1a en todo momento durante la internaci\u00f3n. Por ejemplo, Emiliano hab\u00eda pasado la noche junto a su hermano y este lunes, la madre de ambos le hizo compa\u00f1\u00eda durante un taller de Terapia Ocupacional: &#8220;Mi mam\u00e1 estaba contenta porque <strong>pudo hacer chipas solo<\/strong>&#8220;.<\/p>\n<\/div>\n<div id=\"element-body-8\">\n<p>Consultado por el llamado a <strong>indagatoria <\/strong>al cabo Guerrero, Emiliano  celebr\u00f3 la noticia: &#8220;La est\u00e1bamos esperando hace un tiempo&#8221;. <\/p>\n<\/div>\n<div id=\"element-body-9\">\n<p>La jueza Mar\u00eda Servini cit\u00f3 a indagatoria a H\u00e9ctor Jes\u00fas Guerrero, el gendarme que le dispar\u00f3 al fot\u00f3grafo, y<strong> le prohibi\u00f3 salir del pa\u00eds. <\/strong>La audiencia ser\u00e1 el 2 de septiembre, seis meses despu\u00e9s del d\u00eda en que Pablo Grillo cay\u00f3 inconsciente sobre el asfalto por el impacto de una c\u00e1psula de gas.<\/p>\n<\/div>\n<div id=\"element-body-10\">\n<p>La familia adem\u00e1s present\u00f3 un escrito ante la Justicia pidiendo que se investigue tambi\u00e9n a los superiores de Guerrero.<\/p>\n<\/div>\n<p><br \/>\n<br \/><a href=\"https:\/\/www.clarin.com\/politica\/hermano-fotografo-pablo-grillo-hablo-secuelas-neurologicas-ataque-gendarme-marcha_0_smcUUgO34t.html\">Fuente Clarin.com <\/a><\/p>\n","protected":false},"excerpt":{"rendered":"<p>Emiliano Grillo, hermano del fot\u00f3grafo herido de gravedad en la cabeza por un gendarme, habl\u00f3 sobre el estado de salud de Pablo y detall\u00f3 c\u00f3mo avanza con el proceso de recuperaci\u00f3n tras varias intervenciones quir\u00fargicas. Adem\u00e1s, celebr\u00f3 el llamado a indagatoria que hizo la Justicia al cabo H\u00e9ctor Jes\u00fas Guerrero. Pablo Grillo se encuentra internado [&hellip;]<\/p>\n","protected":false},"author":1,"featured_media":16878,"comment_status":"open","ping_status":"open","sticky":false,"template":"","format":"standard","meta":{"footnotes":""},"categories":[2],"tags":[2106,100,5968,4872,4978,347,926,48,1126,24298,366,5929,14513,312,73],"class_list":["post-44099","post","type-post","status-publish","format-standard","has-post-thumbnail","hentry","category-ultimas-noticias","tag-ataque","tag-del","tag-fotografo","tag-gendarme","tag-grillo","tag-hablo","tag-hermano","tag-las","tag-marcha","tag-neurologicas","tag-otro","tag-pablo","tag-secuelas","tag-tras","tag-una"],"_links":{"self":[{"href":"https:\/\/13.com.ar\/index.php\/wp-json\/wp\/v2\/posts\/44099","targetHints":{"allow":["GET"]}}],"collection":[{"href":"https:\/\/13.com.ar\/index.php\/wp-json\/wp\/v2\/posts"}],"about":[{"href":"https:\/\/13.com.ar\/index.php\/wp-json\/wp\/v2\/types\/post"}],"author":[{"embeddable":true,"href":"https:\/\/13.com.ar\/index.php\/wp-json\/wp\/v2\/users\/1"}],"replies":[{"embeddable":true,"href":"https:\/\/13.com.ar\/index.php\/wp-json\/wp\/v2\/comments?post=44099"}],"version-history":[{"count":0,"href":"https:\/\/13.com.ar\/index.php\/wp-json\/wp\/v2\/posts\/44099\/revisions"}],"wp:featuredmedia":[{"embeddable":true,"href":"https:\/\/13.com.ar\/index.php\/wp-json\/wp\/v2\/media\/16878"}],"wp:attachment":[{"href":"https:\/\/13.com.ar\/index.php\/wp-json\/wp\/v2\/media?parent=44099"}],"wp:term":[{"taxonomy":"category","embeddable":true,"href":"https:\/\/13.com.ar\/index.php\/wp-json\/wp\/v2\/categories?post=44099"},{"taxonomy":"post_tag","embeddable":true,"href":"https:\/\/13.com.ar\/index.php\/wp-json\/wp\/v2\/tags?post=44099"}],"curies":[{"name":"wp","href":"https:\/\/api.w.org\/{rel}","templated":true}]}}