{"id":44098,"date":"2025-07-21T14:54:55","date_gmt":"2025-07-21T17:54:55","guid":{"rendered":"https:\/\/13.com.ar\/index.php\/por-el-salto-en-la-demanda-el-dolar-ya-corre-mas-rapido-que-la-inflacion\/"},"modified":"2025-07-21T14:54:55","modified_gmt":"2025-07-21T17:54:55","slug":"por-el-salto-en-la-demanda-el-dolar-ya-corre-mas-rapido-que-la-inflacion","status":"publish","type":"post","link":"https:\/\/13.com.ar\/index.php\/por-el-salto-en-la-demanda-el-dolar-ya-corre-mas-rapido-que-la-inflacion\/","title":{"rendered":"Por el salto en la demanda el d\u00f3lar ya corre m\u00e1s r\u00e1pido que la inflaci\u00f3n"},"content":{"rendered":"<p> <br \/>\n<br \/><img decoding=\"async\" src=\"https:\/\/13.com.ar\/wp-content\/uploads\/2025\/05\/El-dolar-se-despierta-y-toca-el-precio-mas-alto.jpg\" \/><\/p>\n<div id=\"element-body-0\">\n<p>En el inicio del segundo semestre del 2025, y a solo tres meses de las elecciones legislativas, el d\u00f3lar ya est\u00e1 corriendo m\u00e1s r\u00e1pido que la inflaci\u00f3n. En lo que va del a\u00f1o<strong> el tipo de cambio subi\u00f3 25%, mientras el \u00edndice de precios proyecta cerrar julio con un acumulado del 18%.<\/strong><\/p>\n<\/div>\n<div id=\"element-body-1\">\n<p>Con estos registros, la Libertad Avanza se encamina a encarar los comicios de octubre con <strong>un escenario muy diferente al del 2024<\/strong>. El a\u00f1o pasado, el equipo econ\u00f3mico us\u00f3 al d\u00f3lar como ancla y dej\u00f3 que el tipo de cambio avanzara tan solo 28%, contra una inflaci\u00f3n de 117%.<\/p>\n<\/div>\n<div id=\"element-body-2\">\n<p>Esta vez dej\u00f3 correr algo m\u00e1s la cotizaci\u00f3n, que tuvo una primera suba significativa con la salida del cepo en abril y ahora est\u00e1 atravesando la segunda fase de este reacomodamiento. Hasta ahora no se est\u00e1 notando un traslado a precios de esta alza de la divisa.<\/p>\n<\/div>\n<div id=\"element-body-3\">\n<p>El d\u00f3lar minorista arranc\u00f3 la semana en<strong> $ 1.300<\/strong>, mientras el mayorista toca los <strong>$ 1.277.<\/strong><\/p>\n<\/div>\n<div id=\"element-body-4\">\n<p>En lo que va del mes<strong> las cotizaciones aumentaron 7%, contra una inflaci\u00f3n prevista entre 1,6% y 1,8%. <\/strong><\/p>\n<\/div>\n<div id=\"element-body-6\">\n<p>El d\u00f3lar viene subiendo en las \u00faltimas semanas de la mano de una salto en al demanda. De hecho, el mercado sigui\u00f3 al pie de la letra el consejo sarc\u00e1stico del ministro de Econom\u00eda Luis Caputo, que el 2 de julio defendi\u00f3 la flotaci\u00f3n cambiaria y embisti\u00f3 contra que los que advierten que el tipo de cambio se est\u00e1 deteriorando y eso le resta competitividad a la Argentina.<strong> &#8220;Si te parece que el el d\u00f3lar est\u00e1 barato, compr\u00e1 campe\u00f3n<\/strong>&#8220;, solt\u00f3 Caputo ante un auditorio de ejecutivos.<\/p>\n<\/div>\n<div id=\"element-body-7\">\n<p>Desde ese d\u00eda, la demanda viene en alza, empujada por la percepci\u00f3n de que efectivamente el d\u00f3lar est\u00e1 barato y de que <strong>el carry trade ya no es tan atractivo<\/strong>. A esto se agrega el combo del aguinaldo que lleva a quienes tienen capacidad de ahorro a cambiar sus pesos por moneda dura y las vacaciones de invierno que impulsan a los viajeros a hacerse de billetes.<\/p>\n<\/div>\n<div id=\"element-body-8\">\n<p>Adem\u00e1s se espera que esta semana <strong>se reduzca fuertemente la oferta de d\u00f3lares del campo,<\/strong> porque se cierra la ventana que ten\u00edan los exportadores para liquidar sus ventas con las al\u00edcuotas m\u00e1s bajas que rigieron hasta el 30 de junio. Si bien el alza de las retenciones a las exportaciones arranc\u00f3 el 1 de julio, hasta el 30 de junio hab\u00eda plazo para inscribir las operaciones anticipadamente con las al\u00edcuotas viejas y liquidarlas en las primeras semanas del mes, con el 22 como \u00faltimo d\u00eda.<\/p>\n<\/div>\n<div id=\"element-body-9\">\n<p>&#8220;Pasado este plazo, esperamos que la liquidaci\u00f3n del agro desacelere significativamente&#8221;, se\u00f1alan desde Portfolio Personal Inversiones (PPI). &#8220;Sin embargo, al haberse adelantado liquidaci\u00f3n por la baja de retenciones transitoria<strong>, es muy posible que recorte m\u00e1s de lo que uno prever\u00eda por la t\u00edpica estacionalidad&#8221;.<\/strong> <\/p>\n<\/div>\n<div id=\"element-body-10\">\n<p>&#8220;La semana pasada ya comenzamos a ver cierta desaceleraci\u00f3n en la liquidaci\u00f3n del agro, que totaliz\u00f3 <strong>US$ 154 millones<\/strong> el mi\u00e9rcoles y <strong>US$ 180 millones<\/strong> el jueves, frente a un promedio de <strong>US$ 254 millones<\/strong> diarios los cinco d\u00edas previos&#8221;, agregan.<\/p>\n<\/div>\n<div id=\"element-body-11\">\n<p>Con esta menor oferta el mercado debe cubrir la mayor demanda, que ir\u00e1 potenci\u00e1ndose en las pr\u00f3ximas semanas ante la cercan\u00eda de las elecciones, <strong>un evento que impulsa hist\u00f3ricamente la dolarizaci\u00f3n de<\/strong> <strong>carteras.<\/strong><\/p>\n<\/div>\n<div id=\"element-body-12\">\n<p>Frente a esto, <strong>el Gobierno ensay\u00f3 varias jugadas con escaso resultado <\/strong>para evitar que el exceso de pesos que inundaron la plaza tras el fin de las LEFI, las letras que usaban los bancos para manejar la liquidez con un inter\u00e9s diario, presionaran m\u00e1s sobre el d\u00f3lar. <\/p>\n<\/div>\n<div id=\"element-body-13\">\n<p>Para encauzar estos<strong> 10 billones de pesos,<\/strong> el equipo econ\u00f3mico volvi\u00f3 a reflotar los pases a un d\u00eda con una tasa anual del 36%, diez puntos arriba de la tasa previa. Adem\u00e1s, vendi\u00f3 letras de corto plazo (Lecap) e intervino en el mercado del d\u00f3lar futuro. <\/p>\n<\/div>\n<div id=\"element-body-14\">\n<p>Si bien esto redujo la tensi\u00f3n cambiaria moment\u00e1neamente, las expectativas ahora est\u00e1n puestas en lo que ocurra cuando se haga efectivo el menor ingreso de divisas en el mercado.<\/p>\n<\/div>\n<p><br \/>\n<br \/><a href=\"https:\/\/www.clarin.com\/economia\/salto-demanda-dolar-corre-rapido-inflacion_0_GRQms8uO9d.html\">Fuente Clarin.com <\/a><\/p>\n","protected":false},"excerpt":{"rendered":"<p>En el inicio del segundo semestre del 2025, y a solo tres meses de las elecciones legislativas, el d\u00f3lar ya est\u00e1 corriendo m\u00e1s r\u00e1pido que la inflaci\u00f3n. En lo que va del a\u00f1o el tipo de cambio subi\u00f3 25%, mientras el \u00edndice de precios proyecta cerrar julio con un acumulado del 18%. Con estos registros, [&hellip;]<\/p>\n","protected":false},"author":1,"featured_media":28958,"comment_status":"open","ping_status":"open","sticky":false,"template":"","format":"standard","meta":{"footnotes":""},"categories":[2],"tags":[8146,5394,3068,1544,155,142,1160,1311],"class_list":["post-44098","post","type-post","status-publish","format-standard","has-post-thumbnail","hentry","category-ultimas-noticias","tag-corre","tag-demanda","tag-dolar","tag-inflacion","tag-mas","tag-por","tag-rapido","tag-salto"],"_links":{"self":[{"href":"https:\/\/13.com.ar\/index.php\/wp-json\/wp\/v2\/posts\/44098","targetHints":{"allow":["GET"]}}],"collection":[{"href":"https:\/\/13.com.ar\/index.php\/wp-json\/wp\/v2\/posts"}],"about":[{"href":"https:\/\/13.com.ar\/index.php\/wp-json\/wp\/v2\/types\/post"}],"author":[{"embeddable":true,"href":"https:\/\/13.com.ar\/index.php\/wp-json\/wp\/v2\/users\/1"}],"replies":[{"embeddable":true,"href":"https:\/\/13.com.ar\/index.php\/wp-json\/wp\/v2\/comments?post=44098"}],"version-history":[{"count":0,"href":"https:\/\/13.com.ar\/index.php\/wp-json\/wp\/v2\/posts\/44098\/revisions"}],"wp:featuredmedia":[{"embeddable":true,"href":"https:\/\/13.com.ar\/index.php\/wp-json\/wp\/v2\/media\/28958"}],"wp:attachment":[{"href":"https:\/\/13.com.ar\/index.php\/wp-json\/wp\/v2\/media?parent=44098"}],"wp:term":[{"taxonomy":"category","embeddable":true,"href":"https:\/\/13.com.ar\/index.php\/wp-json\/wp\/v2\/categories?post=44098"},{"taxonomy":"post_tag","embeddable":true,"href":"https:\/\/13.com.ar\/index.php\/wp-json\/wp\/v2\/tags?post=44098"}],"curies":[{"name":"wp","href":"https:\/\/api.w.org\/{rel}","templated":true}]}}