{"id":43891,"date":"2025-07-20T19:56:11","date_gmt":"2025-07-20T22:56:11","guid":{"rendered":"https:\/\/13.com.ar\/index.php\/karina-milei-pregunta-mucho-por-boca\/"},"modified":"2025-07-20T19:56:11","modified_gmt":"2025-07-20T22:56:11","slug":"karina-milei-pregunta-mucho-por-boca","status":"publish","type":"post","link":"https:\/\/13.com.ar\/index.php\/karina-milei-pregunta-mucho-por-boca\/","title":{"rendered":"Karina Milei pregunta mucho por Boca"},"content":{"rendered":"<p> <br \/>\n<\/p>\n<div id=\"cuerpo\">\n<div class=\"sc-45461e9c-0 eqiBeF container-text text-embed \" id=\"element-body-0\">\n<p><strong>Daniel Mollo <\/strong>admiti\u00f3 que se acost\u00f3 este domingo a la tarde para descansar, pero<strong> &#8220;m\u00e1s por laburo que por el cierre de listas&#8221;<\/strong>. El hist\u00f3rico relator de Boca confirm\u00f3 que <strong>encabeza la lista de candidatos a concejales de La Libertad Avanza en San Mart\u00edn<\/strong> de cara a las elecciones legislativas bonaerenses del pr\u00f3ximo 7 de septiembre. En di\u00e1logo con <strong>Clar\u00edn <\/strong>revel\u00f3 c\u00f3mo el sentimiento xeneize convive en su relaci\u00f3n con los Milei: <strong>&#8220;Karina pregunta mucho por Boca&#8221;.<\/strong><\/p>\n<\/div>\n<div class=\"sc-45461e9c-0 eqiBeF container-text text-embed \" id=\"element-body-1\">\n<p>&#8220;Lo m\u00edo fue muy tranquilo&#8221;, le dijo Mollo a este medio tras un descanso dominical posterior a relatar a Boca y hacer su programa de trasnoche en <em>Radio Mitre.<\/em> <strong>&#8220;Estoy m\u00e1s baqueteado por laburo que por el cierre de listas&#8221;,<\/strong> cont\u00f3 entre risas, cuando en el peronismo el acuerdo lleg\u00f3 cerca de las 5 de la ma\u00f1ana y entre sugerentes cortes de luz en la Junta Electoral bonaerense.<\/p>\n<\/div>\n<div class=\"sc-45461e9c-0 eqiBeF container-text text-embed \" id=\"element-body-2\">\n<p>A esa hora Mollo, con la lista cerrada y presentada desde hac\u00eda 12 horas, se dedicaba al programa que arm\u00f3 hace 10 a\u00f1os &#8220;de la noche a la ma\u00f1ana&#8221; y le vali\u00f3 estar nominado al Mart\u00edn Fierro.<\/p>\n<\/div>\n<div class=\"sc-45461e9c-0 eqiBeF container-text text-embed \" id=\"element-body-3\">\n<p>En di\u00e1logo con <strong>Clar\u00edn<\/strong>, Mollo describi\u00f3 al s\u00e1bado de cierre de listas como &#8220;largo&#8221;.<strong> &#8220;Por la firma de planillas y siempre hay negociaciones. Uno quiere ser el 3, el 4 o el 5&#8221;, coment\u00f3.<\/strong><\/p>\n<\/div>\n<div class=\"sc-45461e9c-0 eqiBeF container-text text-embed \" id=\"element-body-4\">\n<p><strong>&#8220;Pero en funci\u00f3n del peronismo yo a las 17 present\u00e9 lista&#8221;, <\/strong>compar\u00f3 satisfecho.<\/p>\n<\/div>\n<div class=\"sc-98b114a2-0 bkqiHH image-embed  image-embed \" id=\"element-body-5\"><picture class=\"sc-98b114a2-1 jRUlDm\"><source media=\"(min-width: 975px)\" width=\"720\" height=\"480\" \/><img alt=\"El relator xeneize Daniel Mollo encabeza la lista libertaria en San Mart\u00edn y revel\u00f3 el inter\u00e9s de Karina Milei por Boca: &quot;Pregunta mucho&quot;\" loading=\"lazy\" width=\"720\" height=\"480\" decoding=\"async\" data-nimg=\"1\" style=\"color:transparent\" src=\"https:\/\/13.com.ar\/wp-content\/uploads\/2025\/07\/Karina-Milei-pregunta-mucho-por-Boca.jpg\"\/><span class=\"epigraphe\">El relator xeneize Daniel Mollo encabeza la lista libertaria en San Mart\u00edn y revel\u00f3 el inter\u00e9s de Karina Milei por Boca: &#8220;Pregunta mucho&#8221;<\/span><span class=\"picture-open\"><button class=\"open-image\" aria-label=\"Open Image\"\/><\/span><\/picture><\/div>\n<div class=\"sc-45461e9c-0 eqiBeF container-text text-embed \" id=\"element-body-6\">\n<p>&#8220;Despues te quedas hablando y analizando, pero <strong>fue todo muy prolijo<\/strong>&#8220;, destac\u00f3 en el mismo tono sobre el cierre de listas libertario.<\/p>\n<\/div>\n<div class=\"sc-45461e9c-0 eqiBeF container-text text-embed \" id=\"element-body-7\">\n<p>Al ser consultado sobre la campa\u00f1a y su acercamiento a la pol\u00edtica, Mollo record\u00f3 que <strong>fue concejal por San Mart\u00edn,<\/strong> partido en el que vivi\u00f3 toda su vida y donde se jacta de haber &#8220;hecho todo&#8221;. Criarse, estudiar, recibirse.<\/p>\n<\/div>\n<div class=\"sc-45461e9c-0 eqiBeF container-text text-embed \" id=\"element-body-8\">\n<p>En aquel entonces &#8220;yo estaba en una lista que ya estaba armada. <strong>Ac\u00e1 estoy encabezando<\/strong>&#8220;, dijo.<\/p>\n<\/div>\n<div class=\"sc-45461e9c-0 eqiBeF container-text text-embed \" id=\"element-body-9\">\n<p>&#8220;<strong>Hace 9 meses que no paro de caminar y de hablar<\/strong>. Mi lista tiene gente Jos\u00e9 Luis Espert, Patricia Bullrich y Diego Valenzuela, entre otros. El armando fue sencillo&#8221;, explic\u00f3 sobre sus compa\u00f1eros de n\u00f3mina.<\/p>\n<\/div>\n<div class=\"sc-45461e9c-0 eqiBeF container-text text-embed \" id=\"element-body-10\">\n<p>Y agreg\u00f3: &#8220;Haber armado una lista, que<strong> la vengo trabajando desde octubre del a\u00f1o pasado,<\/strong> y que no hubo un insulto, alg\u00fan fastidio, s\u00ed, pero m\u00ednimo, es para destacar&#8221;.<\/p>\n<\/div>\n<div class=\"sc-98b114a2-0 bkqiHH image-embed  image-embed \" id=\"element-body-11\"><picture class=\"sc-98b114a2-1 jRUlDm\"><source media=\"(min-width: 975px)\" width=\"720\" height=\"480\" \/><img alt=\"Daniel Mollo, el ic\u00f3nico relator xeneize que encabeza una lista de La Libertad Avanza en la Provincia y quiere desatar nudos K: &quot;Karina Milei pregunta mucho por Boca&quot;\" loading=\"lazy\" width=\"720\" height=\"480\" decoding=\"async\" data-nimg=\"1\" style=\"color:transparent\" src=\"https:\/\/13.com.ar\/wp-content\/uploads\/2025\/07\/1753052171_316_Karina-Milei-pregunta-mucho-por-Boca.jpg\"\/><span class=\"epigraphe\">Daniel Mollo, el ic\u00f3nico relator xeneize que encabeza una lista de La Libertad Avanza en la Provincia y quiere desatar nudos K: &#8220;Karina Milei pregunta mucho por Boca&#8221;<\/span><span class=\"picture-open\"><button class=\"open-image\" aria-label=\"Open Image\"\/><\/span><\/picture><\/div>\n<div class=\"sc-45461e9c-0 eqiBeF container-text text-embed \" id=\"element-body-12\">\n<p>Sobre lo que ser\u00e1 la disputa electoral previa a la votaci\u00f3n, Mollo se esperanz\u00f3 con que sea &#8220;tranquila&#8221;. Explic\u00f3 que <strong>&#8220;San Mart\u00edn es siempre complicado&#8221;<\/strong> y record\u00f3 que el partido es gestionado desde hace casi dos d\u00e9cadas por el kirchnerismo. En la actualidad est\u00e1 gobernado por un delf\u00edn de Gabriel Katopodis, <strong>Fernando Moreira. <\/strong><\/p>\n<\/div>\n<div class=\"sc-45461e9c-0 eqiBeF container-text text-embed \" id=\"element-body-13\">\n<p>&#8220;Tenemos que desatar unos nudos enquistados y<strong> en frente tenemos un rival con una estructura muy armada. <\/strong>Con gente que milita hace 50 a\u00f1os el peronismo. Son veteranos, no es f\u00e1cil&#8221;, reflexion\u00f3 sobre el peronismo de San Mart\u00edn.<\/p>\n<\/div>\n<div class=\"sc-45461e9c-0 eqiBeF container-text text-embed \" id=\"element-body-14\">\n<p>&#8220;Hay mucha gente que recibe planes y<strong> es un partido que est\u00e1 entre los que m\u00e1s empleados municipales tiene<\/strong>. Los municipios de alrededor funcionan con la mitad&#8221;, coment\u00f3 ya en tono de campa\u00f1a.<\/p>\n<\/div>\n<div class=\"sc-45461e9c-0 eqiBeF container-text text-embed \" id=\"element-body-15\">\n<p>Luego Mollo eligi\u00f3 ser lo m\u00e1s gr\u00e1fico posible a la hora de contar por qu\u00e9 se meti\u00f3 en la arena pol\u00edtica. &#8220;Ven\u00ed a ver San Mart\u00edn&#8221;, responde con firmeza.<strong> &#8220;Los cajones flotan en el cementerio cuando llueve, La inseguridad que hay&#8230; &#8216;ni en pedo&#8217; me responde gente cuando la invito a comer a San Mart\u00edn&#8221;.<\/strong><\/p>\n<\/div>\n<div class=\"sc-45461e9c-0 eqiBeF container-text text-embed \" id=\"element-body-16\">\n<p>Destac\u00f3 que <strong>la inseguridad &#8220;es lo m\u00e1s complicado&#8221;<\/strong> que tiene la provincia de Buenos Aires y que su intenci\u00f3n es devolverle al municipio lo que le dio. &#8220;Cuando mis viejos vinieron de Italia era una barrio que volaba, hoy se van todos&#8221;.<\/p>\n<\/div>\n<div class=\"sc-45461e9c-0 eqiBeF container-text text-embed \" id=\"element-body-17\">\n<p><strong>&#8220;Yo hice todo ac\u00e1, (la candidatura) es una reivindicaci\u00f3n de mi historia&#8221;<\/strong>, complet\u00f3 el relator xeneize.<\/p>\n<\/div>\n<div class=\"sc-98b114a2-0 bkqiHH image-embed  image-embed \" id=\"element-body-18\"><picture class=\"sc-98b114a2-1 jRUlDm\"><source media=\"(min-width: 975px)\" width=\"720\" height=\"480\" \/><img alt=\"Javier y Karina Milei junto al \u00eddolo de Boca, Mart\u00edn Palermo.\" loading=\"lazy\" width=\"720\" height=\"480\" decoding=\"async\" data-nimg=\"1\" style=\"color:transparent\" src=\"https:\/\/13.com.ar\/wp-content\/uploads\/2025\/07\/1753052171_588_Karina-Milei-pregunta-mucho-por-Boca.jpg\"\/><span class=\"epigraphe\">Javier y Karina Milei junto al \u00eddolo de Boca, Mart\u00edn Palermo.<\/span><span class=\"picture-open\"><button class=\"open-image\" aria-label=\"Open Image\"\/><\/span><\/picture><\/div>\n<p><h2>Daniel Mollo: &#8220;Karina pregunta mucho por Boca&#8221;<\/h2>\n<\/p>\n<div class=\"sc-45461e9c-0 eqiBeF container-text text-embed \" id=\"element-body-20\">\n<p>Javier Milei, es de conocimiento p\u00fablico, es hincha de Boca y ataj\u00f3 en las divisiones inferiores de Chacarita Juniors, club s\u00edmbolo del municipio. Pero al ser consultado sobre si tiene di\u00e1logo futbolero con el Presidente, aclar\u00f3 que no por estos d\u00edas &#8220;porque las prioridades son otras&#8221;.<\/p>\n<\/div>\n<div class=\"sc-45461e9c-0 eqiBeF container-text text-embed \" id=\"element-body-21\">\n<p>Sin embargo, cont\u00f3 que la hermana presidencial y secretaria general de la Presidencia s\u00ed le realiza consultas futboleras: &#8220;Karina Milei pregunta mucho por Boca&#8221;.<\/p>\n<\/div>\n<div class=\"sc-45461e9c-0 eqiBeF container-text text-embed \" id=\"element-body-22\">\n<p>&#8220;Se interioriza por el estadio. Las \u00faltimas charlas no pasan por ah\u00ed, pero hemos tenido charlas. <strong>Todos queremos ayudar a Boca<\/strong>&#8220;, explic\u00f3 Mollo. Al Xeneize lo gobierna Juan Rom\u00e1n Riquelme, en las ant\u00edpodas pol\u00edticas principalmente de Mauricio Macri y del PRO, hoy aliados de los libertarios en la pol\u00edtica nacional.<\/p>\n<\/div>\n<div class=\"sc-45461e9c-0 eqiBeF container-text text-embed \" id=\"element-body-23\">\n<p><strong>Milei fue insultado cuando se present\u00f3 a votar en las elecciones presidenciales del club en diciembre de 2023,<\/strong> pocos d\u00edas despu\u00e9s de su desembarco en la Casa Rosada.<\/p>\n<\/div>\n<div class=\"sc-45461e9c-0 eqiBeF container-text text-embed \" id=\"element-body-24\">\n<p>Por \u00faltimo, Mollo record\u00f3 que hace 3 a\u00f1os camin\u00f3 San Mart\u00edn junto a Milei, Mart\u00edn y Eduardo &#8220;Lule&#8221; Menem y Sebasti\u00e1n Pareja. <strong>&#8220;Me llam\u00f3 y me lo propuso&#8221;<\/strong>, cont\u00f3 sobre aquel encuentro.<\/p>\n<\/div>\n<div class=\"sc-45461e9c-0 eqiBeF container-text text-embed \" id=\"element-body-25\">\n<p>&#8220;Jugaba Chacarita de local ese s\u00e1bado y cuando vi que nadie le dijo nada y lo apoyaban, dije<strong> &#8216;ac\u00e1 est\u00e1 el hombre&#8217;<\/strong>&#8220;.<\/p>\n<\/div>\n<div class=\"sc-45461e9c-0 eqiBeF container-text text-embed \" id=\"element-body-26\">\n<p>Hace 3 a\u00f1os estuvo &#8220;cerca&#8221;de meterse en el armado de San Mart\u00edn, pero finalmente no prosper\u00f3. Esta vez, ante el segundo llamado su respuesta fue otra porque, dijo, vio<strong> &#8220;c\u00f3mo est\u00e1n cambiando cosas en el pa\u00eds y en San Mart\u00edn no&#8221;.<\/strong><\/p>\n<\/div>\n<\/div>\n<p><br \/>\n<br \/><a href=\"https:\/\/www.clarin.com\/politica\/relator-partidario-daniel-mollo-encabeza-lista-libertad-avanza-san-martin-karina-milei-pregunta-boca_0_kuWQNo6wBE.html\">Fuente Clarin.com <\/a><\/p>\n","protected":false},"excerpt":{"rendered":"<p>Daniel Mollo admiti\u00f3 que se acost\u00f3 este domingo a la tarde para descansar, pero &#8220;m\u00e1s por laburo que por el cierre de listas&#8221;. El hist\u00f3rico relator de Boca confirm\u00f3 que encabeza la lista de candidatos a concejales de La Libertad Avanza en San Mart\u00edn de cara a las elecciones legislativas bonaerenses del pr\u00f3ximo 7 de [&hellip;]<\/p>\n","protected":false},"author":1,"featured_media":43892,"comment_status":"open","ping_status":"open","sticky":false,"template":"","format":"standard","meta":{"footnotes":""},"categories":[2],"tags":[707,4337,77,631,142,4025],"class_list":["post-43891","post","type-post","status-publish","format-standard","has-post-thumbnail","hentry","category-ultimas-noticias","tag-boca","tag-karina","tag-milei","tag-mucho","tag-por","tag-pregunta"],"_links":{"self":[{"href":"https:\/\/13.com.ar\/index.php\/wp-json\/wp\/v2\/posts\/43891","targetHints":{"allow":["GET"]}}],"collection":[{"href":"https:\/\/13.com.ar\/index.php\/wp-json\/wp\/v2\/posts"}],"about":[{"href":"https:\/\/13.com.ar\/index.php\/wp-json\/wp\/v2\/types\/post"}],"author":[{"embeddable":true,"href":"https:\/\/13.com.ar\/index.php\/wp-json\/wp\/v2\/users\/1"}],"replies":[{"embeddable":true,"href":"https:\/\/13.com.ar\/index.php\/wp-json\/wp\/v2\/comments?post=43891"}],"version-history":[{"count":0,"href":"https:\/\/13.com.ar\/index.php\/wp-json\/wp\/v2\/posts\/43891\/revisions"}],"wp:featuredmedia":[{"embeddable":true,"href":"https:\/\/13.com.ar\/index.php\/wp-json\/wp\/v2\/media\/43892"}],"wp:attachment":[{"href":"https:\/\/13.com.ar\/index.php\/wp-json\/wp\/v2\/media?parent=43891"}],"wp:term":[{"taxonomy":"category","embeddable":true,"href":"https:\/\/13.com.ar\/index.php\/wp-json\/wp\/v2\/categories?post=43891"},{"taxonomy":"post_tag","embeddable":true,"href":"https:\/\/13.com.ar\/index.php\/wp-json\/wp\/v2\/tags?post=43891"}],"curies":[{"name":"wp","href":"https:\/\/api.w.org\/{rel}","templated":true}]}}