{"id":43883,"date":"2025-07-20T19:04:15","date_gmt":"2025-07-20T22:04:15","guid":{"rendered":"https:\/\/13.com.ar\/index.php\/el-macrismo-se-quedo-con-pocos-lugares-pero-logro-contener-a-un-municipio-clave\/"},"modified":"2025-07-20T19:04:15","modified_gmt":"2025-07-20T22:04:15","slug":"el-macrismo-se-quedo-con-pocos-lugares-pero-logro-contener-a-un-municipio-clave","status":"publish","type":"post","link":"https:\/\/13.com.ar\/index.php\/el-macrismo-se-quedo-con-pocos-lugares-pero-logro-contener-a-un-municipio-clave\/","title":{"rendered":"el macrismo se qued\u00f3 con pocos lugares pero logr\u00f3 contener a un municipio clave"},"content":{"rendered":"<p> <br \/>\n<\/p>\n<div id=\"cuerpo\">\n<div class=\"sc-45461e9c-0 eqiBeF container-text text-embed \" id=\"element-body-0\">\n<p>En comparaci\u00f3n al problem\u00e1tico cierre de listas del peronismo, el <strong>acuerdo final por las candidaturas entre La Libertad Avanza y el PRO<\/strong> termin\u00f3 siendo mucho menos conflictivo de lo que se previ\u00f3 durante buena parte de la semana pasada.<\/p>\n<\/div>\n<div class=\"sc-45461e9c-0 eqiBeF container-text text-embed \" id=\"element-body-1\">\n<p>El an\u00e1lisis poco despu\u00e9s de rubricar secci\u00f3n por secci\u00f3n resultaba positivo de los dos lados, con el macrismo sacando pecho por haber terminado<strong> negociando algunos lugares m\u00e1s de los que se imagin\u00f3 y relativizando el desguace de intendentes <\/strong>que sufri\u00f3 entre semana: se fueron cuatro de los 13 que firmaron.<\/p>\n<\/div>\n<div class=\"sc-45461e9c-0 eqiBeF container-text text-embed \" id=\"element-body-2\">\n<p><strong>&#8220;Cerramos mucho mejor que lo que hubi\u00e9ramos cerrado si \u00edbamos separados de La Libertad Avanza&#8221;, fue la primera reflexi\u00f3n<\/strong>, que se repiti\u00f3 durante el domingo, en la sobremesa de muchos dirigentes que quedaron agotados tras horas de debate de candidaturas y s\u00f3lo esperaban dormir una siesta vespertina.<\/p>\n<\/div>\n<div class=\"sc-45461e9c-0 eqiBeF container-text text-embed \" id=\"element-body-3\">\n<p>El c\u00e1lculo que hacen cerca de Diego Santilli y Cristian Ritondo, las dos principales espadas macristas en la negociaci\u00f3n con el mile\u00edsmo, es que<strong> meter\u00e1n entre ocho y diez legisladores propios en la pr\u00f3xima Legislatura<\/strong>, si la elecci\u00f3n del 7 de septiembre se desarrolla en los t\u00e9rminos que imaginan.<\/p>\n<\/div>\n<div class=\"sc-98b114a2-0 bkqiHH image-embed  image-embed \" id=\"element-body-4\"><picture class=\"sc-98b114a2-1 jRUlDm\"><source media=\"(min-width: 975px)\" width=\"720\" height=\"480\" \/><img alt=\"Finalmente, Soledad Mart\u00ednez qued\u00f3 dentro de la alianza con los libertarios.\" loading=\"lazy\" width=\"720\" height=\"480\" decoding=\"async\" data-nimg=\"1\" style=\"color:transparent\" src=\"https:\/\/13.com.ar\/wp-content\/uploads\/2025\/07\/el-macrismo-se-quedo-con-pocos-lugares-pero-logro-contener.jpg\"\/><span class=\"epigraphe\">Finalmente, Soledad Mart\u00ednez qued\u00f3 dentro de la alianza con los libertarios.<\/span><span class=\"picture-open\"><button class=\"open-image\" aria-label=\"Open Image\"\/><\/span><\/picture><\/div>\n<div class=\"sc-45461e9c-0 eqiBeF container-text text-embed \" id=\"element-body-5\">\n<p>Ese n\u00famero duplica el que proyectaban en caso de ir por afuera, con lista propia. Y tambi\u00e9n se ubica por encima del que en el ritondismo se entusiasmaban el domingo pasado, sumado a m\u00e1s de 150 concejales propios que meter\u00edan desde diciembre. <\/p>\n<\/div>\n<div class=\"sc-45461e9c-0 eqiBeF container-text text-embed \" id=\"element-body-6\">\n<p>Como agregado, <strong>no se fue Soledad Mart\u00ednez<\/strong>, la intendenta de Vicente L\u00f3pez, que termin\u00f3 cerrando una lista municipal muy favorable, de 70\/30 para el macrismo.<\/p>\n<\/div>\n<div class=\"sc-45461e9c-0 eqiBeF container-text text-embed \" id=\"element-body-7\">\n<p>En el nombre por nombre, un brief del PRO detallaba<strong> los casilleros de los candidatos con chances de asegurarse bancas<\/strong>. Natalia Blanco y Alejandro Rabinovich, por la segunda secci\u00f3n electoral; Mar\u00eda Sotolano y Luc\u00eda Bontempo, por la tercera; Mat\u00edas Ranzini, por la cuarta; Guillermo Montenegro, por la quinta; Gustavo Coria, por la sexta; Ezequiel Galli, por la s\u00e9ptima; y Julieta Quintero Chasman, por la octava.<\/p>\n<\/div>\n<div class=\"sc-45461e9c-0 eqiBeF container-text text-embed \" id=\"element-body-8\">\n<p>No obstante, se confirm\u00f3 que <strong>la relaci\u00f3n de fuerzas ser\u00e1, porcentualmente, en torno al 75-25 a favor de los libertarios <\/strong>y qued\u00f3 la sensaci\u00f3n latente de que las fugas de cuatro intendentes nutrieron a fuerzas que pueden ser m\u00e1s competitivas a nivel seccional, como <strong>Somos Buenos Aires<\/strong>, con el radicalismo y otros partidos conviviendo all\u00ed, <strong>Hechos<\/strong>, la fuerza de los hermanos Santiago y Manuel Passaglia, de San Nicol\u00e1s, y <strong>Potencia<\/strong>, el espacio de Mar\u00eda Eugenia Talerico.<\/p>\n<\/div>\n<div class=\"sc-45461e9c-0 eqiBeF container-text text-embed \" id=\"element-body-9\">\n<p>Hacia Somos fueron <strong>Pablo Petrecca y Mar\u00eda Jos\u00e9 Gentile<\/strong>, intendentes de Jun\u00edn y 9 de Julio, con los Passaglia competir\u00e1 <strong>Javier Mart\u00ednez<\/strong>, de Pergamino, y <strong>Diego Reyes<\/strong>, de Puan, ir\u00e1 con el partido de Talerico, ex vicejefa de la UIF. <\/p>\n<\/div>\n<div class=\"sc-45461e9c-0 eqiBeF container-text text-embed \" id=\"element-body-10\">\n<p>En el PRO, adem\u00e1s, miraban con una mueca de sonrisa las <strong>evidentes tensiones que ya hay entre Somos y Hechos<\/strong>. Manuel Passaglia, candidato a diputado por la segunda, tuvo que aclarar que no es candidato de Somos, sino de Hechos, y que negociaron espacios con dirigentes puntuales, de Rojas y Pergamino.<\/p>\n<\/div>\n<div class=\"sc-106e49c0-0 dcVumd freeHtml-embed undefined\" id=\"element-body-11\">\n<blockquote class=\"twitter-tweet\">\n<p lang=\"es\" dir=\"ltr\">Yo no soy cabeza de lista de Somos Buenos Aires. Somos no compite en la segunda. Deber\u00edan retractarse y pedir disculpas. Pero dudo que lo hagan, no se van a animar. <br \/>Cualquier duda o consulta pueden ir a ver el tuit fijado en mi perfil. El cuarto lugar de nuestra lista fue para\u2026<\/p>\n<p>\u2014 Manuel Passaglia (@manupassaglia) <a rel=\"nofollow\" target=\"_blank\" href=\"https:\/\/twitter.com\/manupassaglia\/status\/1946779730000376022?ref_src=twsrc%5Etfw\">July 20, 2025<\/a><\/p><\/blockquote>\n<\/div>\n<p><h2>Secci\u00f3n por secci\u00f3n, los candidatos<\/h2>\n<\/p>\n<div class=\"sc-45461e9c-0 eqiBeF container-text text-embed \" id=\"element-body-13\">\n<p>Los libertarios y el PRO <strong>definieron a sus candidatos secci\u00f3n por secci\u00f3n<\/strong>, con el intendente de Tres de Febrero <strong>Diego Valenzuela como principal referencia en la primera secci\u00f3n y el ex comisario Maximiliano Bondarenko <\/strong>en<strong> <\/strong>la tercera.<\/p>\n<\/div>\n<div class=\"sc-45461e9c-0 eqiBeF container-text text-embed \" id=\"element-body-14\">\n<p>Detr\u00e1s del ahora libertario Valenzuela, por una senadur\u00eda en la <strong>primera secci\u00f3n<\/strong> ir\u00e1n Mar\u00eda Luz Bambaci y Luciano Olivera, que responden a Patricia Bullrich y Nicol\u00e1s Pareja, respectivamente.<\/p>\n<\/div>\n<div class=\"sc-45461e9c-0 eqiBeF container-text text-embed \" id=\"element-body-15\">\n<p>En la <strong>segunda secci\u00f3n<\/strong> los candidatos a diputados ser\u00e1n la ritondista Natalia Blanco, el parejista Pablo Morillo y la libertaria Anal\u00eda Corvino. <\/p>\n<\/div>\n<div class=\"sc-45461e9c-0 eqiBeF container-text text-embed \" id=\"element-body-16\">\n<p>En la<strong> tercera secci\u00f3n<\/strong>, en tanto, Sebasti\u00e1n Pareja ubic\u00f3 al ex polic\u00eda Bondarenko y a Luis Ontiveros, en tanto que la novedad fue Mar\u00eda Sotolano como segunda, que responde a Jorge Macri, que tuvo un acercamiento con los Milei tras las tensiones y el hecho de que tres intendentes propios se fueran a otras fuerzas.<\/p>\n<\/div>\n<div class=\"sc-45461e9c-0 eqiBeF container-text text-embed \" id=\"element-body-17\">\n<p>La <strong>cuarta secci\u00f3n<\/strong> la encabeza el libertario Gonzalo Cabezas, seguido por la tambi\u00e9n mile\u00edsta Anal\u00eda Balaudo y el ritondista Mat\u00edas Ranzini como tercero.<\/p>\n<\/div>\n<div class=\"sc-45461e9c-0 eqiBeF container-text text-embed \" id=\"element-body-18\">\n<p>La <strong>quinta secci\u00f3n<\/strong> la encabeza un hombre fuerte del PRO como Guillermo Montenegro, intendente de General Pueyrred\u00f3n, escoltado por la parejista Cecilia Mart\u00ednez y otro libertario como Mat\u00edas de Urraza.<\/p>\n<\/div>\n<div class=\"sc-45461e9c-0 eqiBeF container-text text-embed \" id=\"element-body-19\">\n<p>La <strong>sexta <\/strong>lleva a Oscar Liberman, ex candidato a intendente libertario en Bah\u00eda Blanca, la abogada macrista Carla Pannelli y H\u00e9ctor Gay, quien fue intendente bahiense en dos per\u00edodos.<\/p>\n<\/div>\n<div class=\"sc-45461e9c-0 eqiBeF container-text text-embed \" id=\"element-body-20\">\n<p>La <strong>s\u00e9ptima <\/strong>tambi\u00e9n se la lleva el mile\u00edsmo, con Alejandro Speroni de candidato, seguido por la tambi\u00e9n libertaria Celeste Arouxet y el ex intendente macrista de Olavarr\u00eda, Ezequiel Galli.<\/p>\n<\/div>\n<div class=\"sc-45461e9c-0 eqiBeF container-text text-embed \" id=\"element-body-21\">\n<p>La <strong>octava<\/strong>, finalmente, se completa con el libertario Juan Osaba, Julieta Quintero Chasman, que viene desde el PRO, y el hermano del vocero presidencial, Francisco Adorni.<\/p>\n<\/div>\n<\/div>\n<p><script async src=\"\/\/platform.twitter.com\/widgets.js\" charset=\"utf-8\"><\/script><br \/>\n<br \/><br \/>\n<br \/><a href=\"https:\/\/www.clarin.com\/politica\/cierre-lla-pro-macrismo-quedo-pocos-lugares-logro-contener-municipio-clave_0_g2Bp8xULk5.html\">Fuente Clarin.com <\/a><\/p>\n","protected":false},"excerpt":{"rendered":"<p>En comparaci\u00f3n al problem\u00e1tico cierre de listas del peronismo, el acuerdo final por las candidaturas entre La Libertad Avanza y el PRO termin\u00f3 siendo mucho menos conflictivo de lo que se previ\u00f3 durante buena parte de la semana pasada. El an\u00e1lisis poco despu\u00e9s de rubricar secci\u00f3n por secci\u00f3n resultaba positivo de los dos lados, con [&hellip;]<\/p>\n","protected":false},"author":1,"featured_media":43884,"comment_status":"open","ping_status":"open","sticky":false,"template":"","format":"standard","meta":{"footnotes":""},"categories":[2],"tags":[272,18,2565,1764,863,7294,1199,265,1680,336],"class_list":["post-43883","post","type-post","status-publish","format-standard","has-post-thumbnail","hentry","category-ultimas-noticias","tag-clave","tag-con","tag-contener","tag-logro","tag-lugares","tag-macrismo","tag-municipio","tag-pero","tag-pocos","tag-quedo"],"_links":{"self":[{"href":"https:\/\/13.com.ar\/index.php\/wp-json\/wp\/v2\/posts\/43883","targetHints":{"allow":["GET"]}}],"collection":[{"href":"https:\/\/13.com.ar\/index.php\/wp-json\/wp\/v2\/posts"}],"about":[{"href":"https:\/\/13.com.ar\/index.php\/wp-json\/wp\/v2\/types\/post"}],"author":[{"embeddable":true,"href":"https:\/\/13.com.ar\/index.php\/wp-json\/wp\/v2\/users\/1"}],"replies":[{"embeddable":true,"href":"https:\/\/13.com.ar\/index.php\/wp-json\/wp\/v2\/comments?post=43883"}],"version-history":[{"count":0,"href":"https:\/\/13.com.ar\/index.php\/wp-json\/wp\/v2\/posts\/43883\/revisions"}],"wp:featuredmedia":[{"embeddable":true,"href":"https:\/\/13.com.ar\/index.php\/wp-json\/wp\/v2\/media\/43884"}],"wp:attachment":[{"href":"https:\/\/13.com.ar\/index.php\/wp-json\/wp\/v2\/media?parent=43883"}],"wp:term":[{"taxonomy":"category","embeddable":true,"href":"https:\/\/13.com.ar\/index.php\/wp-json\/wp\/v2\/categories?post=43883"},{"taxonomy":"post_tag","embeddable":true,"href":"https:\/\/13.com.ar\/index.php\/wp-json\/wp\/v2\/tags?post=43883"}],"curies":[{"name":"wp","href":"https:\/\/api.w.org\/{rel}","templated":true}]}}