{"id":43762,"date":"2025-07-20T07:20:58","date_gmt":"2025-07-20T10:20:58","guid":{"rendered":"https:\/\/13.com.ar\/index.php\/las-mejores-frases-para-compartir-por-whatsapp-este-20-de-julio\/"},"modified":"2025-07-20T07:20:58","modified_gmt":"2025-07-20T10:20:58","slug":"las-mejores-frases-para-compartir-por-whatsapp-este-20-de-julio","status":"publish","type":"post","link":"https:\/\/13.com.ar\/index.php\/las-mejores-frases-para-compartir-por-whatsapp-este-20-de-julio\/","title":{"rendered":"las mejores frases para compartir por WhatsApp este 20 de julio"},"content":{"rendered":"<p> <br \/>\n<br \/><img decoding=\"async\" src=\"https:\/\/13.com.ar\/wp-content\/uploads\/2025\/07\/las-mejores-frases-para-compartir-por-WhatsApp-este-20-de.jpg\" \/><\/p>\n<div id=\"element-body-0\">\n<p>En Argentina, el <strong>D\u00eda del Amigo<\/strong> se celebra cada <strong>20 de julio<\/strong>, una fecha que rinde homenaje a un hito hist\u00f3rico: <strong>la llegada del hombre a la Luna<\/strong>. Aunque el origen de esta conmemoraci\u00f3n var\u00eda seg\u00fan el pa\u00eds, en el caso argentino fue la haza\u00f1a espacial de 1969 la que inspir\u00f3 la elecci\u00f3n del d\u00eda.<\/p>\n<\/div>\n<div id=\"element-body-1\">\n<p>Cada a\u00f1o, <strong>se celebra con el prop\u00f3sito de fortalecer las relaciones de amistad y reflexionar sobre la importancia de los amigos <\/strong>en la vida diaria. En este d\u00eda, las personas suelen reunirse con amigos, intercambiar regalos y demostrar su aprecio y afecto a quienes consideran sus amigos. Una de las formas para demostrarlo es enviando <strong>las mejores frases por WhatsApp.<\/strong><\/p>\n<\/div>\n<div id=\"element-body-8\">\n<p><strong>La llegada del hombre a la Luna el 20 de julio de 1969<\/strong> fue, para <strong>Enrique Ernesto Febbraro<\/strong>, un s\u00edmbolo de unidad global. Conmovido por la magnitud del evento y la conexi\u00f3n que gener\u00f3 entre millones de personas en todo el mundo, no dud\u00f3 en proponer esa fecha como el <strong>D\u00eda del Amigo en Argentina<\/strong>.<\/p>\n<\/div>\n<div id=\"element-body-10\">\n<p>Para \u00e9l, la imagen de la transmisi\u00f3n televisiva de los <strong>astronautas estadounidenses pisando el suelo lunar<\/strong>, y el hecho de que todo el planeta estuviera pendiente de sus movimientos, representaba el sentido m\u00e1s profundo de la amistad.<\/p>\n<\/div>\n<div id=\"element-body-11\">\n<p>Antes de que el <strong>Apolo XI<\/strong> regresara a la Tierra, sin la existencia de internet o medios masivos de comunicaci\u00f3n instant\u00e1neos, Febbraro comenz\u00f3 a redactar cartas. Desde su consultorio en Lomas de Zamora, el odont\u00f3logo inici\u00f3 una campa\u00f1a enviando mil postales a personalidades de cien pa\u00edses.<\/p>\n<\/div>\n<div id=\"element-body-12\">\n<p>Su pertenencia al Rotary Club facilit\u00f3 esta &#8220;cruzada&#8221;, y ocho de cada diez destinatarios apoyaron la iniciativa y desde entonces, la fecha se celebra en Argentina y otros pa\u00edses.<\/p>\n<\/div>\n<div id=\"element-body-13\">\n<p>Alrededor del mundo, el <strong>D\u00eda del Amigo<\/strong> puede tener diferentes fechas y motivos de celebraci\u00f3n, pero el esp\u00edritu de la festividad sigue siendo el mismo:<strong> honrar la amistad y el compa\u00f1erismo. <\/strong><\/p>\n<\/div>\n<p><br \/>\n<br \/><a href=\"https:\/\/www.clarin.com\/informacion-general\/dia-amigo-mejores-frases-compartir-whatsapp-20-julio_0_WfPrRulrM3.html\">Fuente Clarin.com <\/a><\/p>\n","protected":false},"excerpt":{"rendered":"<p>En Argentina, el D\u00eda del Amigo se celebra cada 20 de julio, una fecha que rinde homenaje a un hito hist\u00f3rico: la llegada del hombre a la Luna. Aunque el origen de esta conmemoraci\u00f3n var\u00eda seg\u00fan el pa\u00eds, en el caso argentino fue la haza\u00f1a espacial de 1969 la que inspir\u00f3 la elecci\u00f3n del d\u00eda. [&hellip;]<\/p>\n","protected":false},"author":1,"featured_media":43763,"comment_status":"open","ping_status":"open","sticky":false,"template":"","format":"standard","meta":{"footnotes":""},"categories":[2],"tags":[10586,139,680,2704,48,679,16,142,9457],"class_list":["post-43762","post","type-post","status-publish","format-standard","has-post-thumbnail","hentry","category-ultimas-noticias","tag-compartir","tag-este","tag-frases","tag-julio","tag-las","tag-mejores","tag-para","tag-por","tag-whatsapp"],"_links":{"self":[{"href":"https:\/\/13.com.ar\/index.php\/wp-json\/wp\/v2\/posts\/43762","targetHints":{"allow":["GET"]}}],"collection":[{"href":"https:\/\/13.com.ar\/index.php\/wp-json\/wp\/v2\/posts"}],"about":[{"href":"https:\/\/13.com.ar\/index.php\/wp-json\/wp\/v2\/types\/post"}],"author":[{"embeddable":true,"href":"https:\/\/13.com.ar\/index.php\/wp-json\/wp\/v2\/users\/1"}],"replies":[{"embeddable":true,"href":"https:\/\/13.com.ar\/index.php\/wp-json\/wp\/v2\/comments?post=43762"}],"version-history":[{"count":0,"href":"https:\/\/13.com.ar\/index.php\/wp-json\/wp\/v2\/posts\/43762\/revisions"}],"wp:featuredmedia":[{"embeddable":true,"href":"https:\/\/13.com.ar\/index.php\/wp-json\/wp\/v2\/media\/43763"}],"wp:attachment":[{"href":"https:\/\/13.com.ar\/index.php\/wp-json\/wp\/v2\/media?parent=43762"}],"wp:term":[{"taxonomy":"category","embeddable":true,"href":"https:\/\/13.com.ar\/index.php\/wp-json\/wp\/v2\/categories?post=43762"},{"taxonomy":"post_tag","embeddable":true,"href":"https:\/\/13.com.ar\/index.php\/wp-json\/wp\/v2\/tags?post=43762"}],"curies":[{"name":"wp","href":"https:\/\/api.w.org\/{rel}","templated":true}]}}