{"id":43760,"date":"2025-07-20T07:17:57","date_gmt":"2025-07-20T10:17:57","guid":{"rendered":"https:\/\/13.com.ar\/index.php\/por-que-se-conmemora-cada-20-de-julio-en-argentina\/"},"modified":"2025-07-20T07:17:57","modified_gmt":"2025-07-20T10:17:57","slug":"por-que-se-conmemora-cada-20-de-julio-en-argentina","status":"publish","type":"post","link":"https:\/\/13.com.ar\/index.php\/por-que-se-conmemora-cada-20-de-julio-en-argentina\/","title":{"rendered":"por qu\u00e9 se conmemora cada 20 de julio en Argentina"},"content":{"rendered":"<p> <br \/>\n<br \/><img decoding=\"async\" src=\"https:\/\/13.com.ar\/wp-content\/uploads\/2025\/07\/por-que-se-conmemora-cada-20-de-julio-en-Argentina.jpg\" \/><\/p>\n<div id=\"element-body-0\">\n<p>Para el dentista argentino <strong>Enrique Ernesto Febbraro<\/strong>, el <strong>alunizaje del 20 de julio de 1969<\/strong> fue <strong>un gesto de unidad global<\/strong> tan impactante que no dud\u00f3 en proponer esa fecha como el <strong>D\u00eda del Amigo<\/strong>.<\/p>\n<\/div>\n<div id=\"element-body-1\">\n<p>Aunque no figura como feriado ni fecha patria, el D\u00eda del Amigo se convirti\u00f3 en una de las celebraciones m\u00e1s arraigadas entre los argentinos. Cada 20 de julio, millones de personas <strong>se re\u00fanen para brindar, reencontrarse y homenajear esos v\u00ednculos que marcan la vida cotidiana<\/strong>.<\/p>\n<\/div>\n<div id=\"element-body-2\">\n<p>La fecha invita a reflexionar sobre el valor de la <strong>amistad<\/strong>, y suele estar marcada por encuentros, regalos simb\u00f3licos y gestos de afecto entre quienes se consideran parte del c\u00edrculo m\u00e1s cercano.<\/p>\n<\/div>\n<div id=\"element-body-5\">\n<p>La celebraci\u00f3n del D\u00eda del Amigo fue una <strong>idea que Enrique Ernesto Febbraro <\/strong>tuvo en sus a\u00f1os de juventud, a principios de la d\u00e9cada de 1940. En ese entonces, Febbraro, adem\u00e1s de ser dentista, profesor de Psicolog\u00eda, Filosof\u00eda e Historia, y m\u00fasico, trabajaba como<strong> locutor en Radio Argentina<\/strong>.<\/p>\n<\/div>\n<div id=\"element-body-6\">\n<p>Como \u00e9l mismo cont\u00f3 alguna vez en una entrevista al diario <strong>La Voz del Interior<\/strong>: \u201c<em>En esos tiempos el gobierno nos daba una lista con las celebraciones que hab\u00eda que evocar todos los d\u00edas. Era una cantidad enorme de <strong>fechas patri\u00f3ticas, militares, pol\u00edticas, pero no se festejaba ninguna virtud.<\/strong> Cuando empec\u00e9 a buscar qu\u00e9 d\u00eda se pod\u00eda festejar, siempre coincid\u00eda con alguna tonter\u00eda\u2026\u201d<\/em>. Y el tema qued\u00f3 en pendiente.<\/p>\n<\/div>\n<div id=\"element-body-8\">\n<p>Muchos a\u00f1os despu\u00e9s, el<strong> 20 de julio de 1969 <\/strong>mientras, al igual que millones de personas en el mundo, Febbraro era testigo de la hist\u00f3rica<strong> llegada del Hombre a la Luna<\/strong>, encontr\u00f3 el argumento ideal para convencer a muchos de que la amistad deb\u00eda celebrarse.<\/p>\n<\/div>\n<div id=\"element-body-9\">\n<p>Para \u00e9l, la imagen de la transmisi\u00f3n televisiva de los astronautas estadounidenses pisando el<strong> <\/strong>suelo lunar, y el hecho de que<strong> todo el planeta estuviera pendiente<\/strong> de sus movimientos, representaba el sentido m\u00e1s profundo de la amistad.<\/p>\n<\/div>\n<div id=\"element-body-10\">\n<p>&#8220;<em>La amistad como m\u00e1xima virtud por el desinter\u00e9s que lleva impl\u00edcito, un <strong>s\u00edmbolo de transparencia y autenticidad<\/strong> como debe ser el v\u00ednculo que une a las personas que merecen ser llamadas amigas<\/em>\u201d, defini\u00f3 luego el creador de esta fecha en distintas entrevistas.<\/p>\n<\/div>\n<div id=\"element-body-11\">\n<p>A partir de ese momento, en su consultorio de Lomas de Zamora, el odont\u00f3logo<strong> inici\u00f3 una campa\u00f1a<\/strong> que consisti\u00f3 en enviar mil postales a personalidades de cien pa\u00edses -su condici\u00f3n de<strong> <\/strong>miembro del Rotary Club ayud\u00f3 en la \u201ccruzada\u201d-, y ocho de cada diez destinatarios aplaudieron la iniciativa.<\/p>\n<\/div>\n<div id=\"element-body-12\">\n<p>Diez a\u00f1os m\u00e1s tarde, el<strong> 20 de febrero de 1979<\/strong>, la <strong>Provincia de Buenos Aires<\/strong> dict\u00f3 un decreto (el 235) d\u00e1ndole una fecha institucional: \u201c<em>Auspiciase la celebraci\u00f3n del D\u00eda Internacional del Amigo, a realizarse el d\u00eda 20 de julio de cada a\u00f1o<\/em>\u201d.<\/p>\n<\/div>\n<div id=\"element-body-14\">\n<p>Febbraro muri\u00f3 el 4 de noviembre de 2008. En su \u00faltima entrevista, dada al diario La Voz del Interior, asegur\u00f3 que &#8220;<em>la amistad es la virtud m\u00e1s sobresaliente porque es desinteresada de todas maneras<\/em>&#8220;.<\/p>\n<\/div>\n<div id=\"element-body-16\">\n<p><strong>Cada pa\u00eds tiene sus propias tradiciones <\/strong>y formas de celebrar este d\u00eda especial dedicado a la amistad. En Chile, Brasil, Uruguay y Espa\u00f1a el D\u00eda del Amigo se celebra el mismo d\u00eda que en Argentina el 20 de julio.<\/p>\n<\/div>\n<div id=\"element-body-17\">\n<p>En otros pa\u00edses, la <strong>fecha var\u00eda<\/strong>: en <strong>Chile <\/strong>se celebra el primer viernes de octubre, en Paraguay el 30 de julio, en Bolivia el 23 de julio, y en <strong>Estados Unidos<\/strong> el primer domingo de agosto (D\u00eda Nacional de la Amistad) y el 30 de julio (D\u00eda Internacional de la Amistad).<\/p>\n<\/div>\n<div id=\"element-body-19\">\n<p>En <strong>M\u00e9xico<\/strong>, se celebra el 14 de febrero como el <strong>D\u00eda del Amor y la Amistad<\/strong>, al igual que en Finlandia y Estonia. En India y Malasia, se celebra el primer domingo de agosto, mientras que en Sud\u00e1frica tambi\u00e9n.<\/p>\n<\/div>\n<div id=\"element-body-20\">\n<p>En 2011, adem\u00e1s, la<strong> ONU <\/strong>estableci\u00f3 el <strong>30 de julio<\/strong> como fecha global del <strong>D\u00eda Internacional de la Amistad<\/strong>, <em>\u201cen la b\u00fasqueda de la amistad entre los pueblos, los pa\u00edses y las culturas, para presentar una oportunidad de tender puentes e inspirar iniciativas de paz<\/em>\u201d. La iniciativa surgi\u00f3 de la Cruzada Mundial de la Amistad, con sede en Paraguay, que propon\u00eda ese d\u00eda desde 1958.<\/p>\n<\/div>\n<p><br \/>\n<br \/><a href=\"https:\/\/www.clarin.com\/informacion-general\/dia-amigo-conmemora-20-julio-argentina_0_18mEun0tqM.html\">Fuente Clarin.com <\/a><\/p>\n","protected":false},"excerpt":{"rendered":"<p>Para el dentista argentino Enrique Ernesto Febbraro, el alunizaje del 20 de julio de 1969 fue un gesto de unidad global tan impactante que no dud\u00f3 en proponer esa fecha como el D\u00eda del Amigo. Aunque no figura como feriado ni fecha patria, el D\u00eda del Amigo se convirti\u00f3 en una de las celebraciones m\u00e1s [&hellip;]<\/p>\n","protected":false},"author":1,"featured_media":43761,"comment_status":"open","ping_status":"open","sticky":false,"template":"","format":"standard","meta":{"footnotes":""},"categories":[2],"tags":[288,1153,12560,2704,142,286],"class_list":["post-43760","post","type-post","status-publish","format-standard","has-post-thumbnail","hentry","category-ultimas-noticias","tag-argentina","tag-cada","tag-conmemora","tag-julio","tag-por","tag-que"],"_links":{"self":[{"href":"https:\/\/13.com.ar\/index.php\/wp-json\/wp\/v2\/posts\/43760","targetHints":{"allow":["GET"]}}],"collection":[{"href":"https:\/\/13.com.ar\/index.php\/wp-json\/wp\/v2\/posts"}],"about":[{"href":"https:\/\/13.com.ar\/index.php\/wp-json\/wp\/v2\/types\/post"}],"author":[{"embeddable":true,"href":"https:\/\/13.com.ar\/index.php\/wp-json\/wp\/v2\/users\/1"}],"replies":[{"embeddable":true,"href":"https:\/\/13.com.ar\/index.php\/wp-json\/wp\/v2\/comments?post=43760"}],"version-history":[{"count":0,"href":"https:\/\/13.com.ar\/index.php\/wp-json\/wp\/v2\/posts\/43760\/revisions"}],"wp:featuredmedia":[{"embeddable":true,"href":"https:\/\/13.com.ar\/index.php\/wp-json\/wp\/v2\/media\/43761"}],"wp:attachment":[{"href":"https:\/\/13.com.ar\/index.php\/wp-json\/wp\/v2\/media?parent=43760"}],"wp:term":[{"taxonomy":"category","embeddable":true,"href":"https:\/\/13.com.ar\/index.php\/wp-json\/wp\/v2\/categories?post=43760"},{"taxonomy":"post_tag","embeddable":true,"href":"https:\/\/13.com.ar\/index.php\/wp-json\/wp\/v2\/tags?post=43760"}],"curies":[{"name":"wp","href":"https:\/\/api.w.org\/{rel}","templated":true}]}}