{"id":43743,"date":"2025-07-20T06:20:55","date_gmt":"2025-07-20T09:20:55","guid":{"rendered":"https:\/\/13.com.ar\/index.php\/con-el-dolar-a-1-300-el-gobierno-gasta-mas-en-subsidios-y-elude-otro-aumento-de-tarifas-que-recaliente-la-inflacion\/"},"modified":"2025-07-20T06:20:55","modified_gmt":"2025-07-20T09:20:55","slug":"con-el-dolar-a-1-300-el-gobierno-gasta-mas-en-subsidios-y-elude-otro-aumento-de-tarifas-que-recaliente-la-inflacion","status":"publish","type":"post","link":"https:\/\/13.com.ar\/index.php\/con-el-dolar-a-1-300-el-gobierno-gasta-mas-en-subsidios-y-elude-otro-aumento-de-tarifas-que-recaliente-la-inflacion\/","title":{"rendered":"Con el d\u00f3lar a $ 1.300, el Gobierno gasta m\u00e1s en subsidios y elude otro aumento de tarifas que recaliente la inflaci\u00f3n"},"content":{"rendered":"<p> <br \/>\n<br \/><img decoding=\"async\" src=\"https:\/\/13.com.ar\/wp-content\/uploads\/2025\/04\/El-dolar-oficial-pierde-casi-90-en-la-apertura.jpg\" \/><\/p>\n<div id=\"element-body-0\">\n<p>La <strong>suba del d\u00f3lar<\/strong> de $ 1.150 a $ 1.300 en el \u00faltimo mes y medio puso de manifiesto la necesidad del Gobierno de <strong>controlar las tarifas para evitar un impacto<\/strong> sideral <strong>en las facturas de luz y gas<\/strong> que recaliente la <strong>inflaci\u00f3n <\/strong>y haga tambalear su performance en las pr\u00f3ximas elecciones.<\/p>\n<\/div>\n<div id=\"element-body-1\">\n<p>Es que <strong>los costos de la energ\u00eda est\u00e1n directamente vinculados a la evoluci\u00f3n del d\u00f3lar<\/strong>, en un pa\u00eds sin una moneda confiable desde hace d\u00e9cadas. La producci\u00f3n de gas est\u00e1 dolarizada, la generaci\u00f3n el\u00e9ctrica tiene costos y remuneraciones en la moneda estadounidense y los combustibles dependientes del petr\u00f3leo, al tener un comercio internacional, est\u00e1n ligados al tipo de cambio.<\/p>\n<\/div>\n<div id=\"element-body-2\">\n<p>Una decisi\u00f3n concreta que tom\u00f3 el Gobierno fue asumir un <strong>mayor gasto en subsidios durante el invierno<\/strong> para atenuar el efecto de traslado a las tarifas. Un ejemplo: el gas de producci\u00f3n nacional tiene un costo de 3,13 d\u00f3lares por mill\u00f3n de BTU en promedio entre octubre y abril, y casi US$ 4 el resto del a\u00f1o, a lo que se suma el costo de las importaciones.<\/p>\n<\/div>\n<div id=\"element-body-3\">\n<p>Pero <strong>para no provocar un fuerte aumento de las boletas<\/strong> que sea noticia poco antes de las elecciones, el ministro de Econom\u00eda, <strong>Luis Caputo<\/strong>, orden\u00f3 -al igual que el a\u00f1o pasado- que el Estado se hiciera cargo por completo del costo de importar gas de Bolivia y Gas Natural Licuado (GNL) por barcos a unos US$ 14 no trasladarlo a las tarifas.<\/p>\n<\/div>\n<div id=\"element-body-4\">\n<p>Por otra parte, <strong>Econom\u00eda decidi\u00f3 reducir el precio del gas en d\u00f3lares<\/strong> a US$ 3,07 en junio y a US$ 3,045 en julio. <strong>Esa baja del precio mayorista compensa la suba del tipo de cambio<\/strong> que se aplica, que es el promedio de las cotizaciones de los d\u00edas h\u00e1biles que van del 1 al 15 de cada mes. En mayo ese promedio del mes anterior arroj\u00f3 $ 1.101 por d\u00f3lar; en junio, $ 1.144; en julio, $ 1.184,90; y en agosto estar\u00e1 bien por encima de los $ 1.200.<\/p>\n<\/div>\n<div id=\"element-body-5\">\n<p><strong>El objetivo de las medidas oficiales fue que las tarifas tuvieran un incremento final en l\u00ednea con la inflaci\u00f3n<\/strong> (en torno a 1,5% a 2% promedio) compensando bajas en d\u00f3lares, subas del tipo de cambio y actualizaciones mensuales por inflaci\u00f3n pasada de los componentes regulados, como el transporte y la distribuci\u00f3n.<\/p>\n<\/div>\n<div id=\"element-body-6\">\n<p>El mayor gasto en subsidios de estos meses, que reci\u00e9n se verificar\u00e1 en las cuentas p\u00fablicas tras el invierno, tambi\u00e9n se ve compensado en sentido contrario por el reempadronamiento de 2,1 millones de usuarios que dejaron de tener la ayuda del Estado y un mayor recupero de los costos en verano. Adem\u00e1s, <strong>en el primer semestre los subsidios a la energ\u00eda tuvieron un ajuste real de 62%<\/strong> contra el per\u00edodo enero-junio 2024.<\/p>\n<\/div>\n<div id=\"element-body-7\">\n<p>Mientras tanto, la suba del d\u00f3lar tambi\u00e9n eleva los costos en pesos de la electricidad, que este invierno rondaban los US$ 70 por megavatio-hora, mientras que los precios que se trasladan a las facturas tambi\u00e9n se van moderando de acuerdo a las necesidades pol\u00edticas de La Libertad Avanza. Nada nuevo en la historia reciente, con la diferencia de que ahora los contratos de concesi\u00f3n est\u00e1n normalizados y hay previsibilidad regulatoria hasta 2030.<\/p>\n<\/div>\n<div id=\"element-body-8\">\n<p>Por el lado de los combustibles, el Gobierno no interviene directamente en los precios. Pero la suba del d\u00f3lar y el alza del petr\u00f3leo en los \u00faltimos 50 d\u00edas gener\u00f3 un atraso en la nafta s\u00faper que hasta el s\u00e1bado -previo al ajuste de YPF a primera hora del domingo- rondaba el 15%, seg\u00fan ejecutivos del sector.<\/p>\n<\/div>\n<div id=\"element-body-9\">\n<p>Las petroleras entienden que su demanda no puede convalidar los precios de mercado y absorben p\u00e9rdidas, mientras se ampl\u00eda la brecha entre los valores de YPF y sus competidores.<\/p>\n<\/div>\n<p><br \/>\n<br \/><a href=\"https:\/\/www.clarin.com\/economia\/dolar-1300-gobierno-gasta-subsidios-elude-aumento-tarifas-recaliente-inflacion_0_LrhAGXPckK.html\">Fuente Clarin.com <\/a><\/p>\n","protected":false},"excerpt":{"rendered":"<p>La suba del d\u00f3lar de $ 1.150 a $ 1.300 en el \u00faltimo mes y medio puso de manifiesto la necesidad del Gobierno de controlar las tarifas para evitar un impacto sideral en las facturas de luz y gas que recaliente la inflaci\u00f3n y haga tambalear su performance en las pr\u00f3ximas elecciones. Es que los [&hellip;]<\/p>\n","protected":false},"author":1,"featured_media":18629,"comment_status":"open","ping_status":"open","sticky":false,"template":"","format":"standard","meta":{"footnotes":""},"categories":[2],"tags":[544,18,3068,24185,7014,71,1544,155,366,24186,2119,759],"class_list":["post-43743","post","type-post","status-publish","format-standard","has-post-thumbnail","hentry","category-ultimas-noticias","tag-aumento","tag-con","tag-dolar","tag-elude","tag-gasta","tag-gobierno","tag-inflacion","tag-mas","tag-otro","tag-recaliente","tag-subsidios","tag-tarifas"],"_links":{"self":[{"href":"https:\/\/13.com.ar\/index.php\/wp-json\/wp\/v2\/posts\/43743","targetHints":{"allow":["GET"]}}],"collection":[{"href":"https:\/\/13.com.ar\/index.php\/wp-json\/wp\/v2\/posts"}],"about":[{"href":"https:\/\/13.com.ar\/index.php\/wp-json\/wp\/v2\/types\/post"}],"author":[{"embeddable":true,"href":"https:\/\/13.com.ar\/index.php\/wp-json\/wp\/v2\/users\/1"}],"replies":[{"embeddable":true,"href":"https:\/\/13.com.ar\/index.php\/wp-json\/wp\/v2\/comments?post=43743"}],"version-history":[{"count":0,"href":"https:\/\/13.com.ar\/index.php\/wp-json\/wp\/v2\/posts\/43743\/revisions"}],"wp:featuredmedia":[{"embeddable":true,"href":"https:\/\/13.com.ar\/index.php\/wp-json\/wp\/v2\/media\/18629"}],"wp:attachment":[{"href":"https:\/\/13.com.ar\/index.php\/wp-json\/wp\/v2\/media?parent=43743"}],"wp:term":[{"taxonomy":"category","embeddable":true,"href":"https:\/\/13.com.ar\/index.php\/wp-json\/wp\/v2\/categories?post=43743"},{"taxonomy":"post_tag","embeddable":true,"href":"https:\/\/13.com.ar\/index.php\/wp-json\/wp\/v2\/tags?post=43743"}],"curies":[{"name":"wp","href":"https:\/\/api.w.org\/{rel}","templated":true}]}}