{"id":43735,"date":"2025-07-20T05:15:00","date_gmt":"2025-07-20T08:15:00","guid":{"rendered":"https:\/\/13.com.ar\/index.php\/la-gente-tiende-a-pensar-que-eliminar-una-comida-es-una-forma-de-reducir-calorias-pero-asi-no-funciona\/"},"modified":"2025-07-20T05:15:00","modified_gmt":"2025-07-20T08:15:00","slug":"la-gente-tiende-a-pensar-que-eliminar-una-comida-es-una-forma-de-reducir-calorias-pero-asi-no-funciona","status":"publish","type":"post","link":"https:\/\/13.com.ar\/index.php\/la-gente-tiende-a-pensar-que-eliminar-una-comida-es-una-forma-de-reducir-calorias-pero-asi-no-funciona\/","title":{"rendered":"\u201cLa gente tiende a pensar que eliminar una comida es una forma de reducir calor\u00edas, pero as\u00ed no funciona\u201d"},"content":{"rendered":"<p> <br \/>\n<br \/><img decoding=\"async\" src=\"https:\/\/13.com.ar\/wp-content\/uploads\/2025\/07\/La-gente-tiende-a-pensar-que-eliminar-una-comida-es.jpg\" \/><\/p>\n<div id=\"element-body-0\">\n<p>Durante d\u00e9cadas, el desayuno fue <strong>proclamado como la comida m\u00e1s importante del d\u00eda<\/strong>. Sin embargo, en la era de las dietas expr\u00e9s y los cuerpos \u201cfit\u201d en redes sociales, cada vez m\u00e1s personas lo eliminan de su rutina diaria con la esperanza de<strong> adelgazar m\u00e1s r\u00e1pido<\/strong>. <\/p>\n<\/div>\n<div id=\"element-body-1\">\n<p>El razonamiento parece simple: menos comidas, menos calor\u00edas. Pero<strong> la realidad fisiol\u00f3gica <\/strong>es mucho m\u00e1s compleja.<\/p>\n<\/div>\n<div id=\"element-body-2\">\n<p>La <strong>doctora Crystal Willie<\/strong> afirma, en un art\u00edculo para Best Life, que dejar de desayunar por la ma\u00f1ana puede <strong>dejarte con un apetito descontrolado<\/strong> durante las siguientes comidas: \u201cLa gente tiende a pensar que eliminar el desayuno es una forma de reducir calor\u00edas, pero suele ocurrir justo lo contrario\u201d, dice.<\/p>\n<\/div>\n<p><h2>\u201cSaltarse el desayuno puede ser contraproducente si se busca mejorar la salud metab\u00f3lica\u201d<\/h2>\n<\/p>\n<div id=\"element-body-6\">\n<p>No ingerir alimentos por la ma\u00f1ana nos lleva muchas veces a <strong>tomar malas decisiones<\/strong>, como el consumo de ultra procesados, altos en azucares y grasas, para intentar saciarnos.<\/p>\n<\/div>\n<div id=\"element-body-8\">\n<p>Numerosas investigaciones no han logrado demostrar que saltarse el desayuno garantice una p\u00e9rdida de peso. <strong>Comer de manera equilibrada<\/strong> y sostenible importa m\u00e1s que si desayunas o no.<\/p>\n<\/div>\n<div id=\"element-body-11\">\n<p>Saltarse el desayuno es dejar a nuestro cuerpo sin nutrientes como la fibra, prote\u00ednas o micronutrientes necesarias para <strong>mantener la salud digestiva y hormonal<\/strong>: \u201cSaltarse el desayuno puede ser contraproducente si se busca mejorar la salud metab\u00f3lica\u201d, afirma el <strong>doctor C. Vivek Lal<\/strong>. <\/p>\n<\/div>\n<div id=\"element-body-12\">\n<p>Su recomendaci\u00f3n es optar por desayunos ricos en <strong>prote\u00ednas y fibra<\/strong>, con alimentos integrales para lograr una energ\u00eda duradera  durante todo el d\u00eda.<\/p>\n<\/div>\n<div id=\"element-body-15\">\n<p>Mantener un periodo de <strong>al menos 12 horas entre la \u00faltima comida del d\u00eda anterior<\/strong> y la primera del d\u00eda siguiente puede activar la cetosis, un proceso de quema de grasa que mejora la sensibilidad a la insulina y la regulaci\u00f3n de la glucosa. <\/p>\n<\/div>\n<div id=\"element-body-16\">\n<p>Eso s\u00ed, hay que tener en cuenta algo muy importante: \u201cEs imprescindible <strong>mantenerse hidratado <\/strong>y elegir alimentos de calidad al romper el ayuno, priorizando prote\u00ednas, grasas saludables, frutas, verduras y cereales integrales\u201d, afirma la endocrina Neha Lalani.<\/p>\n<\/div>\n<div id=\"element-body-18\">\n<p>La clave est\u00e1 en la<strong> alimentaci\u00f3n consciente<\/strong>, aprendiendo a identificar el hambre real frente a los antojos y respetando las se\u00f1ales del cuerpo. Ante cualquier duda, lo recomendable es <strong>consultar con un profesional sanitario <\/strong>para adaptar la dieta a tus necesidades personales<\/p>\n<\/div>\n<p><br \/>\n<br \/><a href=\"https:\/\/www.clarin.com\/internacional\/crystal-wyllie-doctora-gente-tiende-pensar-eliminar-comida-forma-reducir-calorias-funciona_0_CEEXm4PDd0.html\">Fuente Clarin.com <\/a><\/p>\n","protected":false},"excerpt":{"rendered":"<p>Durante d\u00e9cadas, el desayuno fue proclamado como la comida m\u00e1s importante del d\u00eda. Sin embargo, en la era de las dietas expr\u00e9s y los cuerpos \u201cfit\u201d en redes sociales, cada vez m\u00e1s personas lo eliminan de su rutina diaria con la esperanza de adelgazar m\u00e1s r\u00e1pido. El razonamiento parece simple: menos comidas, menos calor\u00edas. Pero [&hellip;]<\/p>\n","protected":false},"author":1,"featured_media":43736,"comment_status":"open","ping_status":"open","sticky":false,"template":"","format":"standard","meta":{"footnotes":""},"categories":[2],"tags":[789,5220,280,3460,1846,114,519,10060,265,3683,12153,73],"class_list":["post-43735","post","type-post","status-publish","format-standard","has-post-thumbnail","hentry","category-ultimas-noticias","tag-asi","tag-calorias","tag-comida","tag-eliminar","tag-forma","tag-funciona","tag-gente","tag-pensar","tag-pero","tag-reducir","tag-tiende","tag-una"],"_links":{"self":[{"href":"https:\/\/13.com.ar\/index.php\/wp-json\/wp\/v2\/posts\/43735","targetHints":{"allow":["GET"]}}],"collection":[{"href":"https:\/\/13.com.ar\/index.php\/wp-json\/wp\/v2\/posts"}],"about":[{"href":"https:\/\/13.com.ar\/index.php\/wp-json\/wp\/v2\/types\/post"}],"author":[{"embeddable":true,"href":"https:\/\/13.com.ar\/index.php\/wp-json\/wp\/v2\/users\/1"}],"replies":[{"embeddable":true,"href":"https:\/\/13.com.ar\/index.php\/wp-json\/wp\/v2\/comments?post=43735"}],"version-history":[{"count":0,"href":"https:\/\/13.com.ar\/index.php\/wp-json\/wp\/v2\/posts\/43735\/revisions"}],"wp:featuredmedia":[{"embeddable":true,"href":"https:\/\/13.com.ar\/index.php\/wp-json\/wp\/v2\/media\/43736"}],"wp:attachment":[{"href":"https:\/\/13.com.ar\/index.php\/wp-json\/wp\/v2\/media?parent=43735"}],"wp:term":[{"taxonomy":"category","embeddable":true,"href":"https:\/\/13.com.ar\/index.php\/wp-json\/wp\/v2\/categories?post=43735"},{"taxonomy":"post_tag","embeddable":true,"href":"https:\/\/13.com.ar\/index.php\/wp-json\/wp\/v2\/tags?post=43735"}],"curies":[{"name":"wp","href":"https:\/\/api.w.org\/{rel}","templated":true}]}}