{"id":4370,"date":"2025-02-12T19:32:41","date_gmt":"2025-02-12T22:32:41","guid":{"rendered":"https:\/\/13.com.ar\/index.php\/por-rezagos-y-falta-de-actualizacion-en-la-medicion-en-diciembre-los-salarios-subieron-mas-que-la-inflacion\/"},"modified":"2025-02-12T19:32:41","modified_gmt":"2025-02-12T22:32:41","slug":"por-rezagos-y-falta-de-actualizacion-en-la-medicion-en-diciembre-los-salarios-subieron-mas-que-la-inflacion","status":"publish","type":"post","link":"https:\/\/13.com.ar\/index.php\/por-rezagos-y-falta-de-actualizacion-en-la-medicion-en-diciembre-los-salarios-subieron-mas-que-la-inflacion\/","title":{"rendered":"Por rezagos y falta de actualizaci\u00f3n en la medici\u00f3n, en diciembre los salarios subieron m\u00e1s que la inflaci\u00f3n"},"content":{"rendered":"<p> <br \/>\n<br \/><img decoding=\"async\" src=\"https:\/\/13.com.ar\/wp-content\/uploads\/2025\/02\/Por-rezagos-y-falta-de-actualizacion-en-la-medicion-en.jpg\" \/><\/p>\n<div id=\"cuerpo\">\n<div class=\"sc-80531b6b-0 chRIGJ container-text text-embed\">\n<p>Nuevamente distorsionado por la supuesta mejora de los ingresos de los trabajadores informales y por la falta de actualizaci\u00f3n del \u00edndice oficial de precios, <strong>en diciembre los salarios subieron 3,1% por encima de la inflaci\u00f3n del 2,7%.<\/strong><\/p>\n<\/div>\n<div class=\"sc-80531b6b-0 chRIGJ container-text text-embed\">\n<p>En base a estas cifras el Ministerio de Econom\u00eda sostiene que \u201cya son nueve los meses consecutivos de recuperaci\u00f3n salarial\u201d.<\/p>\n<\/div>\n<div class=\"sc-80531b6b-0 chRIGJ container-text text-embed\">\n<p>Pero los datos del INDEC muestran una evoluci\u00f3n dispar de los salarios. <strong>El crecimiento mensual se debe a la &#8216;ins\u00f3lita&#8217; suba del 6,8% del sector informal<\/strong>, mientras en el sector privado registrado el incremento fue 2,8% y en el sector p\u00fablico 1,7%. As\u00ed, el empleo asalariado registr\u00f3 en promedio un alza de 2,4%, por debajo de la inflaci\u00f3n.<\/p>\n<\/div>\n<div class=\"sc-80531b6b-0 chRIGJ container-text text-embed\">\n<p>Las mismas distorsiones se verifican en las cifras de todo 2024. Los salarios informales encabezan la tabla con un &#8216;sorprendente&#8217; alza de 196,7% versus una inflaci\u00f3n promedio de 117,8%. Una mejora real del 36,2% de los que se desempe\u00f1en en negro.<\/p>\n<\/div>\n<div class=\"sc-80531b6b-0 chRIGJ container-text text-embed\">\n<p>La explicaci\u00f3n para tama\u00f1a mejora real de los trabajadores m\u00e1s precarizados es que para el c\u00e1lculo del componente del sector privado no registrado, el \u00edndice mensual surge a partir de la Encuesta Permanente de Hogares (EPH) que tiene un rezago de cinco meses, seg\u00fan aclara el INDEC.<\/p>\n<\/div>\n<div class=\"sc-80531b6b-0 chRIGJ container-text text-embed\">\n<p>Entonces, el 6,8% de diciembre o el 196,7% interanual del sector privado no registrado reflejan variaciones atrasadas cuando, al mismo tiempo los \u00edndices de inflaci\u00f3n eran m\u00e1s altos que en la actualidad.<\/p>\n<\/div>\n<div class=\"sc-80531b6b-0 chRIGJ container-text text-embed\">\n<p>Por ese <strong>rezago<\/strong>, desde mayo, el c\u00e1lculo de los aumentos de los salarios de los informales superan a los de los registrados, otra &#8220;rareza&#8221; de la medici\u00f3n.<\/p>\n<\/div>\n<div class=\"sc-80531b6b-0 chRIGJ container-text text-embed\">\n<p>Si se excluyen los ingresos de los no registrados, <strong>los salarios privados registrados tuvieron un alza anual del 147,5% y los del sector p\u00fablico del 119,3% versus una inflaci\u00f3n del 117,8%.<\/strong><\/p>\n<\/div>\n<div class=\"sc-80531b6b-0 chRIGJ container-text text-embed\">\n<p>En este caso, la distorsi\u00f3n se debe a que el INDEC no actualiz\u00f3 la base y las ponderaciones del gasto de los hogares. Si lo hubiera actualizado, como se viene prometiendo desde 2020, <strong>la inflaci\u00f3n hubiera sido de 133 o 136%<\/strong>. Y cambiar\u00edan los c\u00e1lculos de la supuestas mejoras salariales y ser\u00edan mayores las p\u00e9rdidas del poder adquisitivo de los trabajadores..<\/p>\n<\/div>\n<div class=\"sc-80531b6b-0 chRIGJ container-text text-embed\">\n<p>No obstante, para el c\u00e1lculo de los primeros trece meses de la gesti\u00f3n de Milei, debemos partir que la inflaci\u00f3n de diciembre 2023 (25,4%) versus una suba salarial del 8,9% golpe\u00f3 en promedio duramente (13,2%) a todas las modalidades salariales y provoc\u00f3 que en 2023 los salarios acentuaran la ca\u00edda que ya ten\u00edan con Alberto Fernandez y retrocedieran casi 19% y que se ubicaran un 37% por debajo del nivel de 2017.<\/p>\n<\/div>\n<div class=\"sc-80531b6b-0 chRIGJ container-text text-embed\">\n<p>As\u00ed, incluso con la distorsi\u00f3n de los no registrados como con la falta de actualizaci\u00f3n, en los 13 meses del actual gobierno, el poder de compra salarial se ubica por debajo de la inflaci\u00f3n real, agravando las ca\u00eddas desde fin de 2017 hasta noviembre 2023.<\/p>\n<\/div>\n<\/div>\n<p><br \/>\n<br \/><a href=\"https:\/\/www.clarin.com\/economia\/rezagos-falta-actualizacion-medicion-diciembre-salarios-subieron-inflacion_0_VLL6tT9x43.html\">Fuente Clarin.com <\/a><\/p>\n","protected":false},"excerpt":{"rendered":"<p>Nuevamente distorsionado por la supuesta mejora de los ingresos de los trabajadores informales y por la falta de actualizaci\u00f3n del \u00edndice oficial de precios, en diciembre los salarios subieron 3,1% por encima de la inflaci\u00f3n del 2,7%. En base a estas cifras el Ministerio de Econom\u00eda sostiene que \u201cya son nueve los meses consecutivos de [&hellip;]<\/p>\n","protected":false},"author":1,"featured_media":4371,"comment_status":"open","ping_status":"open","sticky":false,"template":"","format":"standard","meta":{"footnotes":""},"categories":[2],"tags":[6412,2488,943,1544,28,155,3425,142,6411,4247,5531],"class_list":["post-4370","post","type-post","status-publish","format-standard","has-post-thumbnail","hentry","category-ultimas-noticias","tag-actualizacion","tag-diciembre","tag-falta","tag-inflacion","tag-los","tag-mas","tag-medicion","tag-por","tag-rezagos","tag-salarios","tag-subieron"],"_links":{"self":[{"href":"https:\/\/13.com.ar\/index.php\/wp-json\/wp\/v2\/posts\/4370","targetHints":{"allow":["GET"]}}],"collection":[{"href":"https:\/\/13.com.ar\/index.php\/wp-json\/wp\/v2\/posts"}],"about":[{"href":"https:\/\/13.com.ar\/index.php\/wp-json\/wp\/v2\/types\/post"}],"author":[{"embeddable":true,"href":"https:\/\/13.com.ar\/index.php\/wp-json\/wp\/v2\/users\/1"}],"replies":[{"embeddable":true,"href":"https:\/\/13.com.ar\/index.php\/wp-json\/wp\/v2\/comments?post=4370"}],"version-history":[{"count":0,"href":"https:\/\/13.com.ar\/index.php\/wp-json\/wp\/v2\/posts\/4370\/revisions"}],"wp:featuredmedia":[{"embeddable":true,"href":"https:\/\/13.com.ar\/index.php\/wp-json\/wp\/v2\/media\/4371"}],"wp:attachment":[{"href":"https:\/\/13.com.ar\/index.php\/wp-json\/wp\/v2\/media?parent=4370"}],"wp:term":[{"taxonomy":"category","embeddable":true,"href":"https:\/\/13.com.ar\/index.php\/wp-json\/wp\/v2\/categories?post=4370"},{"taxonomy":"post_tag","embeddable":true,"href":"https:\/\/13.com.ar\/index.php\/wp-json\/wp\/v2\/tags?post=4370"}],"curies":[{"name":"wp","href":"https:\/\/api.w.org\/{rel}","templated":true}]}}