{"id":4368,"date":"2025-02-12T19:29:03","date_gmt":"2025-02-12T22:29:03","guid":{"rendered":"https:\/\/13.com.ar\/index.php\/por-la-crisis-del-acero-acindar-renovo-el-acuerdo-de-suspensiones-con-sus-empleados\/"},"modified":"2025-02-12T19:29:03","modified_gmt":"2025-02-12T22:29:03","slug":"por-la-crisis-del-acero-acindar-renovo-el-acuerdo-de-suspensiones-con-sus-empleados","status":"publish","type":"post","link":"https:\/\/13.com.ar\/index.php\/por-la-crisis-del-acero-acindar-renovo-el-acuerdo-de-suspensiones-con-sus-empleados\/","title":{"rendered":"Por la crisis del acero, Acindar renov\u00f3 el acuerdo de suspensiones con sus empleados"},"content":{"rendered":"<p> <br \/>\n<\/p>\n<div id=\"cuerpo\">\n<div class=\"sc-80531b6b-0 chRIGJ container-text text-embed\">\n<p>Por la ca\u00edda hist\u00f3rica en sus ventas de acero,<strong> <\/strong>la sider\u00fargica <strong>Arcelor-Mittal Acindar<\/strong> <strong>renov\u00f3 el acuerdo de suspensiones <\/strong>con sus aproximadamente <strong>1.000 empleados<\/strong> directos, en un contrato que pact\u00f3 con la<strong> <\/strong>Uni\u00f3n Obrera Metal\u00fargica (UOM) y que le brinda un paraguas frente a una eventual crisis. Actualmente, la medida alcanza a <strong>40 <\/strong>personas, aclar\u00f3.<\/p>\n<\/div>\n<div class=\"sc-80531b6b-0 chRIGJ container-text text-embed\">\n<p>Asimismo, atribuy\u00f3 la decisi\u00f3n a <strong>la demanda a\u00fan retra\u00edda<\/strong> y se despeg\u00f3 del potencial impacto de la suba de aranceles que dispuso Donald Trump al ingreso de insumos a los Estados Unidos, que esta semana <strong>se extendi\u00f3 al acero y aluminio<\/strong>, con un aumento al <strong>25%<\/strong>. <\/p>\n<\/div>\n<div class=\"sc-80531b6b-0 chRIGJ container-text text-embed\">\n<p>En ese sentido, Acindar destac\u00f3 que no env\u00eda su producci\u00f3n a ese pa\u00eds. \u201c<strong>Exportamos a Brasil, Chile, Uruguay y Paraguay<\/strong>\u201d, le explic\u00f3 a <strong>Clar\u00edn <\/strong>en octubre pasado <strong>Federico Amos<\/strong>,<strong> <\/strong>CEO de la compa\u00f1\u00eda en la Argentina y desde el a\u00f1o pasado tambi\u00e9n de la filial de Costa Rica. <\/p>\n<\/div>\n<div class=\"sc-80531b6b-0 chRIGJ container-text text-embed\">\n<p>Con niveles de actividad que todav\u00eda no se recuperan, la empresa sufri\u00f3 <strong>una ca\u00edda hist\u00f3rica de sus ventas en 2024<\/strong>, de un <strong>40%<\/strong> comparado a un a\u00f1o de por s\u00ed flojo, como fue 2023. \u201cEn un a\u00f1o normal tirando a bajo, <strong>producimos 1 mill\u00f3n de toneladas<\/strong>, <strong>terminamos 2024 con 600.000<\/strong>\u201d, explic\u00f3 la firma, y agreg\u00f3 que los meses m\u00e1s duros fueron marzo y abril.<\/p>\n<\/div>\n<div class=\"sc-198be8ec-0 cynXbu image-embed  image-embed \"><picture class=\"sc-198be8ec-1 kOjRiQ\"><source media=\"(min-width: 975px)\" width=\"720\" height=\"480\" \/><img alt=\"En diciembre, Acindar adelant\u00f3 la parada t\u00e9cnica prevista para fin de a\u00f1o. Foto: archivo\" loading=\"lazy\" width=\"720\" height=\"480\" decoding=\"async\" data-nimg=\"1\" style=\"color:transparent\" src=\"https:\/\/13.com.ar\/wp-content\/uploads\/2025\/02\/Por-la-crisis-del-acero-Acindar-renovo-el-acuerdo-de.jpg\"\/><span class=\"epigraphe\">En diciembre, Acindar adelant\u00f3 la parada t\u00e9cnica prevista para fin de a\u00f1o. Foto: archivo<\/span><span class=\"bkg\"\/><span class=\"picture-open\"><button class=\"open-image\" aria-label=\"Open Image\"\/><\/span><\/picture><\/div>\n<div class=\"sc-80531b6b-0 chRIGJ container-text text-embed\">\n<p>Seg\u00fan la <strong>C\u00e1mara Argentina del Acero<\/strong>, <strong>la producci\u00f3n de la industria cay\u00f3 un 26% interanual en 2024<\/strong>. Para 2025, espera una demanda superior a la del a\u00f1o pasado, aunque por debajo del nivel de 2023.<\/p>\n<\/div>\n<div class=\"sc-80531b6b-0 chRIGJ container-text text-embed\">\n<p>En este escenario, a mediados de diciembre, adelant\u00f3 la parada t\u00e9cnica prevista para fin de a\u00f1o en su planta de Villa Constituci\u00f3n, Santa Fe, con un<strong> acuerdo de suspensiones que alcanz\u00f3 a 350 empleados<\/strong>, entre 50 directos y 300 indirectos (contratistas). La mayor\u00eda eran del \u00e1rea de acer\u00eda y otros adelantaron vacaciones.<\/p>\n<\/div>\n<div class=\"sc-80531b6b-0 chRIGJ container-text text-embed\">\n<p>\u201cLa empresa y el sindicato alcanzaron <strong>un acuerdo de suspensiones con vigencia hasta el 31 de diciembre<\/strong> por si eventualmente hubiera que suspender personal. Con fecha del 16 de diciembre, se inici\u00f3 la parada de actividad de fin de a\u00f1o\u201d, hab\u00eda informado en ese momento la compa\u00f1\u00eda que produce aceros largos para distintas industrias y desde 2006 <strong>es parte del grupo Indio-brasile\u00f1o  ArcelorMittal<\/strong>, el principal productor sider\u00fargico mundial.<\/p>\n<\/div>\n<div class=\"sc-198be8ec-0 cynXbu image-embed  image-embed \"><picture class=\"sc-198be8ec-1 kOjRiQ\"><source media=\"(min-width: 975px)\" width=\"720\" height=\"480\" \/><img alt=\"En 2024, Acindar vendi\u00f3 600.000 toneladas de acero. Foto: archivo\" loading=\"lazy\" width=\"720\" height=\"480\" decoding=\"async\" data-nimg=\"1\" style=\"color:transparent\" src=\"https:\/\/13.com.ar\/wp-content\/uploads\/2025\/02\/1739399343_557_Por-la-crisis-del-acero-Acindar-renovo-el-acuerdo-de.jpg\"\/><span class=\"epigraphe\">En 2024, Acindar vendi\u00f3 600.000 toneladas de acero. Foto: archivo<\/span><span class=\"bkg\"\/><span class=\"picture-open\"><button class=\"open-image\" aria-label=\"Open Image\"\/><\/span><\/picture><\/div>\n<div class=\"sc-80531b6b-0 chRIGJ container-text text-embed\">\n<p>A comienzo de a\u00f1o, y con la vuelta de la actividad de la planta tras la finalizaci\u00f3n de la parada, la empresa, que viene con <strong>ventas inferiores a sus registros habituales<\/strong>, \u201cse ve obligada a readecuar su estructura productiva a los nuevos niveles de venta del mercado\u201d. Por eso, <strong>abri\u00f3 un plan de retiros voluntarios<\/strong>, al que ya adhirieron 150 trabajadores.<\/p>\n<\/div>\n<div class=\"sc-80531b6b-0 chRIGJ container-text text-embed\">\n<p><strong>Acindar hace todos los a\u00f1os dos parates t\u00e9cnicos anuales por mantenimiento<\/strong>, uno a principios y otro a mediados. En 2024, fueron m\u00e1s largos, con ajustes en funci\u00f3n del nivel de actividad. Por la ca\u00edda de la demanda, debi\u00f3 extender, primero en abril y luego en julio, las paradas programadas.<\/p>\n<\/div>\n<div class=\"sc-80531b6b-0 chRIGJ container-text text-embed\">\n<p><strong>Para 2025 est\u00e1n programadas las paradas habituales<\/strong>, por ahora. Pero <strong>la planta est\u00e1 operando al 60%<\/strong>, por lo que tiene capacidad para abastecer un potencial incremento de la demanda, en un mercado que se compone de un <strong>90%<\/strong> de productos locales y un <strong>10%<\/strong> de importados, pero en el que el avance del acero chino amenaza con alterar esa proporci\u00f3n. <\/p>\n<\/div>\n<\/div>\n<p><br \/>\n<br \/><a href=\"https:\/\/www.clarin.com\/economia\/crisis-acero-acindar-renovo-acuerdo-suspensiones-empleados_0_cVL6hGONtn.html\">Fuente Clarin.com <\/a><\/p>\n","protected":false},"excerpt":{"rendered":"<p>Por la ca\u00edda hist\u00f3rica en sus ventas de acero, la sider\u00fargica Arcelor-Mittal Acindar renov\u00f3 el acuerdo de suspensiones con sus aproximadamente 1.000 empleados directos, en un contrato que pact\u00f3 con la Uni\u00f3n Obrera Metal\u00fargica (UOM) y que le brinda un paraguas frente a una eventual crisis. Actualmente, la medida alcanza a 40 personas, aclar\u00f3. Asimismo, [&hellip;]<\/p>\n","protected":false},"author":1,"featured_media":4369,"comment_status":"open","ping_status":"open","sticky":false,"template":"","format":"standard","meta":{"footnotes":""},"categories":[2],"tags":[93,6408,267,18,625,100,3676,142,6409,40,6410],"class_list":["post-4368","post","type-post","status-publish","format-standard","has-post-thumbnail","hentry","category-ultimas-noticias","tag-acero","tag-acindar","tag-acuerdo","tag-con","tag-crisis","tag-del","tag-empleados","tag-por","tag-renovo","tag-sus","tag-suspensiones"],"_links":{"self":[{"href":"https:\/\/13.com.ar\/index.php\/wp-json\/wp\/v2\/posts\/4368","targetHints":{"allow":["GET"]}}],"collection":[{"href":"https:\/\/13.com.ar\/index.php\/wp-json\/wp\/v2\/posts"}],"about":[{"href":"https:\/\/13.com.ar\/index.php\/wp-json\/wp\/v2\/types\/post"}],"author":[{"embeddable":true,"href":"https:\/\/13.com.ar\/index.php\/wp-json\/wp\/v2\/users\/1"}],"replies":[{"embeddable":true,"href":"https:\/\/13.com.ar\/index.php\/wp-json\/wp\/v2\/comments?post=4368"}],"version-history":[{"count":0,"href":"https:\/\/13.com.ar\/index.php\/wp-json\/wp\/v2\/posts\/4368\/revisions"}],"wp:featuredmedia":[{"embeddable":true,"href":"https:\/\/13.com.ar\/index.php\/wp-json\/wp\/v2\/media\/4369"}],"wp:attachment":[{"href":"https:\/\/13.com.ar\/index.php\/wp-json\/wp\/v2\/media?parent=4368"}],"wp:term":[{"taxonomy":"category","embeddable":true,"href":"https:\/\/13.com.ar\/index.php\/wp-json\/wp\/v2\/categories?post=4368"},{"taxonomy":"post_tag","embeddable":true,"href":"https:\/\/13.com.ar\/index.php\/wp-json\/wp\/v2\/tags?post=4368"}],"curies":[{"name":"wp","href":"https:\/\/api.w.org\/{rel}","templated":true}]}}