{"id":4366,"date":"2025-02-12T19:25:36","date_gmt":"2025-02-12T22:25:36","guid":{"rendered":"https:\/\/13.com.ar\/index.php\/familiares-de-venezolanos-enviados-a-guantanamo-demandan-al-gobierno-de-donald-trump\/"},"modified":"2025-02-12T19:25:36","modified_gmt":"2025-02-12T22:25:36","slug":"familiares-de-venezolanos-enviados-a-guantanamo-demandan-al-gobierno-de-donald-trump","status":"publish","type":"post","link":"https:\/\/13.com.ar\/index.php\/familiares-de-venezolanos-enviados-a-guantanamo-demandan-al-gobierno-de-donald-trump\/","title":{"rendered":"familiares de venezolanos enviados a Guant\u00e1namo demandan al gobierno de Donald Trump"},"content":{"rendered":"<p> <br \/>\n<\/p>\n<div id=\"cuerpo\">\n<div class=\"sc-80531b6b-0 chRIGJ container-text text-embed\">\n<p>Un grupo de organizaciones que representa a familiares de tres migrantes venezolanos enviados a la base naval de Guant\u00e1namo, en Cuba, presentaron una demanda contra la Administraci\u00f3n Trump en la que piden acceso a los detenidos.<\/p>\n<\/div>\n<div class=\"sc-80531b6b-0 chRIGJ container-text text-embed\">\n<p>Las organizaciones humanitarias denuncian que estos inmigrantes <strong>est\u00e1n incomunicados<\/strong> y urgen garantizar el acceso a informaci\u00f3n sobre las condiciones de detenci\u00f3n y el debido proceso para los afectados.<\/p>\n<\/div>\n<div class=\"sc-80531b6b-0 chRIGJ container-text text-embed\">\n<p>La demanda, que incluye a la hermana de uno de los detenidos, fue interpuesta por la Uni\u00f3n Estadounidense por las Libertades Civiles (ACLU, en ingl\u00e9s) y el Centro para los Derechos Constitucionales, entre otros grupos, informaron este mi\u00e9rcoles las organizaciones.<\/p>\n<\/div>\n<div class=\"sc-80531b6b-0 chRIGJ container-text text-embed\">\n<p>La querella menciona a<strong> Eucaris Carolina G\u00f3mez Lugo<\/strong>, quien se enter\u00f3 de la detenci\u00f3n de su hermano tras ver una fotograf\u00eda publicada por el Gobierno estadounidense.<\/p>\n<\/div>\n<div class=\"sc-80531b6b-0 chRIGJ container-text text-embed\">\n<p>Las autoridades<strong> alegan que algunos de los detenidos son miembros de la organizaci\u00f3n transnacional de Tren de Aragua<\/strong>, pero parientes de los venezolanos lo han desmentido.<\/p>\n<\/div>\n<div class=\"sc-80531b6b-0 chRIGJ container-text text-embed\">\n<p>EE.UU. ha enviado a <strong>al menos un centenar de migrantes a Guant\u00e1namo y todos ellos son venezolanos<\/strong>, seg\u00fan CBS News.<\/p>\n<\/div>\n<div class=\"sc-80531b6b-0 chRIGJ container-text text-embed\">\n<p>El Gobierno no ha detallado sobre la identidad de estas personas, pero la secretaria de Seguridad Nacional, Kristi Noem, ha dicho que son miembros del Tren de Aragua.<\/p>\n<\/div>\n<div class=\"sc-198be8ec-0 cynXbu image-embed  image-embed \"><picture class=\"sc-198be8ec-1 kOjRiQ\"><source media=\"(min-width: 975px)\" width=\"720\" height=\"480\" \/><img alt=\"El primer avi\u00f3n militar estadounidense que transporta a inmigrantes detenidos a un centro de detenci\u00f3n en la Bah\u00eda de Guant\u00e1namo. Foto Reuters\" loading=\"lazy\" width=\"720\" height=\"480\" decoding=\"async\" data-nimg=\"1\" style=\"color:transparent\" src=\"https:\/\/13.com.ar\/wp-content\/uploads\/2025\/02\/familiares-de-venezolanos-enviados-a-Guantanamo-demandan-al-gobierno-de.jpg\"\/><span class=\"epigraphe\">El primer avi\u00f3n militar estadounidense que transporta a inmigrantes detenidos a un centro de detenci\u00f3n en la Bah\u00eda de Guant\u00e1namo. Foto Reuters<\/span><span class=\"bkg\"\/><span class=\"picture-open\"><button class=\"open-image\" aria-label=\"Open Image\"\/><\/span><\/picture><\/div>\n<div class=\"sc-80531b6b-0 chRIGJ container-text text-embed\">\n<p>EFE convers\u00f3 con los familiares de tres migrantes que aseguran fueron enviados a Guant\u00e1namo -dos de ellos incluidos en la demanda- que defienden la inocencia de estos hombres y aseguran no han podido comunicarse con ellos desde hace ya varios d\u00edas.<\/p>\n<\/div>\n<p><h2>Sin garant\u00edas legales<\/h2>\n<\/p>\n<div class=\"sc-80531b6b-0 chRIGJ container-text text-embed\">\n<p>Estos migrantes no fueron arrestados en las calles, <strong>sino que ya estaban bajo custodia en un centro de detenci\u00f3n en Texas<\/strong>, algunos desde hace m\u00e1s de cinco meses, contradiciendo la versi\u00f3n del Gobierno que se\u00f1ala que los &#8220;sacaron&#8221; de las calles de EE.UU.<\/p>\n<\/div>\n<div class=\"sc-80531b6b-0 chRIGJ container-text text-embed\">\n<p>EFE no encontr\u00f3 antecedentes penales en EE.UU. que vincularan a ninguno de los tres hombres con la banda Tren de Aragua.<\/p>\n<\/div>\n<div class=\"sc-80531b6b-0 chRIGJ container-text text-embed\">\n<p>El Departamento de Seguridad Nacional (DHS, en ingl\u00e9s) solo confirm\u00f3 el env\u00edo de uno de ellos a Guant\u00e1namo y no coment\u00f3 sobre los otros dos casos. Confirm\u00f3 que Luis Alberto Castillo, de 30 a\u00f1os, fue enviado a la base naval. Su hermana, Yajaira Castillo, <strong>dice que la situaci\u00f3n del joven venezolano es injusta.<\/strong><\/p>\n<\/div>\n<div class=\"sc-80531b6b-0 chRIGJ container-text text-embed\">\n<p>Seg\u00fan los abogados de derechos civiles,<strong> la administraci\u00f3n Trump no ha proporcionado detalles sobre los inmigrantes detenidos en Guant\u00e1nam<\/strong>o, como la duraci\u00f3n de su reclusi\u00f3n, el marco legal que justifica su detenci\u00f3n y las condiciones en las que permanecen.<\/p>\n<\/div>\n<div class=\"sc-198be8ec-0 cynXbu image-embed  image-embed \"><picture class=\"sc-198be8ec-1 kOjRiQ\"><source media=\"(min-width: 975px)\" width=\"720\" height=\"480\" \/><img alt=\"Un soldado estadounidense dentro del centro de detenci\u00f3n Camp VI en la base naval estadounidense de la Bah\u00eda de Guant\u00e1namo en Cuba. Foto AP\" loading=\"lazy\" width=\"720\" height=\"480\" decoding=\"async\" data-nimg=\"1\" style=\"color:transparent\" src=\"https:\/\/13.com.ar\/wp-content\/uploads\/2025\/02\/Mi-hermano-no-es-un-criminal.jpg\"\/><span class=\"epigraphe\">Un soldado estadounidense dentro del centro de detenci\u00f3n Camp VI en la base naval estadounidense de la Bah\u00eda de Guant\u00e1namo en Cuba. Foto AP<\/span><span class=\"bkg\"\/><span class=\"picture-open\"><button class=\"open-image\" aria-label=\"Open Image\"\/><\/span><\/picture><\/div>\n<div class=\"sc-80531b6b-0 chRIGJ container-text text-embed\">\n<p>El Gobierno Trump ha manifestado su intenci\u00f3n de trasladar a decenas de miles de inmigrantes a Guant\u00e1namo.<\/p>\n<\/div>\n<div class=\"sc-80531b6b-0 chRIGJ container-text text-embed\">\n<p>Sin embargo, los demandantes advierten que esta pr\u00e1ctica podr\u00eda <strong>sentar un precedente peligroso <\/strong>al permitir que el Gobierno a\u00edsle a personas en instalaciones remotas sin garant\u00edas legales.<\/p>\n<\/div>\n<div class=\"sc-80531b6b-0 chRIGJ container-text text-embed\">\n<p>&#8220;La detenci\u00f3n de inmigrantes en Guant\u00e1namo sin acceso a abogados o protecciones b\u00e1sicas es una grave violaci\u00f3n de sus derechos y un abuso alarmante del poder gubernamental&#8221;, se\u00f1al\u00f3 en un comunicado Rebecca Lightsey, codirectora de American Gateways.<\/p>\n<\/div>\n<div class=\"sc-80531b6b-0 chRIGJ container-text text-embed\">\n<p>&#8220;Al enviar inmigrantes a una isla remota, aisl\u00e1ndolos de abogados y familiares, <strong>el gobierno est\u00e1 demostrando su desprecio por el Estado de derecho<\/strong>&#8220;, afirm\u00f3 Lee Gelernt, del Proyecto de Derechos de los Inmigrantes de la ACLU.<\/p>\n<\/div>\n<div class=\"sc-80531b6b-0 chRIGJ container-text text-embed\">\n<p>La demanda se\u00f1ala que Guant\u00e1namo alberga una de las prisiones m\u00e1s notorias del mundo, utilizada cuando el Gobierno de EE.UU. ha intentado operar en secreto y <strong>sin rendici\u00f3n de cuentas.<\/strong><\/p>\n<\/div>\n<div class=\"sc-80531b6b-0 chRIGJ container-text text-embed\">\n<p>En la demanda tambi\u00e9n participan el Proyecto Internacional de Asistencia para Refugiados (IRAP) y la ACLU del Distrito de Columbia. Los demandantes incluyen las organizaciones de asistencia legal Las Americas Immigrant Advocacy Center, RAICES, American Gateways y Americans for Immigrant Justice.<\/p>\n<\/div>\n<\/div>\n<p><br \/>\n<br \/><a href=\"https:\/\/www.clarin.com\/mundo\/inmigracion-deportaciones-estados-unidos-familiares-venezolanos-enviados-guantanamo-demandan-gobierno-donald-trump_0_cJ42EBU5Tc.html\">Fuente Clarin.com <\/a><\/p>\n","protected":false},"excerpt":{"rendered":"<p>Un grupo de organizaciones que representa a familiares de tres migrantes venezolanos enviados a la base naval de Guant\u00e1namo, en Cuba, presentaron una demanda contra la Administraci\u00f3n Trump en la que piden acceso a los detenidos. Las organizaciones humanitarias denuncian que estos inmigrantes est\u00e1n incomunicados y urgen garantizar el acceso a informaci\u00f3n sobre las condiciones [&hellip;]<\/p>\n","protected":false},"author":1,"featured_media":4367,"comment_status":"open","ping_status":"open","sticky":false,"template":"","format":"standard","meta":{"footnotes":""},"categories":[2],"tags":[6407,178,3407,929,71,1277,179,5852],"class_list":["post-4366","post","type-post","status-publish","format-standard","has-post-thumbnail","hentry","category-ultimas-noticias","tag-demandan","tag-donald","tag-enviados","tag-familiares","tag-gobierno","tag-guantanamo","tag-trump","tag-venezolanos"],"_links":{"self":[{"href":"https:\/\/13.com.ar\/index.php\/wp-json\/wp\/v2\/posts\/4366","targetHints":{"allow":["GET"]}}],"collection":[{"href":"https:\/\/13.com.ar\/index.php\/wp-json\/wp\/v2\/posts"}],"about":[{"href":"https:\/\/13.com.ar\/index.php\/wp-json\/wp\/v2\/types\/post"}],"author":[{"embeddable":true,"href":"https:\/\/13.com.ar\/index.php\/wp-json\/wp\/v2\/users\/1"}],"replies":[{"embeddable":true,"href":"https:\/\/13.com.ar\/index.php\/wp-json\/wp\/v2\/comments?post=4366"}],"version-history":[{"count":0,"href":"https:\/\/13.com.ar\/index.php\/wp-json\/wp\/v2\/posts\/4366\/revisions"}],"wp:featuredmedia":[{"embeddable":true,"href":"https:\/\/13.com.ar\/index.php\/wp-json\/wp\/v2\/media\/4367"}],"wp:attachment":[{"href":"https:\/\/13.com.ar\/index.php\/wp-json\/wp\/v2\/media?parent=4366"}],"wp:term":[{"taxonomy":"category","embeddable":true,"href":"https:\/\/13.com.ar\/index.php\/wp-json\/wp\/v2\/categories?post=4366"},{"taxonomy":"post_tag","embeddable":true,"href":"https:\/\/13.com.ar\/index.php\/wp-json\/wp\/v2\/tags?post=4366"}],"curies":[{"name":"wp","href":"https:\/\/api.w.org\/{rel}","templated":true}]}}