{"id":43503,"date":"2025-07-19T01:01:58","date_gmt":"2025-07-19T04:01:58","guid":{"rendered":"https:\/\/13.com.ar\/index.php\/el-desgarrador-posteo-del-papa-de-kim-gomez-al-retirar-el-auto-donde-la-mataron\/"},"modified":"2025-07-19T01:01:58","modified_gmt":"2025-07-19T04:01:58","slug":"el-desgarrador-posteo-del-papa-de-kim-gomez-al-retirar-el-auto-donde-la-mataron","status":"publish","type":"post","link":"https:\/\/13.com.ar\/index.php\/el-desgarrador-posteo-del-papa-de-kim-gomez-al-retirar-el-auto-donde-la-mataron\/","title":{"rendered":"el desgarrador posteo del pap\u00e1 de Kim G\u00f3mez al retirar el auto donde la mataron"},"content":{"rendered":"<p> <br \/>\n<br \/><img decoding=\"async\" src=\"https:\/\/13.com.ar\/wp-content\/uploads\/2025\/07\/el-desgarrador-posteo-del-papa-de-Kim-Gomez-al-retirar.jpg\" \/><\/p>\n<div id=\"element-body-0\">\n<p>A poco de cumplirse cinco meses del crimen de Kim G\u00f3mez, la nena de 7 a\u00f1os asesinada por dos ladrones de 14 y 17 a\u00f1os en La Plata, <strong>su pap\u00e1 fue con profundo dolor a retirar el veh\u00edculo en el que la arrastraron y subi\u00f3 un sentido posteo<\/strong> en su Instagram.<\/p>\n<\/div>\n<div id=\"element-body-1\">\n<p>&#8220;Levantarse todos los d\u00edas es dif\u00edcil pero hay d\u00edas particulares donde hay que ir pasando cosas viviendo momentos muy duros&#8221;, comenz\u00f3 la publicaci\u00f3n de Marcos G\u00f3mez este viernes. La acompa\u00f1\u00f3 con una imagen que resume el impacto del momento: <strong>su mano sostiene una botellita negra con la cara de Mickey<\/strong>, mientras que de fondo se ve el Fiat Palio rojo, visiblemente golpeado, donde ocurri\u00f3 el crimen.<\/p>\n<\/div>\n<div id=\"element-body-2\">\n<p>&#8220;<strong>Hoy me anim\u00e9 a retirar ese auto que tanto me cost\u00f3<\/strong> en su momento y hoy ya no me importa. Ese auto rojo que se supon\u00eda iba a darles comodidad seguridad para no andar en la calle caminando o en micro para llegar del colegio a sus actividades&#8221;, relat\u00f3 el pap\u00e1 al recordar la fat\u00eddica noche del 26 de febrero pasado. Y agreg\u00f3, en un mensaje cargado de impotencia: &#8220;A veces me pierdo en el aire pensando por qu\u00e9 te abri\u00f3 la puerta ese pibe y no te dejaron bajar. <strong>Quisiera saber qu\u00e9 pas\u00f3 en ese asiento<\/strong>, aunque estoy seguro de que peleaste, porque vos s\u00ed eras valiente&#8221;.<\/p>\n<\/div>\n<div id=\"element-body-3\">\n<p>El pap\u00e1 de Kim tambi\u00e9n record\u00f3 uno de esos peque\u00f1os gestos que adquieren un enorme significado: \u201c<strong>Hoy abr\u00ed el auto y me encontr\u00e9 con la botellita que me pediste<\/strong>. Como siempre, papi cumpl\u00eda. <strong>Todav\u00eda tiene tu agua, tus stickers\u2026 y ahora mis l\u00e1grimas<\/strong>\u201d.<\/p>\n<\/div>\n<div id=\"element-body-5\">\n<p>Y cerr\u00f3 con una promesa: &#8220;<strong>No hay ning\u00fan sentido a tanto sufrimiento<\/strong>. No lo merec\u00edas ni nosotros tu familia. Te pido de tu luz para seguir peleando quiero ser valiente como vos. Nunca me dejes, yo no lo voy hacer. Te amo Kim&#8221;.<\/p>\n<\/div>\n<div id=\"element-body-7\">\n<p>Esta semana, la C\u00e1mara de Casaci\u00f3n Bonaerense defini\u00f3 que <strong>el chico de 14 a\u00f1os acusado de participar en el crimen continuar\u00e1 alojado en instituto de menores<\/strong>. Fue luego de rechazar el planteo presentado por la defensa del acusado, donde alegaba que la privaci\u00f3n de su libertad era inconstitucional.<\/p>\n<\/div>\n<div id=\"element-body-8\">\n<p>A principios de este mes, la fiscal Carmen Ibarra, titular de la UFI N\u00b03 de Menores, pidi\u00f3 la elevaci\u00f3n a juicio oral para el otro imputado, de 17 a\u00f1os. La decisi\u00f3n de avanzar a la instancia de debate oral y p\u00fablico qued\u00f3 en manos de la jueza Mar\u00eda Jos\u00e9 Lescano.<\/p>\n<\/div>\n<div id=\"element-body-11\">\n<p>Kim G\u00f3mez ten\u00eda 7 a\u00f1os. <strong>Era una nena alegre y activa que realizaba actividades f\u00edsicas en un club cercano a su casa<\/strong>. Sol\u00eda ir con su familia para ver a su hermano de 10 jugar al f\u00fatbol en el Club Real Infantil, donde disfrutaba compartir momentos con sus seres queridos. <\/p>\n<\/div>\n<div id=\"element-body-12\">\n<p>Su pap\u00e1 la describi\u00f3 siempre como una ni\u00f1a responsable, ordenada y muy sociable. Ten\u00eda muchos amigos y siempre mostraba una actitud amable y solidaria con quienes la rodeaban. &#8220;Era la hija perfecta&#8221;, resumi\u00f3.<\/p>\n<\/div>\n<div id=\"element-body-13\">\n<p>La hab\u00edan anotado en clases de gimnasia no solo para que realizara actividad f\u00edsica, sino tambi\u00e9n para que pudiera relacionarse con otras personas en un entorno distinto.<\/p>\n<\/div>\n<div id=\"element-body-14\">\n<div class=\"sc-c2c2a3c6-1 kQhBlc videoText videoText\">\n<h2>Video<\/h2>\n<p>El dram\u00e1tico momento en que la mam\u00e1 de Kim G\u00f3mez corr\u00eda el auto donde iba su hija. <\/p>\n<\/div>\n<\/div>\n<div id=\"element-body-15\">\n<p><strong>El martes 26 de febrero, su mam\u00e1 la llev\u00f3 a la clase de gimnasia r\u00edtmica<\/strong>. Al salir, pasadas las 20, se detuvieron con el Fiat Palio en la esquina de 25 y 72, en el barrio Altos de San Lorenzo, de La Plata, por el sem\u00e1foro en rojo. En ese momento, <strong>dos ladrones de 14 y 17 a\u00f1os bajaron del auto por la fuerza a Florencia Barboza.<\/strong><\/p>\n<\/div>\n<div id=\"element-body-16\">\n<p>Escaparon con el auto y en 22 y 72<strong> intentaron arrojar por la ventanilla a su hija, Kim<\/strong>, pero qued\u00f3 enganchada por el cintur\u00f3n de seguridad y los asesinos la arrastraron durante 15 cuadras hasta que perdieron el control. Fue una muerte horrorosa.<\/p>\n<\/div>\n<div id=\"element-body-17\">\n<div class=\"sc-c2c2a3c6-1 kQhBlc videoText videoText\">\n<h2>Video<\/h2>\n<p>As\u00ed escapaban los ladrones que mataron a una nena de 7 a\u00f1os<\/p>\n<\/div>\n<\/div>\n<p><br \/>\n<br \/><a href=\"https:\/\/www.clarin.com\/policiales\/todavia-agua-stickers-ahora-lagrimas-desgarrador-posteo-papa-kim-gomez-retirar-auto-mataron_0_YFpIj7zXdN.html\">Fuente Clarin.com <\/a><\/p>\n","protected":false},"excerpt":{"rendered":"<p>A poco de cumplirse cinco meses del crimen de Kim G\u00f3mez, la nena de 7 a\u00f1os asesinada por dos ladrones de 14 y 17 a\u00f1os en La Plata, su pap\u00e1 fue con profundo dolor a retirar el veh\u00edculo en el que la arrastraron y subi\u00f3 un sentido posteo en su Instagram. &#8220;Levantarse todos los d\u00edas [&hellip;]<\/p>\n","protected":false},"author":1,"featured_media":43504,"comment_status":"open","ping_status":"open","sticky":false,"template":"","format":"standard","meta":{"footnotes":""},"categories":[2],"tags":[430,100,1646,743,9018,7223,1589,2919,1838,4070],"class_list":["post-43503","post","type-post","status-publish","format-standard","has-post-thumbnail","hentry","category-ultimas-noticias","tag-auto","tag-del","tag-desgarrador","tag-donde","tag-gomez","tag-kim","tag-mataron","tag-papa","tag-posteo","tag-retirar"],"_links":{"self":[{"href":"https:\/\/13.com.ar\/index.php\/wp-json\/wp\/v2\/posts\/43503","targetHints":{"allow":["GET"]}}],"collection":[{"href":"https:\/\/13.com.ar\/index.php\/wp-json\/wp\/v2\/posts"}],"about":[{"href":"https:\/\/13.com.ar\/index.php\/wp-json\/wp\/v2\/types\/post"}],"author":[{"embeddable":true,"href":"https:\/\/13.com.ar\/index.php\/wp-json\/wp\/v2\/users\/1"}],"replies":[{"embeddable":true,"href":"https:\/\/13.com.ar\/index.php\/wp-json\/wp\/v2\/comments?post=43503"}],"version-history":[{"count":0,"href":"https:\/\/13.com.ar\/index.php\/wp-json\/wp\/v2\/posts\/43503\/revisions"}],"wp:featuredmedia":[{"embeddable":true,"href":"https:\/\/13.com.ar\/index.php\/wp-json\/wp\/v2\/media\/43504"}],"wp:attachment":[{"href":"https:\/\/13.com.ar\/index.php\/wp-json\/wp\/v2\/media?parent=43503"}],"wp:term":[{"taxonomy":"category","embeddable":true,"href":"https:\/\/13.com.ar\/index.php\/wp-json\/wp\/v2\/categories?post=43503"},{"taxonomy":"post_tag","embeddable":true,"href":"https:\/\/13.com.ar\/index.php\/wp-json\/wp\/v2\/tags?post=43503"}],"curies":[{"name":"wp","href":"https:\/\/api.w.org\/{rel}","templated":true}]}}