{"id":43499,"date":"2025-07-19T00:16:58","date_gmt":"2025-07-19T03:16:58","guid":{"rendered":"https:\/\/13.com.ar\/index.php\/los-jubilados-seguimos-esperando-con-resignacion-y-esperanza\/"},"modified":"2025-07-19T00:16:58","modified_gmt":"2025-07-19T03:16:58","slug":"los-jubilados-seguimos-esperando-con-resignacion-y-esperanza","status":"publish","type":"post","link":"https:\/\/13.com.ar\/index.php\/los-jubilados-seguimos-esperando-con-resignacion-y-esperanza\/","title":{"rendered":"\u201cLos jubilados seguimos esperando con resignaci\u00f3n y esperanza\u201d"},"content":{"rendered":"<p> <br \/>\n<br \/><img decoding=\"async\" src=\"https:\/\/13.com.ar\/wp-content\/uploads\/2025\/07\/Los-jubilados-seguimos-esperando-con-resignacion-y-esperanza.jpg\" \/><\/p>\n<div id=\"cuerpo\">\n<div class=\"sc-45461e9c-0 eqiBeF container-text text-embed \" id=\"element-body-0\">\n<p>\u201c\u00a1Viva la Libertad, carajo!\u201d, es el apotegma de Milei al que demuestra aferrarse la ANSeS al tomarse unilateral e ilegalmente la libertad de eludir el cumplimiento de los fallos judiciales en favor de los beneficiarios previsionales que est\u00e1n a la espera del cobro de los retroactivos adeudados de acuerdo a las sentencias que les son favorables, as\u00ed como del pago mensual de sus haberes con las actualizaciones.<\/p>\n<\/div>\n<div class=\"sc-45461e9c-0 eqiBeF container-text text-embed \" id=\"element-body-1\">\n<p>El Presidente no puede ignorar que su preg\u00f3n \u201cel que las hace las paga\u201d no es cumplido por un organismo sobre el que recae la responsabilidad de su Gobierno, por lo que deber\u00eda actuar en consecuencia, a menos que considere que sus funcionarios tienen la \u201clibertad\u201d de decidir en qu\u00e9 casos \u201cdeben pagar por lo que hacen\u201d y que las sentencias judiciales quedan sin cumplimiento porque no son de ejecuci\u00f3n prioritaria. <\/p>\n<\/div>\n<div class=\"sc-45461e9c-0 eqiBeF container-text text-embed \" id=\"element-body-2\">\n<p>A mediados de 2024 Mariano De Los Heros, siendo director ejecutivo de la ANSeS, anunci\u00f3 el plan del gobierno de Javier Milei para acelerar el pago de los juicios por reajuste de haberes con el objetivo de solucionar una deuda hist\u00f3rica, modificando el proceso de liquidaci\u00f3n de las sentencias judiciales firmes, de modo de beneficiar r\u00e1pidamente a los miles de jubilados que fueron perjudicados por el incumplimiento de sus obligaciones por parte del organismo, afirmando que el proceso de ajuste ser\u00eda autom\u00e1tico. Ya pas\u00f3 un a\u00f1o y los jubilados siguen aguardando una respuesta , con resignaci\u00f3n y esperanza.<\/p>\n<\/div>\n<div class=\"sc-45461e9c-0 eqiBeF container-text text-embed \" id=\"element-body-3\">\n<p><strong>Oscar Edgardo Garc\u00eda<\/strong> \/ osedgar@yahoo.com<\/p>\n<\/div>\n<p><h2>Voces, reclamos y esperas de jubilados<\/h2>\n<\/p>\n<div class=\"sc-45461e9c-0 eqiBeF container-text text-embed \" id=\"element-body-6\">\n<p>Somos millones los que votamos a LLA porque necesit\u00e1bamos un cambio econ\u00f3mico y moral. Quienes hoy se arrogan el t\u00edtulo de paladines de la Justicia Social destruyeron la econom\u00eda y todo lo que encontraron a su paso. Generaron una pobreza vergonzante y ahora ponen palos en la rueda y buscan que el Gobierno caiga porque con este modelo econ\u00f3mico, el kirchnerismo desaparecer\u00eda.<\/p>\n<\/div>\n<div class=\"sc-45461e9c-0 eqiBeF container-text text-embed \" id=\"element-body-7\">\n<p>Axel Kicillof y Cristina Kirchner, \u00bfpensaron en los jubilados y discapacitados a la hora de expropiar YPF y endeudarnos en m\u00e1s de 17 mil millones de d\u00f3lares?<\/p>\n<\/div>\n<div class=\"sc-45461e9c-0 eqiBeF container-text text-embed \" id=\"element-body-8\">\n<p>Los mayores celebramos los logros econ\u00f3micos de este Gobierno aunque no aprobamos los modos. Elegimos seguir acompa\u00f1ando a pesar de los sacrificios porque queremos dejar un pa\u00eds mejor para nuestros hijos y nietos. Los senadores, a la hora de votar por aumentos en jubilaciones y en discapacidad \u00bfpensaron de d\u00f3nde saldr\u00eda el dinero? \u00bfPensar\u00e1n financiarlo ellos mismos haciendo recortes en sus gastos o donando sus sueldos? Y los argentinos de bien \u00a1no queremos volver a ese pasado! Pero necesitamos que el Presidente nos escuche. Los mayores sabemos qu\u00e9 es lo mejor para el pa\u00eds.<\/p>\n<\/div>\n<div class=\"sc-45461e9c-0 eqiBeF container-text text-embed \" id=\"element-body-9\">\n<p>Ser\u00eda una pena desperdiciar todo el m\u00e9rito y el excelente logro en materia econ\u00f3mica que ha conseguido este gobierno.<\/p>\n<\/div>\n<div class=\"sc-45461e9c-0 eqiBeF container-text text-embed \" id=\"element-body-10\">\n<p><strong>Mercedes Moreno Klappenbach \/ <\/strong>mechimorenok@gmail.com<\/p>\n<\/div>\n<div class=\"sc-45461e9c-0 eqiBeF container-text text-embed \" id=\"element-body-12\">\n<p>La historia oficial: LLA ajust\u00f3 las jubilaciones en marzo de 2024 el 27,18%, usando la f\u00f3rmula K para el trimestre octubre-diciembre de 2023 que tuvo una inflaci\u00f3n del \u00a153,31%! Conclusi\u00f3n: perdimos el 50%. A partir de 2024 las ajustaron por el IPC, salvo enero que dieron un 12,5 del 20,6% manteniendo adem\u00e1s congelado el bono de $ 70.000, que a junio de este a\u00f1o vale una tercera parte del original. <\/p>\n<\/div>\n<div class=\"sc-45461e9c-0 eqiBeF container-text text-embed \" id=\"element-body-13\">\n<p>El Congreso acaba de aprobar por segunda vez la ley para pagar la diferencia de enero y la actualizaci\u00f3n del bono y el presidente ya adelant\u00f3 que la vetar\u00e1 para mantener el equilibrio fiscal. Evita explicar que en 18 meses ha sido incapaz de mejorar los ingresos tributarios del Estado por carecer de planes para desarrollar las fuerzas productivas, campo o industria, el comercio y el trabajo. Nivelar las cuentas o tener a junio el 39,4% de inflaci\u00f3n anual (Indec) lo hizo recortando jubilaciones, coparticipaci\u00f3n a las provincias, educaci\u00f3n, obras de infraestructura necesarias y pidiendo pr\u00e9stamos al FMI o acreedores privados.<\/p>\n<\/div>\n<div class=\"sc-45461e9c-0 eqiBeF container-text text-embed \" id=\"element-body-14\">\n<p>Seg\u00fan los n\u00fameros oficiales en la Web del Ministerio de Econom\u00eda, LLA aument\u00f3 la deuda bruta de la administraci\u00f3n central de USD 383.361 millones en diciembre de 2023 a USD 486.107 millones en marzo de 2025.  Mientras los jubilados, el vag\u00f3n de cola de la sociedad argentina, seguimos sufriendo la injuria del Estado.  Lo peor es una cuesti\u00f3n moral, Milei en sus dichos reconoce  como una causa noble nuestros reclamos.  Pero aun sabiendo que un presidente debe luchar por las causas nobles declina defender esos derechos, trabajar para corregir las injusticias y promover el bien com\u00fan.<\/p>\n<\/div>\n<div class=\"sc-45461e9c-0 eqiBeF container-text text-embed \" id=\"element-body-15\">\n<p><strong>Mat\u00edas An\u00edbal Rossi \/ <\/strong>matiasrossi2014@gmail.com<\/p>\n<\/div>\n<div class=\"sc-45461e9c-0 eqiBeF container-text text-embed \" id=\"element-body-17\">\n<p>Con relaci\u00f3n a los US$ 540 millones que se obtengan del proceso de ejecuci\u00f3n de bienes por la causa Vialidad a Cristina Kirchner, L\u00e1zaro B\u00e1ez -y los otros condenados- propongo que se destinen a mejorar las jubilaciones. Son centenares de propiedades, sociedades, estancias, hoteles, departamentos en Puerto Madero, autos, aviones, y millones de d\u00f3lares en efectivo.<\/p>\n<\/div>\n<div class=\"sc-45461e9c-0 eqiBeF container-text text-embed \" id=\"element-body-18\">\n<p>Simb\u00f3licamente, ser\u00eda un acto de justicia que los kirchneristas, que con medidas demag\u00f3gicas arruinaron las finanzas de la ANSeS, destinen el producido del monumental saqueo para contribuir a mejorar la situaci\u00f3n de los sufridos jubilados.<\/p>\n<\/div>\n<div class=\"sc-45461e9c-0 eqiBeF container-text text-embed \" id=\"element-body-19\">\n<p><strong>Ricardo E. Fr\u00edas \/ <\/strong>ricardoefrias@gmail.com<\/p>\n<\/div>\n<div class=\"sc-45461e9c-0 eqiBeF container-text text-embed \" id=\"element-body-21\">\n<p>La ca\u00f3tica situaci\u00f3n de la clase pasiva, ha generado que parte de la misma se reinserte laboralmente. Los que estamos en esa posici\u00f3n, somos una etnia distinta a aquellos que hace d\u00e9cadas viv\u00edan dignamente como jubilados. La barbarie gobernante, peronista, kirchnerista, radical, socialista, macrista, menemista, liberal, etc., han condenado al pueblo y a quienes hab\u00edan cumplido con su deber laboral, a tener que retomar la responsabilidad de generarse una vida m\u00e1s digna.<\/p>\n<\/div>\n<div class=\"sc-45461e9c-0 eqiBeF container-text text-embed \" id=\"element-body-22\">\n<p>Tambi\u00e9n nos ha perjudicado lo acontecido durante los gobiernos K, que en esos per\u00edodos ingresaron sin los aportes ni a\u00f1os cumplidos, casi el 30% de los jubilados actuales, sin hacerse cargo de esa fiesta vivida ni de la corrupci\u00f3n.<\/p>\n<\/div>\n<div class=\"sc-45461e9c-0 eqiBeF container-text text-embed \" id=\"element-body-23\">\n<p>Hoy,  3 de cada 10 jubilados aproximadamente est\u00e1n en actividad nuevamente. En los \u00faltimos 20 a\u00f1os esta modalidad se increment\u00f3 en un 40% aproximadamente, ante un haber m\u00ednimo que est\u00e1, 3,5 veces por debajo de la canasta b\u00e1sica. Para muchos de nosotros con casi 50 a\u00f1os de aporte y una edad de entre 70 y 80 a\u00f1os, de nada sirven para vivir dignamente.<\/p>\n<\/div>\n<div class=\"sc-45461e9c-0 eqiBeF container-text text-embed \" id=\"element-body-24\">\n<p>Hoy nos vemos obligados a buscar una fuente de ingresos, muchos con problemas de salud.<\/p>\n<\/div>\n<div class=\"sc-45461e9c-0 eqiBeF container-text text-embed \" id=\"element-body-25\">\n<p><strong>Rodolfo Castello \/ <\/strong>ccastello@hotmail.com<\/p>\n<\/div>\n<\/div>\n<p><br \/>\n<br \/><a href=\"https:\/\/www.clarin.com\/cartas-al-pais\/jubilados-seguimos-esperando-resignacion-esperanza_0_N29EKRR50A.html\">Fuente Clarin.com <\/a><\/p>\n","protected":false},"excerpt":{"rendered":"<p>\u201c\u00a1Viva la Libertad, carajo!\u201d, es el apotegma de Milei al que demuestra aferrarse la ANSeS al tomarse unilateral e ilegalmente la libertad de eludir el cumplimiento de los fallos judiciales en favor de los beneficiarios previsionales que est\u00e1n a la espera del cobro de los retroactivos adeudados de acuerdo a las sentencias que les son [&hellip;]<\/p>\n","protected":false},"author":1,"featured_media":43500,"comment_status":"open","ping_status":"open","sticky":false,"template":"","format":"standard","meta":{"footnotes":""},"categories":[2],"tags":[18,8081,467,2560,28,24116,7308],"class_list":["post-43499","post","type-post","status-publish","format-standard","has-post-thumbnail","hentry","category-ultimas-noticias","tag-con","tag-esperando","tag-esperanza","tag-jubilados","tag-los","tag-resignacion","tag-seguimos"],"_links":{"self":[{"href":"https:\/\/13.com.ar\/index.php\/wp-json\/wp\/v2\/posts\/43499","targetHints":{"allow":["GET"]}}],"collection":[{"href":"https:\/\/13.com.ar\/index.php\/wp-json\/wp\/v2\/posts"}],"about":[{"href":"https:\/\/13.com.ar\/index.php\/wp-json\/wp\/v2\/types\/post"}],"author":[{"embeddable":true,"href":"https:\/\/13.com.ar\/index.php\/wp-json\/wp\/v2\/users\/1"}],"replies":[{"embeddable":true,"href":"https:\/\/13.com.ar\/index.php\/wp-json\/wp\/v2\/comments?post=43499"}],"version-history":[{"count":0,"href":"https:\/\/13.com.ar\/index.php\/wp-json\/wp\/v2\/posts\/43499\/revisions"}],"wp:featuredmedia":[{"embeddable":true,"href":"https:\/\/13.com.ar\/index.php\/wp-json\/wp\/v2\/media\/43500"}],"wp:attachment":[{"href":"https:\/\/13.com.ar\/index.php\/wp-json\/wp\/v2\/media?parent=43499"}],"wp:term":[{"taxonomy":"category","embeddable":true,"href":"https:\/\/13.com.ar\/index.php\/wp-json\/wp\/v2\/categories?post=43499"},{"taxonomy":"post_tag","embeddable":true,"href":"https:\/\/13.com.ar\/index.php\/wp-json\/wp\/v2\/tags?post=43499"}],"curies":[{"name":"wp","href":"https:\/\/api.w.org\/{rel}","templated":true}]}}