{"id":43493,"date":"2025-07-18T23:25:56","date_gmt":"2025-07-19T02:25:56","guid":{"rendered":"https:\/\/13.com.ar\/index.php\/fue-mejor-de-lo-que-pensaba\/"},"modified":"2025-07-18T23:25:56","modified_gmt":"2025-07-19T02:25:56","slug":"fue-mejor-de-lo-que-pensaba","status":"publish","type":"post","link":"https:\/\/13.com.ar\/index.php\/fue-mejor-de-lo-que-pensaba\/","title":{"rendered":"Fue mejor de lo que pensaba"},"content":{"rendered":"<p> <br \/>\n<br \/><img decoding=\"async\" src=\"https:\/\/13.com.ar\/wp-content\/uploads\/2025\/07\/Fue-mejor-de-lo-que-pensaba.jpg\" \/><\/p>\n<div id=\"element-body-0\">\n<p><strong>Leandro Paredes<\/strong> volvi\u00f3 a jugar en <strong>Boca <\/strong>y le alcanz\u00f3 cerca de media hora para mostrar su jerarqu\u00eda como campe\u00f3n del mundo y futbolista de exportaci\u00f3n: el volante, que esper\u00f3 su oportunidad en el banco, termin\u00f3 siendo el revulsivo en un equipo que entreg\u00f3 una p\u00e1lida imagen ante Uni\u00f3n y fue clave al aportar el centro del c\u00f3rner que desemboc\u00f3 en el empate de <strong>Lautaro Di Lollo<\/strong>. Y, a pesar del 1-1 con gusto a poco, el de San Justo se fue m\u00e1s que conforme por su rendimiento.<\/p>\n<\/div>\n<div id=\"element-body-1\">\n<p>&#8220;Estoy mejorando despu\u00e9s de unas vacaciones largas y de entrenar poco con el plantel. <strong>Me siento mejor de lo que pensaba.<\/strong> Ojal\u00e1 pueda seguir mejorando para dar una mano&#8221;, afirm\u00f3 el ex Roma en di\u00e1logo con El Canal de Boca.<\/p>\n<\/div>\n<div id=\"element-body-2\">\n<p>Adem\u00e1s, explic\u00f3 por qu\u00e9 el entrenador de Xeneize, <strong>Miguel \u00c1ngel Russo<\/strong>, tom\u00f3 la decisi\u00f3n de llevarlo al banco de suplentes y darle minutos en cancha a pesar de las largas vacaciones y los pocos d\u00edas de entrenamiento con sus nuevos compa\u00f1eros. \u201cNo hizo falta hablar con Miguel. \u00c9l me vio en los entrenamientos, me sent\u00ed c\u00f3modo y cre\u00eda que aportar algo en esa cantidad de minutos&#8221;, detall\u00f3.<\/p>\n<\/div>\n<div id=\"element-body-3\">\n<p>Y se esperanz\u00f3: \u201cHay jugadores de buena calidad. Podemos jugar mucho mejor de lo que lo estamos haciendo. Tenemos que mejorar, queremos mejorar y lo vamos a hacer. Yo creo que son muy importantes los laterales. M\u00e1s cuando los equipos se cierran como Uni\u00f3n. Es importante para los mediocampistas y para los delanteros&#8221;.<\/p>\n<\/div>\n<div id=\"element-body-4\">\n<blockquote class=\"twitter-tweet\">\n<p lang=\"es\" dir=\"ltr\">\ud83d\udde3\ufe0fLeandro Paredes habl\u00f3 en exclusiva con <a rel=\"nofollow\" target=\"_blank\" href=\"https:\/\/twitter.com\/hashtag\/ElCanalDeBoca?src=hash&amp;ref_src=twsrc%5Etfw\">#ElCanalDeBoca<\/a> <\/p>\n<p>\ud83c\udf99\ufe0f <a rel=\"nofollow\" target=\"_blank\" href=\"https:\/\/twitter.com\/faafiperez?ref_src=twsrc%5Etfw\">@faafiperez<\/a> <a rel=\"nofollow\" target=\"_blank\" href=\"https:\/\/t.co\/Rtbr1B8nfu\">pic.twitter.com\/Rtbr1B8nfu<\/a><\/p>\n<p>\u2014 El Canal De Boca (@ElCanaldeBoca) <a rel=\"nofollow\" target=\"_blank\" href=\"https:\/\/twitter.com\/ElCanaldeBoca\/status\/1946384620808699993?ref_src=twsrc%5Etfw\">July 19, 2025<\/a><\/p><\/blockquote>\n<\/div>\n<div id=\"element-body-5\">\n<p>Por otro lado,<strong> revel\u00f3 cu\u00e1les fueron los sentimientos que afloraron luego de este sue\u00f1o cumplido<\/strong>. &#8220;Pasaron 11 a\u00f1os, feliz de volver. Feliz de volver a jugar con esta camiseta y en esta cancha. Lamentablemente, no pudimos conseguir el resultado que quer\u00edamos. Uno no se da cuenta de lo que est\u00e1 viviendo. Intento disfrutar mucho. Volver a Boca para m\u00ed es espectacular. <strong>Sent\u00ed el cari\u00f1o de muchos colegas como fueron los chicos de Uni\u00f3n.<\/strong> Que no solo sea Boca, sino el resto tambi\u00e9n lo disfruto&#8221;.<\/p>\n<\/div>\n<div id=\"element-body-6\">\n<p>Y cont\u00f3, en modo Juan Rom\u00e1n Riquelme: &#8220;Mi hija est\u00e1 contenta. Ten\u00eda mucha ilusi\u00f3n de verme jugar con la camiseta. Mi vieja y mi viejo ten\u00edan mucha ilusi\u00f3n de que vuelva a Argentina&#8221;.<\/p>\n<\/div>\n<p><script async src=\"\/\/platform.twitter.com\/widgets.js\" charset=\"utf-8\"><\/script><br \/>\n<br \/><br \/>\n<br \/><a href=\"https:\/\/www.clarin.com\/deportes\/leandro-paredes-satisfecho-vuelta-boca-pesar-empate-union-mejor-pensaba_0_NValxa3Ls2.html\">Fuente Clarin.com <\/a><\/p>\n","protected":false},"excerpt":{"rendered":"<p>Leandro Paredes volvi\u00f3 a jugar en Boca y le alcanz\u00f3 cerca de media hora para mostrar su jerarqu\u00eda como campe\u00f3n del mundo y futbolista de exportaci\u00f3n: el volante, que esper\u00f3 su oportunidad en el banco, termin\u00f3 siendo el revulsivo en un equipo que entreg\u00f3 una p\u00e1lida imagen ante Uni\u00f3n y fue clave al aportar el [&hellip;]<\/p>\n","protected":false},"author":1,"featured_media":43494,"comment_status":"open","ping_status":"open","sticky":false,"template":"","format":"standard","meta":{"footnotes":""},"categories":[2],"tags":[105,727,3343],"class_list":["post-43493","post","type-post","status-publish","format-standard","has-post-thumbnail","hentry","category-ultimas-noticias","tag-fue","tag-mejor","tag-pensaba"],"_links":{"self":[{"href":"https:\/\/13.com.ar\/index.php\/wp-json\/wp\/v2\/posts\/43493","targetHints":{"allow":["GET"]}}],"collection":[{"href":"https:\/\/13.com.ar\/index.php\/wp-json\/wp\/v2\/posts"}],"about":[{"href":"https:\/\/13.com.ar\/index.php\/wp-json\/wp\/v2\/types\/post"}],"author":[{"embeddable":true,"href":"https:\/\/13.com.ar\/index.php\/wp-json\/wp\/v2\/users\/1"}],"replies":[{"embeddable":true,"href":"https:\/\/13.com.ar\/index.php\/wp-json\/wp\/v2\/comments?post=43493"}],"version-history":[{"count":0,"href":"https:\/\/13.com.ar\/index.php\/wp-json\/wp\/v2\/posts\/43493\/revisions"}],"wp:featuredmedia":[{"embeddable":true,"href":"https:\/\/13.com.ar\/index.php\/wp-json\/wp\/v2\/media\/43494"}],"wp:attachment":[{"href":"https:\/\/13.com.ar\/index.php\/wp-json\/wp\/v2\/media?parent=43493"}],"wp:term":[{"taxonomy":"category","embeddable":true,"href":"https:\/\/13.com.ar\/index.php\/wp-json\/wp\/v2\/categories?post=43493"},{"taxonomy":"post_tag","embeddable":true,"href":"https:\/\/13.com.ar\/index.php\/wp-json\/wp\/v2\/tags?post=43493"}],"curies":[{"name":"wp","href":"https:\/\/api.w.org\/{rel}","templated":true}]}}