{"id":4323,"date":"2025-02-12T17:22:42","date_gmt":"2025-02-12T20:22:42","guid":{"rendered":"https:\/\/13.com.ar\/index.php\/conoce-la-forma-mas-facil-de-limpiar-el-filtro-del-aire-acondicionado\/"},"modified":"2025-02-12T17:22:42","modified_gmt":"2025-02-12T20:22:42","slug":"conoce-la-forma-mas-facil-de-limpiar-el-filtro-del-aire-acondicionado","status":"publish","type":"post","link":"https:\/\/13.com.ar\/index.php\/conoce-la-forma-mas-facil-de-limpiar-el-filtro-del-aire-acondicionado\/","title":{"rendered":"conoc\u00e9 la forma m\u00e1s f\u00e1cil de limpiar el filtro del aire acondicionado"},"content":{"rendered":"<p> <br \/>\n<br \/><img decoding=\"async\" src=\"https:\/\/13.com.ar\/wp-content\/uploads\/2025\/02\/conoce-la-forma-mas-facil-de-limpiar-el-filtro-del.jpg\" \/><\/p>\n<div>\n<p>El calor sigue marcando la temporada de <strong>verano <\/strong>y, con varios d\u00edas de <strong>temperaturas extremas<\/strong> en todo el pa\u00eds, el <strong>aire acondicionado<\/strong> sigue siendo el mejor aliado para mantenerse fresco. Sin embargo, con el uso constante, el rendimiento del equipo puede disminuir si no se realiza un <strong>mantenimiento adecuado<\/strong>.<\/p>\n<\/div>\n<div>\n<p>Uno de los problemas m\u00e1s comunes es la <strong>acumulaci\u00f3n de polvo<\/strong> en el <strong>filtro del aire acondicionado<\/strong>, lo que reduce la eficiencia, hace que consuma m\u00e1s energ\u00eda y, en algunos casos, genera olores desagradables. Para evitarlo, existe un <strong>truco simple<\/strong> y r\u00e1pido que permite limpiar el filtro en pocos minutos, sin necesidad de llamar a un t\u00e9cnico.<\/p>\n<\/div>\n<div>\n<p>Despu\u00e9s de varias semanas de <strong>calor intenso<\/strong>, es clave revisar el estado del <strong>aire acondicionado<\/strong> para asegurarse de que funcione bien hasta el final de la temporada. Segu\u00ed estos pasos para limpiarlo r\u00e1pido y sin complicaciones:<\/p>\n<\/div>\n<div>\n<p>Con este mantenimiento, el aire acondicionado recuperar\u00e1 su eficiencia, enfriar\u00e1 mejor y consumir\u00e1 menos energ\u00eda en lo que queda del verano.<\/p>\n<\/div>\n<div>\n<p>.Si limpi\u00e1s el <strong>filtro <\/strong>ahora, tu aire va a enfriar mejor y te va a hacer <strong>gastar menos luz<\/strong> en lo que queda del <strong>verano<\/strong>. Adem\u00e1s, te evit\u00e1s problemas cuando empiece a refrescar y lo uses menos. Si despu\u00e9s de hacer esto sigue sin andar bien, ah\u00ed s\u00ed es momento de llamar a un t\u00e9cnico.<\/p>\n<\/div>\n<div>\n<p>Adem\u00e1s de <strong>limpiar el filtro<\/strong> regularmente, hay otras medidas que pueden ayudar a que el equipo funcione mejor en los d\u00edas de calor.<\/p>\n<\/div>\n<div>\n<p>Hac\u00e9 un mantenimiento general antes del oto\u00f1o, para tambi\u00e9n tener listo el aire para las bajas temperaturas.<\/p>\n<\/div>\n<p><br \/>\n<br \/><a href=\"https:\/\/www.clarin.com\/informacion-general\/trucos-verano-conoce-forma-facil-limpiar-filtro-aire-acondicionado_0_Pmo91SVYjh.html\">Fuente Clarin.com <\/a><\/p>\n","protected":false},"excerpt":{"rendered":"<p>El calor sigue marcando la temporada de verano y, con varios d\u00edas de temperaturas extremas en todo el pa\u00eds, el aire acondicionado sigue siendo el mejor aliado para mantenerse fresco. Sin embargo, con el uso constante, el rendimiento del equipo puede disminuir si no se realiza un mantenimiento adecuado. Uno de los problemas m\u00e1s comunes [&hellip;]<\/p>\n","protected":false},"author":1,"featured_media":4324,"comment_status":"open","ping_status":"open","sticky":false,"template":"","format":"standard","meta":{"footnotes":""},"categories":[2],"tags":[3642,1395,2521,100,1891,226,1846,79,155],"class_list":["post-4323","post","type-post","status-publish","format-standard","has-post-thumbnail","hentry","category-ultimas-noticias","tag-acondicionado","tag-aire","tag-conoce","tag-del","tag-facil","tag-filtro","tag-forma","tag-limpiar","tag-mas"],"_links":{"self":[{"href":"https:\/\/13.com.ar\/index.php\/wp-json\/wp\/v2\/posts\/4323","targetHints":{"allow":["GET"]}}],"collection":[{"href":"https:\/\/13.com.ar\/index.php\/wp-json\/wp\/v2\/posts"}],"about":[{"href":"https:\/\/13.com.ar\/index.php\/wp-json\/wp\/v2\/types\/post"}],"author":[{"embeddable":true,"href":"https:\/\/13.com.ar\/index.php\/wp-json\/wp\/v2\/users\/1"}],"replies":[{"embeddable":true,"href":"https:\/\/13.com.ar\/index.php\/wp-json\/wp\/v2\/comments?post=4323"}],"version-history":[{"count":0,"href":"https:\/\/13.com.ar\/index.php\/wp-json\/wp\/v2\/posts\/4323\/revisions"}],"wp:featuredmedia":[{"embeddable":true,"href":"https:\/\/13.com.ar\/index.php\/wp-json\/wp\/v2\/media\/4324"}],"wp:attachment":[{"href":"https:\/\/13.com.ar\/index.php\/wp-json\/wp\/v2\/media?parent=4323"}],"wp:term":[{"taxonomy":"category","embeddable":true,"href":"https:\/\/13.com.ar\/index.php\/wp-json\/wp\/v2\/categories?post=4323"},{"taxonomy":"post_tag","embeddable":true,"href":"https:\/\/13.com.ar\/index.php\/wp-json\/wp\/v2\/tags?post=4323"}],"curies":[{"name":"wp","href":"https:\/\/api.w.org\/{rel}","templated":true}]}}