{"id":4319,"date":"2025-02-12T16:58:37","date_gmt":"2025-02-12T19:58:37","guid":{"rendered":"https:\/\/13.com.ar\/index.php\/revelan-el-numero-de-departamentos-afectados-y-repararlos-puede-durar-mas-de-dos-meses\/"},"modified":"2025-02-12T16:58:37","modified_gmt":"2025-02-12T19:58:37","slug":"revelan-el-numero-de-departamentos-afectados-y-repararlos-puede-durar-mas-de-dos-meses","status":"publish","type":"post","link":"https:\/\/13.com.ar\/index.php\/revelan-el-numero-de-departamentos-afectados-y-repararlos-puede-durar-mas-de-dos-meses\/","title":{"rendered":"revelan el n\u00famero de departamentos afectados y repararlos puede durar m\u00e1s de dos meses"},"content":{"rendered":"<p> <br \/>\n<\/p>\n<div id=\"cuerpo\">\n<div class=\"sc-80531b6b-0 chRIGJ container-text text-embed\">\n<p>A las 12.56 del martes los bomberos de la Ciudad recibieron un aviso de incendio y activaron el protocolo de intervenci\u00f3n; menos de doce horas despu\u00e9s, firmaron <strong>las actas de entrega de los 25 departamentos que fueron afectados por el fuego en la Torre Renoir II<\/strong> de <strong>Puerto Madero.<\/strong> As\u00ed, pasadas las 10 de la noche, las familias propietarias comenzaron a recuperar sus viviendas.<\/p>\n<\/div>\n<div class=\"sc-80531b6b-0 chRIGJ container-text text-embed\">\n<p>Muchos se encontraron con <strong>cocinas y \u00e1reas de servicio totalmente quemadas por acci\u00f3n del fuego<\/strong>; otros, con departamentos afectados no por el fuego directo, sino por el resultado abrasivo de las llamas. Y todos ellos,<strong> inundados por la intervenci\u00f3n de los bomberos.<\/strong><\/p>\n<\/div>\n<div class=\"sc-80531b6b-0 chRIGJ container-text text-embed\">\n<p>Con menor o mayor estrago, todos los departamentos ubicados <strong>entre los pisos 9 y 34 de una de las alas de la torre<\/strong> -son tres-, se vieron afectados.<\/p>\n<\/div>\n<div class=\"sc-80531b6b-0 chRIGJ container-text text-embed\">\n<p>Tal como se confirm\u00f3 el martes, el incendio se desat\u00f3 en un montante de servicio, destinado a los equipos de <strong>aire acondicionado de cada departamento.<\/strong> A\u00fan queda por determinar en qu\u00e9 piso se origin\u00f3. Los bomberos comenzaron su trabajo en el piso 11, pero por la disposici\u00f3n de las rejillas de ventilaci\u00f3n -ventilan hacia abajo y hacia arriba- pudo haberse iniciado en un piso m\u00e1s bajo o m\u00e1s alto, indistintamente. Esto inform\u00f3 a <strong>Clar\u00edn<\/strong> Diego Coria, jefe de bomberos de la Ciudad de Buenos Aires.<\/p>\n<\/div>\n<div class=\"sc-80531b6b-0 chRIGJ container-text text-embed\">\n<p>&#8220;Lo que se hizo fue recorrer el interior del edificio, piso por piso, con una c\u00e1mara t\u00e9rmica. Esto permiti\u00f3 a los bomberos identificar en que departamentos se estaba concentrando el calor. <strong>En algunos departamentos no hab\u00eda nadie, as\u00ed que hubo que violentar los accesos&#8221;<\/strong>, explic\u00f3.<\/p>\n<\/div>\n<div class=\"sc-ad4aedf2-0 dPPgNJ border-video video-embed horizontal border-video video-embed horizontal\">\n<div class=\"sc-ad4aedf2-1 hnFuni videoText videoText\">\n<h2>Video<\/h2>\n<p>C\u00f3mo qued\u00f3 por dentro el departamento incendiado en Puerto Madero<\/p>\n<\/div>\n<\/div>\n<div class=\"sc-80531b6b-0 chRIGJ container-text text-embed\">\n<p>Detall\u00f3 que las montantes estaban conectadas con las cocinas a trav\u00e9s de una puerta. En uno de los pisos altos, esa puerta estaba abierta y esto gener\u00f3 una<strong> importante propagaci\u00f3n.<\/strong><\/p>\n<\/div>\n<div class=\"sc-80531b6b-0 chRIGJ container-text text-embed\">\n<p>Coria cont\u00f3 que el regreso a los departamentos <strong>depender\u00e1 de cada propietario<\/strong>. &#8220;El fuego afect\u00f3 el sistema el\u00e9ctrico de esa ala de la torre. Ahora arranca un trabajo de estabilizaci\u00f3n de la red, para evitar que se generen cortos, y en el que intervienen electricistas matriculados. Hay que pensar que los departamentos no solo est\u00e1n afectados por el fuego, sino<strong> tambi\u00e9n por el agua&#8221;, <\/strong>aclar\u00f3 Coria.<\/p>\n<\/div>\n<div class=\"sc-80531b6b-0 chRIGJ container-text text-embed\">\n<p>Uno de los vecinos de ese ala de la torre es el periodista de TN y Radio Mitre Adri\u00e1n Ventura. Le cont\u00f3 a <strong>Clar\u00edn<\/strong> que <strong>ya pudo ingresar a su departamento, pero s\u00f3lo para ver c\u00f3mo qued\u00f3 afectado:<\/strong> &#8220;Si bien no fue alcanzado por el fuego, si lleg\u00f3 el efecto de las llamas. Parte de los revestimientos estan derretidos. La cocina, destruida. El living, en menor medida. Pero el departamento en general <strong>se encuentra inhabitable&#8221;.<\/strong><\/p>\n<\/div>\n<div class=\"sc-198be8ec-0 cynXbu image-embed  image-embed \"><picture class=\"sc-198be8ec-1 kOjRiQ\"><source media=\"(min-width: 975px)\" width=\"720\" height=\"480\" \/><img alt=\"IPor el incendio en la torre Renoir de Puerto Madero, 35 departamentos sufrieron da\u00f1os que demandar\u00e1n meses de reparaciones.  FOTO Francisco Loureiro \" loading=\"lazy\" width=\"720\" height=\"480\" decoding=\"async\" data-nimg=\"1\" style=\"color:transparent\" src=\"https:\/\/13.com.ar\/wp-content\/uploads\/2025\/02\/revelan-el-numero-de-departamentos-afectados-y-repararlos-puede-durar.jpg\"\/><span class=\"epigraphe\">IPor el incendio en la torre Renoir de Puerto Madero, 35 departamentos sufrieron da\u00f1os que demandar\u00e1n meses de reparaciones.  FOTO Francisco Loureiro <\/span><span class=\"bkg\"\/><span class=\"picture-open\"><button class=\"open-image\" aria-label=\"Open Image\"\/><\/span><\/picture><\/div>\n<div class=\"sc-80531b6b-0 chRIGJ container-text text-embed\">\n<p>Prev\u00e9 que la reconstrucci\u00f3n de la vivienda le demandar\u00e1 al menos un par de meses. As\u00ed que ahora se encuentra abocado a conseguir otro departamento para alquilar en el &#8220;mientras tanto&#8221;. <strong>Ventura es vecino de la torre desde hace 5 a\u00f1os.<\/strong><\/p>\n<\/div>\n<div class=\"sc-80531b6b-0 chRIGJ container-text text-embed\">\n<p>Cont\u00f3 que por momentos sinti\u00f3 mucha incertidumbre: &#8220;Por un lado por la angustia que atraves\u00f3 mi esposa. Que afortunadamente fue contenida por una psic\u00f3loga del SAME. Pero tambi\u00e9n porque en un momento vi la tarea de los bomberos y la forma en que luchaban con un foco que no lograban apagar. <strong>Fue desesperante&#8221;<\/strong>, relat\u00f3.<\/p>\n<\/div>\n<div class=\"sc-80531b6b-0 chRIGJ container-text text-embed\">\n<p>Una vez que se elabore el informe t\u00e9cnico de los peritos, se podr\u00e1 saber qu\u00e9 pas\u00f3 exactamente en los montantes. Conocer cu\u00e1l fue la falla que gener\u00f3 el incendio. Mientras tanto, los propietarios de los departamentos contin\u00faan con la dura tarea de evaluar los da\u00f1os y planificar los trabajos futuros para retornar a sus viviendas.<\/p>\n<\/div>\n<div class=\"sc-198be8ec-0 cynXbu image-embed  image-embed \"><picture class=\"sc-198be8ec-1 kOjRiQ\"><source media=\"(min-width: 975px)\" width=\"720\" height=\"480\" \/><img alt=\"Por el incendio en la torre Renoir de Puerto Madero, 35 departamentos sufrieron da\u00f1os que demandar\u00e1n meses de reparaciones.  FOTO Francisco Loureiro \" loading=\"lazy\" width=\"720\" height=\"480\" decoding=\"async\" data-nimg=\"1\" style=\"color:transparent\" src=\"https:\/\/13.com.ar\/wp-content\/uploads\/2025\/02\/1739390317_96_revelan-el-numero-de-departamentos-afectados-y-repararlos-puede-durar.jpg\"\/><span class=\"epigraphe\">Por el incendio en la torre Renoir de Puerto Madero, 35 departamentos sufrieron da\u00f1os que demandar\u00e1n meses de reparaciones.  FOTO Francisco Loureiro <\/span><span class=\"bkg\"\/><span class=\"picture-open\"><button class=\"open-image\" aria-label=\"Open Image\"\/><\/span><\/picture><\/div>\n<\/div>\n<p><br \/>\n<br \/><a href=\"https:\/\/www.clarin.com\/ciudades\/incendio-torre-puerto-madero-revelan-numero-departamentos-afectados-repararlos-puede-durar-meses_0_C0kNvvn1b6.html\">Fuente Clarin.com <\/a><\/p>\n","protected":false},"excerpt":{"rendered":"<p>A las 12.56 del martes los bomberos de la Ciudad recibieron un aviso de incendio y activaron el protocolo de intervenci\u00f3n; menos de doce horas despu\u00e9s, firmaron las actas de entrega de los 25 departamentos que fueron afectados por el fuego en la Torre Renoir II de Puerto Madero. As\u00ed, pasadas las 10 de la [&hellip;]<\/p>\n","protected":false},"author":1,"featured_media":4320,"comment_status":"open","ping_status":"open","sticky":false,"template":"","format":"standard","meta":{"footnotes":""},"categories":[2],"tags":[6377,1661,59,6379,155,1075,3570,136,6378,1351],"class_list":["post-4319","post","type-post","status-publish","format-standard","has-post-thumbnail","hentry","category-ultimas-noticias","tag-afectados","tag-departamentos","tag-dos","tag-durar","tag-mas","tag-meses","tag-numero","tag-puede","tag-repararlos","tag-revelan"],"_links":{"self":[{"href":"https:\/\/13.com.ar\/index.php\/wp-json\/wp\/v2\/posts\/4319","targetHints":{"allow":["GET"]}}],"collection":[{"href":"https:\/\/13.com.ar\/index.php\/wp-json\/wp\/v2\/posts"}],"about":[{"href":"https:\/\/13.com.ar\/index.php\/wp-json\/wp\/v2\/types\/post"}],"author":[{"embeddable":true,"href":"https:\/\/13.com.ar\/index.php\/wp-json\/wp\/v2\/users\/1"}],"replies":[{"embeddable":true,"href":"https:\/\/13.com.ar\/index.php\/wp-json\/wp\/v2\/comments?post=4319"}],"version-history":[{"count":0,"href":"https:\/\/13.com.ar\/index.php\/wp-json\/wp\/v2\/posts\/4319\/revisions"}],"wp:featuredmedia":[{"embeddable":true,"href":"https:\/\/13.com.ar\/index.php\/wp-json\/wp\/v2\/media\/4320"}],"wp:attachment":[{"href":"https:\/\/13.com.ar\/index.php\/wp-json\/wp\/v2\/media?parent=4319"}],"wp:term":[{"taxonomy":"category","embeddable":true,"href":"https:\/\/13.com.ar\/index.php\/wp-json\/wp\/v2\/categories?post=4319"},{"taxonomy":"post_tag","embeddable":true,"href":"https:\/\/13.com.ar\/index.php\/wp-json\/wp\/v2\/tags?post=4319"}],"curies":[{"name":"wp","href":"https:\/\/api.w.org\/{rel}","templated":true}]}}