{"id":4317,"date":"2025-02-12T16:49:29","date_gmt":"2025-02-12T19:49:29","guid":{"rendered":"https:\/\/13.com.ar\/index.php\/la-justicia-de-bolivia-rechaza-una-apelacion-de-evo-morales-y-confirma-la-orden-de-captura-en-su-contra\/"},"modified":"2025-02-12T16:49:29","modified_gmt":"2025-02-12T19:49:29","slug":"la-justicia-de-bolivia-rechaza-una-apelacion-de-evo-morales-y-confirma-la-orden-de-captura-en-su-contra","status":"publish","type":"post","link":"https:\/\/13.com.ar\/index.php\/la-justicia-de-bolivia-rechaza-una-apelacion-de-evo-morales-y-confirma-la-orden-de-captura-en-su-contra\/","title":{"rendered":"La Justicia de Bolivia rechaza una apelaci\u00f3n de Evo Morales y confirma la orden de captura en su contra"},"content":{"rendered":"<p> <br \/>\n<\/p>\n<div id=\"cuerpo\">\n<div class=\"sc-80531b6b-0 chRIGJ container-text text-embed\">\n<p>Un tribunal de Justicia rechaz\u00f3 un recurso de apelaci\u00f3n planteado por la defensa del ex presidente de Bolivia<strong> Evo Morales <\/strong>para paralizar la orden de aprehensi\u00f3n que hay en su contra por un caso de trata agravada de personas, por lo que la medida sigue vigente, seg\u00fan una resoluci\u00f3n difundida este mi\u00e9rcoles.<\/p>\n<\/div>\n<div class=\"sc-80531b6b-0 chRIGJ container-text text-embed\">\n<p>&#8220;La Sala Penal Primera del Tribunal Departamental de Justicia de Tarija <strong>declara inadmisible el recurso de apelaci\u00f3n<\/strong> incidental interpuesto por el abogado particular de Juan Evo Morales Ayma\u0094, se\u00f1ala la resoluci\u00f3n judicial que fue firmada y emitida el 27 de enero de este a\u00f1o.<\/p>\n<\/div>\n<div class=\"sc-80531b6b-0 chRIGJ container-text text-embed\">\n<p>Luego del rechazo de la apelaci\u00f3n, el juez a cargo del caso, Alberto Rocabado, ratific\u00f3 la orden de aprehensi\u00f3n contra Morales con una resoluci\u00f3n firmada en la v\u00edspera que la Polic\u00eda tiene que cumplir.<\/p>\n<\/div>\n<div class=\"sc-80531b6b-0 chRIGJ container-text text-embed\">\n<p>La Fiscal\u00eda investiga al ex mandatario por <strong>trata agravada de personas<\/strong>, en el que se lo acusa de haber mantenido una relaci\u00f3n con una menor de edad con quien habr\u00eda tenido un hijo en 2016 en Tarija, cuando \u00e9l ejerc\u00eda la presidencia.<\/p>\n<\/div>\n<div class=\"sc-198be8ec-0 cynXbu image-embed  image-embed \"><picture class=\"sc-198be8ec-1 kOjRiQ\"><source media=\"(min-width: 975px)\" width=\"720\" height=\"480\" \/><img alt=\"Evo Morales, en un acto con seguidores en Chimor\u00e9, en diciembre pasado. Foto: EFE   \" loading=\"lazy\" width=\"720\" height=\"480\" decoding=\"async\" data-nimg=\"1\" style=\"color:transparent\" src=\"https:\/\/13.com.ar\/wp-content\/uploads\/2025\/02\/La-Justicia-de-Bolivia-rechaza-una-apelacion-de-Evo-Morales.jpg\"\/><span class=\"epigraphe\">Evo Morales, en un acto con seguidores en Chimor\u00e9, en diciembre pasado. Foto: EFE   <\/span><span class=\"bkg\"\/><span class=\"picture-open\"><button class=\"open-image\" aria-label=\"Open Image\"\/><\/span><\/picture><\/div>\n<div class=\"sc-80531b6b-0 chRIGJ container-text text-embed\">\n<p>La resoluci\u00f3n judicial ratific\u00f3 adem\u00e1s la declaratoria de rebeld\u00eda contra Morales, emitida el 17 de enero, por no presentarse a dos audiencias cautelares ante el juez Rocabado.<\/p>\n<\/div>\n<div class=\"sc-80531b6b-0 chRIGJ container-text text-embed\">\n<p>&#8220;La resoluci\u00f3n impugnada al tratarse de una declaratoria de rebeld\u00eda no es susceptible de recurso ulterior. Esto se debe a que la rebeld\u00eda es considerada una consecuencia directa de la actitud procesal del imputado, quien no se presenta a la cita judicial sin una justificaci\u00f3n v\u00e1lida\u0094, se\u00f1ala el fallo judicial.<\/p>\n<\/div>\n<p><h2>Atrincherado<\/h2>\n<\/p>\n<div class=\"sc-80531b6b-0 chRIGJ container-text text-embed\">\n<p>El ministro de Gobierno (Interior), Eduardo del Castillo, afirm\u00f3 el d\u00eda anterior que la Polic\u00eda ya tiene una &#8220;orden de operaciones&#8221; y que solo esperan que Morales salga del Tr\u00f3pico de Cochabamba, su basti\u00f3n pol\u00edtico y sindical, donde permanece desde noviembre de 2024 protegido por centenares de cocaleros y campesinos.<\/p>\n<\/div>\n<div class=\"sc-80531b6b-0 chRIGJ container-text text-embed\">\n<p>En medio de un furioso enfrentamiento con el actual presidente, Luis Arce -de quien fue aliado y con quien ahora se disputa la candidatura presidencial- Morales se declar\u00f3 &#8220;perseguido&#8221; por el Ejecutivo para que no sea habilitado a presentarse en las elecciones generales previstas para el pr\u00f3ximo 17 de agosto.<\/p>\n<\/div>\n<div class=\"sc-80531b6b-0 chRIGJ container-text text-embed\">\n<p>El ex mandatario, tambi\u00e9n del oficialista Movimiento al Socialismo (MAS) dijo hace poco que &#8220;si no hay v\u00edctima, no hay delito&#8221;, al referirse a la mujer con quien supuestamente mantuvo una relaci\u00f3n cuando ella era menor de edad.<\/p>\n<\/div>\n<div class=\"sc-80531b6b-0 chRIGJ container-text text-embed\">\n<p>En octubre la Fiscal\u00eda ya emiti\u00f3 una orden de captura, ante la cual los seguidores del pol\u00edtico bloquearon carreteras durante 24 d\u00edas para evitar su detenci\u00f3n.<\/p>\n<\/div>\n<div class=\"sc-80531b6b-0 chRIGJ container-text text-embed\">\n<p>Adem\u00e1s del caso en Tarija, en la regi\u00f3n central de Cochabamba hay <strong>otras siete denuncias contra el ex presidente <\/strong>por presuntos abusos a menores.<\/p>\n<\/div>\n<div class=\"sc-80531b6b-0 chRIGJ container-text text-embed\">\n<p>La Justicia boliviana tambi\u00e9n le prohibi\u00f3 salir del pa\u00eds, dispuso la anotaci\u00f3n preventiva de sus bienes y el congelamiento de sus cuentas bancarias.<\/p>\n<\/div>\n<div class=\"sc-80531b6b-0 chRIGJ container-text text-embed\">\n<p>Los seguidores del ex mandatario advirtieron que realizan vigilias permanentes en todas las poblaciones del Tr\u00f3pico de Cochabamba y anunciaron que excavar\u00e1n pozos para evitar el aterrizaje de aviones o helic\u00f3pteros en la zona.<\/p>\n<\/div>\n<div class=\"sc-80531b6b-0 chRIGJ container-text text-embed\">\n<p>El proceso judicial agrava la relaci\u00f3n entre Morales y el presidente de Bolivia, Luis Arce, distanciados desde finales de 2021 por diferencias en la administraci\u00f3n del Estado y el control del MAS. <\/p>\n<\/div>\n<\/div>\n<p><br \/>\n<br \/><a href=\"https:\/\/www.clarin.com\/mundo\/justicia-bolivia-rechaza-apelacion-evo-morales-confirma-orden-captura_0_BJQ2zhcBSK.html\">Fuente Clarin.com <\/a><\/p>\n","protected":false},"excerpt":{"rendered":"<p>Un tribunal de Justicia rechaz\u00f3 un recurso de apelaci\u00f3n planteado por la defensa del ex presidente de Bolivia Evo Morales para paralizar la orden de aprehensi\u00f3n que hay en su contra por un caso de trata agravada de personas, por lo que la medida sigue vigente, seg\u00fan una resoluci\u00f3n difundida este mi\u00e9rcoles. &#8220;La Sala Penal [&hellip;]<\/p>\n","protected":false},"author":1,"featured_media":4318,"comment_status":"open","ping_status":"open","sticky":false,"template":"","format":"standard","meta":{"footnotes":""},"categories":[2],"tags":[6376,475,5218,4520,835,4637,964,4638,1185,6213,73],"class_list":["post-4317","post","type-post","status-publish","format-standard","has-post-thumbnail","hentry","category-ultimas-noticias","tag-apelacion","tag-bolivia","tag-captura","tag-confirma","tag-contra","tag-evo","tag-justicia","tag-morales","tag-orden","tag-rechaza","tag-una"],"_links":{"self":[{"href":"https:\/\/13.com.ar\/index.php\/wp-json\/wp\/v2\/posts\/4317","targetHints":{"allow":["GET"]}}],"collection":[{"href":"https:\/\/13.com.ar\/index.php\/wp-json\/wp\/v2\/posts"}],"about":[{"href":"https:\/\/13.com.ar\/index.php\/wp-json\/wp\/v2\/types\/post"}],"author":[{"embeddable":true,"href":"https:\/\/13.com.ar\/index.php\/wp-json\/wp\/v2\/users\/1"}],"replies":[{"embeddable":true,"href":"https:\/\/13.com.ar\/index.php\/wp-json\/wp\/v2\/comments?post=4317"}],"version-history":[{"count":0,"href":"https:\/\/13.com.ar\/index.php\/wp-json\/wp\/v2\/posts\/4317\/revisions"}],"wp:featuredmedia":[{"embeddable":true,"href":"https:\/\/13.com.ar\/index.php\/wp-json\/wp\/v2\/media\/4318"}],"wp:attachment":[{"href":"https:\/\/13.com.ar\/index.php\/wp-json\/wp\/v2\/media?parent=4317"}],"wp:term":[{"taxonomy":"category","embeddable":true,"href":"https:\/\/13.com.ar\/index.php\/wp-json\/wp\/v2\/categories?post=4317"},{"taxonomy":"post_tag","embeddable":true,"href":"https:\/\/13.com.ar\/index.php\/wp-json\/wp\/v2\/tags?post=4317"}],"curies":[{"name":"wp","href":"https:\/\/api.w.org\/{rel}","templated":true}]}}